{"id":6481,"date":"2016-10-19T03:00:55","date_gmt":"2016-10-19T05:00:55","guid":{"rendered":"http:\/\/blog.cancaonova.com\/tododemaria\/?p=6481"},"modified":"2016-10-18T23:06:10","modified_gmt":"2016-10-19T01:06:10","slug":"a-meditacao-a-partir-de-pequenos-pontos","status":"publish","type":"post","link":"https:\/\/blog.cancaonova.com\/tododemaria\/a-meditacao-a-partir-de-pequenos-pontos\/","title":{"rendered":"A medita\u00e7\u00e3o a partir de pequenos pontos"},"content":{"rendered":"<p style=\"text-align: left\"><b>Descubra como a medita\u00e7\u00e3o a partir de pequenos pontos pode nos ajudar a crescer na vida espiritual.<\/b><\/p>\n<p style=\"text-align: left\">Nesta aula do curso \u201cEnsina-nos a Orar\u201d, Padre Paulo Ricardo nos explica como meditar a partir de pequenos. A tradi\u00e7\u00e3o de meditar a partir de pequenos pontos j\u00e1 \u00e9 uma pr\u00e1tica consagrada na espiritualidade da Igreja Cat\u00f3lica. Trata-se de um m\u00e9todo muito simples, mas de riqueza e profundidade extraordin\u00e1rias.<\/p>\n<div id=\"attachment_6483\" style=\"width: 610px\" class=\"wp-caption aligncenter\"><a href=\"http:\/\/blog.cancaonova.com\/tododemaria\/files\/2016\/10\/A-medita\u00e7\u00e3o-a-partir-de-pequenos-pontos.jpg\"><img loading=\"lazy\" decoding=\"async\" aria-describedby=\"caption-attachment-6483\" class=\"size-full wp-image-6483\" src=\"http:\/\/blog.cancaonova.com\/tododemaria\/files\/2016\/10\/A-medita\u00e7\u00e3o-a-partir-de-pequenos-pontos.jpg\" alt=\"Descubra como a medita\u00e7\u00e3o a partir de pequenos pontos pode nos ajudar a crescer na vida espiritual.\" width=\"600\" height=\"330\" srcset=\"https:\/\/blog.cancaonova.com\/tododemaria\/files\/2016\/10\/A-medita\u00e7\u00e3o-a-partir-de-pequenos-pontos.jpg 600w, https:\/\/blog.cancaonova.com\/tododemaria\/files\/2016\/10\/A-medita\u00e7\u00e3o-a-partir-de-pequenos-pontos-300x165.jpg 300w\" sizes=\"(max-width: 600px) 100vw, 600px\" \/><\/a><p id=\"caption-attachment-6483\" class=\"wp-caption-text\">Santa Elisabete da Trindade<\/p><\/div>\n<p style=\"text-align: left\">No in\u00edcio do curso, tratamos da leitura orante. Mas, a partir do momento que come\u00e7amos realmente a progredir na medita\u00e7\u00e3o, aos poucos nos desprendemos dos livros e come\u00e7amos a notar que podemos simplesmente pegar um ponto de medita\u00e7\u00e3o, ou seja, algo que \u00e9 uma verdade. Ent\u00e3o, meditamos sobre este ponto e vemos que aquilo consegue \u201cplugar\u201d, ou seja, conseguimos, de alguma forma, na f\u00e9, entrar em contato com aquela como uma verdade amorosa.<!--more Continue lendo...--><\/p>\n<p style=\"text-align: center\"><strong><a href=\"http:\/\/feedburner.google.com\/fb\/a\/mailverify?uri=TodoDeMaria\" target=\"_blank\">Receba o conte\u00fado deste blog gratuitamente em seu e-mail.<\/a><\/strong><\/p>\n<p style=\"text-align: left\"><b>Livros com pequenos pontos meditativos<\/b><\/p>\n<p style=\"text-align: left\">H\u00e1 livros que n\u00e3o nos d\u00e3o verdadeiramente todo um texto desenvolvido, mas simplesmente pontos para medita\u00e7\u00e3o. No in\u00edcio de nossa vida de ora\u00e7\u00e3o, \u00e9 importante pegarmos textos mais longos, que consigam aquecer o nosso cora\u00e7\u00e3o. No entanto, quando nos habituamos \u00e0 ora\u00e7\u00e3o, bastam pequenos pontos de medita\u00e7\u00e3o. Inclusive, alguns m\u00e9todos de medita\u00e7\u00e3o, como o de S\u00e3o Sulp\u00edcio, recomendam que preparemos o ponto de medita\u00e7\u00e3o na noite anterior. Dormimos pensando naquela verdade e, no dia seguinte, fazemos a nossa ora\u00e7\u00e3o de medita\u00e7\u00e3o, de tal forma que vamos tornando-nos independentes dos livros.<\/p>\n<p style=\"text-align: left\">Um dos livros interessantes que colocam somente esses pontos meditativos \u00e9 o famoso livrinho &#8220;<i>Mensis Eucharisticus<\/i>&#8220;, que \u00e9 publicado aqui no Brasil pela CNBB, em portugu\u00eas, com o texto em latim afronte. Na medita\u00e7\u00e3o, disposta para cada dia do m\u00eas, h\u00e1 duas partes: a primeira parte \u00e9 uma prepara\u00e7\u00e3o para a comunh\u00e3o; e a segunda \u00e9 para depois da comunh\u00e3o, no momento da a\u00e7\u00e3o de gra\u00e7as.<\/p>\n<p style=\"text-align: left\"><b>A medita\u00e7\u00e3o na prepara\u00e7\u00e3o para a comunh\u00e3o<\/b><\/p>\n<p style=\"text-align: left\">No ponto de prepara\u00e7\u00e3o para a comunh\u00e3o a coisa \u00e9 muito simples. O livro simplesmente disp\u00f5e quem s\u00e3o as pessoas que se encontrar\u00e3o na comunh\u00e3o e a raz\u00e3o deste encontro: Quem vem? A quem vem? Por que vem?<\/p>\n<p style=\"text-align: left\">Como exemplo, na primeira parte da prepara\u00e7\u00e3o do s\u00e9timo dia tem o seguinte ponto de medita\u00e7\u00e3o: Quem vem? O Cristo esposo. O livro cita o texto do profeta Os\u00e9ias, em que Deus escolhe a esposa, uma esposa que, no entanto, O trair\u00e1 (cf. Os 2, 21-22).<\/p>\n<p style=\"text-align: left\">Na segunda parte, temos a resposta \u00e0 pergunta: a quem vem? \u00c0 sua esposa infiel que fornicou com muitos amantes (cf. Jr 3, 1). E agora, diante desse drama, Deus \u00e9 o esposo fiel e a esposa infiel somos n\u00f3s. Estamos diante de uma Presen\u00e7a, veja como o autor deixa claro aquilo que dissemos anteriormente ser importante: a advert\u00eancia de quem s\u00e3o as pessoas que se encontram. Tem que haver uma Presen\u00e7a, a presen\u00e7a Dele, de Esposo fiel e a nossa presen\u00e7a, de esposa infiel. Ao mesmo tempo, somos tamb\u00e9m levados a fazer um exame de consci\u00eancia, que \u00e9 uma coisa muito importante. Devemos perguntar humildemente quem somos n\u00f3s, como estamos nos apresentando diante de Deus?<\/p>\n<p style=\"text-align: left\">Na terceira parte, respondemos a pergunta: por que Ele vem? N\u00e3o para dar uma carta de div\u00f3rcio \u00e0 esposa, que somos n\u00f3s, mas para despos\u00e1-la novamente. Esta \u00e9 uma verdade. Sendo assim, podemos participar de toda Santa Missa tendo esta verdade diante dos nossos olhos, essa verdade que vai preparando o nosso cora\u00e7\u00e3o para receber Jesus na comunh\u00e3o.<\/p>\n<p style=\"text-align: left\"><strong>Assista ou ou\u00e7a aula do Padre Paulo Ricardo sobre a \u201c<a href=\"https:\/\/padrepauloricardo.org\/aulas\/meditacao-a-partir-de-pequenos-pontos\" target=\"_blank\">Medita\u00e7\u00e3o a partir de pequenos pontos<\/a>\u201d:<\/strong><\/p>\n<p style=\"text-align: left\"><iframe loading=\"lazy\" width=\"640\" height=\"360\" src=\"https:\/\/www.youtube-nocookie.com\/embed\/6vt0UoXeq90?rel=0&showinfo=0\" frameborder=\"0\" allowfullscreen><\/iframe><\/p>\n<p style=\"text-align: left\"><iframe loading=\"lazy\" width=\"100%\" height=\"166\" scrolling=\"no\" frameborder=\"no\" src=\"https:\/\/w.soundcloud.com\/player\/?url=https%3A\/\/api.soundcloud.com\/tracks\/278806034&color=ff5500&show_artwork=false\"><\/iframe><\/p>\n<p style=\"text-align: left\"><b>A medita\u00e7\u00e3o na a\u00e7\u00e3o de gra\u00e7as depois da comunh\u00e3o<\/b><\/p>\n<p style=\"text-align: left\">Para a a\u00e7\u00e3o de gra\u00e7as, o livro nos d\u00e1 novamente outros tr\u00eas pontos, voltados para a medita\u00e7\u00e3o a respeito das virtudes teologais.<\/p>\n<p style=\"text-align: left\">Primeira virtude teologal: a f\u00e9. Somos convidados a olhar com os olhos da f\u00e9 o Cristo, que acabamos de receber como Esposo amabil\u00edssimo (cf. Ez 16, 5-6; ao mesmo tempo, a olhar para a nossa alma como a esposa atra\u00edda por tantos dons do Esposo (cf. Os 14, 5). Ent\u00e3o, agora houve um encontro, acreditamos neste encontro, que Ele nos toca como Esposo, que est\u00e1 unido a n\u00f3s como a uma esposa.<\/p>\n<p style=\"text-align: left\">Se o primeiro ponto foi a f\u00e9, o segundo \u00e9 o amor: \u201cAma-O com toda liberdade\u201d<a href=\"#_ftn1\" name=\"_ftnref1\"><span style=\"font-family: Calibri, sans-serif\">[1]<\/span><\/a> (cf. 1 Cor 7, 4). Nesta segunda medita\u00e7\u00e3o, somos conduzidos para um ato de amor, um ato de f\u00e9, um ato de caridade.<\/p>\n<p style=\"text-align: left\">Por fim, neste terceiro ponto, somos chamados a fazer um ato de esperan\u00e7a: \u201cPede o esp\u00edrito de sabedoria\u201d<a href=\"#_ftn2\" name=\"_ftnref2\"><span style=\"font-family: Calibri, sans-serif\">[2]<\/span><\/a> (cf. Is 11, 2).<\/p>\n<p style=\"text-align: left\"><b>Dicas finais para uma medita\u00e7\u00e3o frutuosa<\/b><\/p>\n<p style=\"text-align: left\">\u00c9 interessante como o autor articula as coisas de forma que temos pontos para meditar sobre um mesmo tema. No entanto, n\u00e3o precisamos ficar presos no livro. Lemos uma frase e esta j\u00e1 nos conduz para uma ora\u00e7\u00e3o frutuosa. Nesses pequenos pontos, podemos rezar at\u00e9 mesmo por horas, se quisermos.<\/p>\n<p style=\"text-align: left\"><strong>Dicas de livros com pequenos pontos para medita\u00e7\u00e3o:<\/strong><\/p>\n<p><span style=\"font-size: medium\">CNBB. <\/span><a href=\"http:\/\/www.edicoescnbb.com.br\/mensis-eucharisticus-mes-eucaristico.html\"><span style=\"font-size: medium\"><i>Mensis Eucharisticus<\/i><\/span><span style=\"font-size: medium\"><i> \u2013 <\/i><\/span><span style=\"font-size: medium\">M\u00eas Eucar\u00edstico<\/span><\/a>.<\/p>\n<p style=\"text-align: left\">QUADRANTE. <a href=\"http:\/\/www.quadrante.com.br\/caminho\" target=\"_blank\">Caminho<\/a>.<\/p>\n<p style=\"text-align: left\">QUADRANTE. <a href=\"http:\/\/www.quadrante.com.br\/forja-edic-o-de-bolso\" target=\"_blank\">Forja<\/a>.<\/p>\n<p style=\"text-align: left\">QUADRANTE. <a href=\"http:\/\/www.quadrante.com.br\/sulco\" target=\"_blank\">Sulco<\/a>.<\/p>\n<p><strong>Links relacionados:<\/strong><\/p>\n<p>PADRE PAULO RICARDO.\u00a0<a href=\"https:\/\/padrepauloricardo.org\/episodios\/aprenda-a-rezar-rezando-com-padre-paulo-ricardo\" target=\"_blank\">Aprenda a rezar rezando, com Padre Paulo Ricardo<\/a>.<\/p>\n<p>PADRE PAULO RICARDO.\u00a0<a href=\"https:\/\/padrepauloricardo.org\/episodios\/projeto-terceira-morada\" target=\"_blank\">Projeto Terceira Morada<\/a>.<\/p>\n<p class=\"western\">TODO DE MARIA.\u00a0<a href=\"http:\/\/blog.cancaonova.com\/tododemaria\/mudar-de-vida-com-o-projeto-segunda-morada\/\" target=\"_blank\">Mudar de vida com o Projeto Segunda Morada<\/a>.<\/p>\n<p class=\"western\">TODO DE MARIA.\u00a0<a href=\"http:\/\/blog.cancaonova.com\/tododemaria\/padre-paulo-ricardo-ensina-nos-a-orar\/\" target=\"_blank\">Padre Paulo Ricardo ensina-nos a orar<\/a>.<\/p>\n<p class=\"western\"><strong>Refer\u00eancias:<\/strong><\/p>\n<hr align=\"left\" size=\"1\" width=\"250\" \/>\n<div id=\"ftn1\" dir=\"ltr\" style=\"text-align: left\">\n<p><a href=\"#_ftnref1\" name=\"_ftn1\"><span style=\"font-family: Calibri, sans-serif\">[1]<\/span><\/a>\u00a0 CNBB. <a href=\"http:\/\/www.edicoescnbb.com.br\/mensis-eucharisticus-mes-eucaristico.html\"><i>Mensis Eucharisticus<\/i><i> \u2013 <\/i>M\u00eas Eucar\u00edstico<\/a>, 7.<\/p>\n<\/div>\n<div id=\"ftn2\" dir=\"ltr\">\n<p style=\"text-align: left\"><a href=\"#_ftnref2\" name=\"_ftn2\"><span style=\"font-family: Calibri, sans-serif\">[2]<\/span><\/a>\u00a0 <i>Idem, ibidem.<\/i><\/p>\n<\/div>\n","protected":false},"excerpt":{"rendered":"<p>Descubra como a medita\u00e7\u00e3o a partir de pequenos pontos pode nos ajudar a crescer na vida espiritual. Nesta aula do curso \u201cEnsina-nos a Orar\u201d, Padre Paulo Ricardo nos explica como meditar a partir de pequenos. A tradi\u00e7\u00e3o de meditar a&#8230;<\/p>\n","protected":false},"author":4539,"featured_media":0,"comment_status":"open","ping_status":"open","sticky":false,"template":"","format":"standard","meta":{"_mi_skip_tracking":false,"_monsterinsights_sitenote_active":false,"_monsterinsights_sitenote_note":"","_monsterinsights_sitenote_category":0,"footnotes":""},"categories":[142576],"tags":[],"_links":{"self":[{"href":"https:\/\/blog.cancaonova.com\/tododemaria\/wp-json\/wp\/v2\/posts\/6481"}],"collection":[{"href":"https:\/\/blog.cancaonova.com\/tododemaria\/wp-json\/wp\/v2\/posts"}],"about":[{"href":"https:\/\/blog.cancaonova.com\/tododemaria\/wp-json\/wp\/v2\/types\/post"}],"author":[{"embeddable":true,"href":"https:\/\/blog.cancaonova.com\/tododemaria\/wp-json\/wp\/v2\/users\/4539"}],"replies":[{"embeddable":true,"href":"https:\/\/blog.cancaonova.com\/tododemaria\/wp-json\/wp\/v2\/comments?post=6481"}],"version-history":[{"count":4,"href":"https:\/\/blog.cancaonova.com\/tododemaria\/wp-json\/wp\/v2\/posts\/6481\/revisions"}],"predecessor-version":[{"id":6499,"href":"https:\/\/blog.cancaonova.com\/tododemaria\/wp-json\/wp\/v2\/posts\/6481\/revisions\/6499"}],"wp:attachment":[{"href":"https:\/\/blog.cancaonova.com\/tododemaria\/wp-json\/wp\/v2\/media?parent=6481"}],"wp:term":[{"taxonomy":"category","embeddable":true,"href":"https:\/\/blog.cancaonova.com\/tododemaria\/wp-json\/wp\/v2\/categories?post=6481"},{"taxonomy":"post_tag","embeddable":true,"href":"https:\/\/blog.cancaonova.com\/tododemaria\/wp-json\/wp\/v2\/tags?post=6481"}],"curies":[{"name":"wp","href":"https:\/\/api.w.org\/{rel}","templated":true}]}}