{"id":6501,"date":"2016-10-21T03:00:34","date_gmt":"2016-10-21T05:00:34","guid":{"rendered":"http:\/\/blog.cancaonova.com\/tododemaria\/?p=6501"},"modified":"2016-10-20T21:29:07","modified_gmt":"2016-10-20T23:29:07","slug":"conduzida-por-maria-ao-altar","status":"publish","type":"post","link":"https:\/\/blog.cancaonova.com\/tododemaria\/conduzida-por-maria-ao-altar\/","title":{"rendered":"Conduzida por Maria ao altar"},"content":{"rendered":"<p style=\"text-align: left\"><b>Conhe\u00e7a o testemunho de uma mulher que insistentemente pediu e foi conduzida ao altar pela Virgem Maria.<\/b><\/p>\n<p style=\"text-align: left\">A presen\u00e7a discreta da Sant\u00edssima Virgem Maria na vida de Priscila Dalcin a foi conduzindo ao altar. Sua hist\u00f3ria com a M\u00e3e de Deus come\u00e7ou a adolesc\u00eancia e permanece at\u00e9 hoje, marcando profundamente a sua vida. Principalmente nas horas mais dif\u00edceis, Nossa Senhora esteve sempre presente, socorrendo-a em todas as suas necessidades. Conhe\u00e7a este testemunho da presen\u00e7a amorosa da Virgem Maria na vida desta sua filha:<\/p>\n<div id=\"attachment_6508\" style=\"width: 610px\" class=\"wp-caption aligncenter\"><a href=\"http:\/\/blog.cancaonova.com\/tododemaria\/files\/2016\/10\/Conduzida-por-Maria-ao-altar1.jpg\"><img loading=\"lazy\" decoding=\"async\" aria-describedby=\"caption-attachment-6508\" class=\"size-full wp-image-6508\" src=\"http:\/\/blog.cancaonova.com\/tododemaria\/files\/2016\/10\/Conduzida-por-Maria-ao-altar1.jpg\" alt=\"Conhe\u00e7a o testemunho de uma mulher que insistentemente pediu e foi conduzida ao altar pela Virgem Maria.\" width=\"600\" height=\"330\" srcset=\"https:\/\/blog.cancaonova.com\/tododemaria\/files\/2016\/10\/Conduzida-por-Maria-ao-altar1.jpg 600w, https:\/\/blog.cancaonova.com\/tododemaria\/files\/2016\/10\/Conduzida-por-Maria-ao-altar1-300x165.jpg 300w\" sizes=\"(max-width: 600px) 100vw, 600px\" \/><\/a><p id=\"caption-attachment-6508\" class=\"wp-caption-text\">Priscila Dalcin no Acampamento de Ano Novo 2014 na Can\u00e7\u00e3o Nova<\/p><\/div>\n<p style=\"text-align: left\">Singela e discreta, Nossa Senhora sempre esteve ao meu lado. Por\u00e9m, mesmo com diversos sinais, eu n\u00e3o compreendia a Sua presen\u00e7a em minha vida e s\u00f3 a conheci ap\u00f3s uma longa caminhada. Protegida por seu manto, fui acolhida como filha, chamada a imitar Suas virtudes e a abandonar-me em Seus bra\u00e7os maternais. Qu\u00e3o doce e reconfortante \u00e9 poder estar com nossa M\u00e3e Sant\u00edssima!<!--more Continue lendo...--><\/p>\n<p style=\"text-align: center\"><strong><a href=\"http:\/\/feedburner.google.com\/fb\/a\/mailverify?uri=TodoDeMaria\" target=\"_blank\">Receba o conte\u00fado deste blog gratuitamente em seu e-mail.<\/a><\/strong><\/p>\n<p style=\"text-align: left\"><b>A consagra\u00e7\u00e3o a Virgem Maria<\/b><\/p>\n<p style=\"text-align: left\">A primeira vez que senti Sua presen\u00e7a foi aos 16 anos. O div\u00f3rcio dos meus pais gerou uma dor lancinante em todos n\u00f3s e, ao inv\u00e9s de nos unirmos, nossa fam\u00edlia desmembrou-se ainda mais. Era Natal e meus parentes tomaram seus rumos, deixando-me sozinha. Levada \u00e0 casa de uma amiga, o sil\u00eancio dilacerante da minha alma foi ocupado com a m\u00fasica que pairava no ambiente: \u201cNossa Senhora\u201d. Fiquei im\u00f3vel por alguns segundos. Aos pulos, meu cora\u00e7\u00e3o teve a certeza de que Ela me amparava naquele momento.<\/p>\n<p style=\"text-align: left\">Quatorze anos depois, veio a convers\u00e3o. Buscando conhecer melhor Nossa Senhora, pesquisei sobre o Seu poder contra as for\u00e7as infernais com o livro \u201cGuerra espiritual \u2013 ataque contra a mulher\u201d, da Comunidade Emanuel (RJ). Finalizei a leitura consagrando-me a ela, justamente em seu dia, 12 de outubro. Mais \u00e0 noite, em reuni\u00e3o na par\u00f3quia, algu\u00e9m me disse: \u201cenquanto voc\u00ea subia a rua, eu vi Nossa Senhora em seu rosto\u201d. Fiquei estupefata! O que ser\u00e1 que aquilo poderia significar?!<\/p>\n<p style=\"text-align: left\"><strong>Ou\u00e7a homilia do Padre Paulo Ricardo sobre o\u00a0\u201c<a href=\"https:\/\/padrepauloricardo.org\/episodios\/o-casamento-entre-deus-e-a-humanidade\" target=\"_blank\">O casamento entre Deus e a humanidade<\/a>\u201d:<\/strong><\/p>\n<p style=\"text-align: left\"><iframe loading=\"lazy\" width=\"100%\" height=\"166\" scrolling=\"no\" frameborder=\"no\" src=\"https:\/\/w.soundcloud.com\/player\/?url=https%3A\/\/api.soundcloud.com\/tracks\/119291201&color=ff6600&show_artwork=false\"><\/iframe><\/p>\n<p style=\"text-align: left\"><b>Na Can\u00e7\u00e3o Nova em busca do amor de sua vida<\/b><\/p>\n<p style=\"text-align: left\">Naquela \u00e9poca, j\u00e1 fazia um ano e meio que eu estava na Igreja e fiquei indignada como Deus ainda n\u00e3o tinha cumprido a Sua promessa em me dar uma fam\u00edlia. E n\u00e3o parava de reclamar, uma ladainha s\u00f3. Tr\u00eas pessoas ouviram meu choror\u00f4 e disseram-me: \u201cv\u00e1 para a Can\u00e7\u00e3o Nova\u201d. O que conclu\u00ed? \u201cVou encontrar meu marido na Can\u00e7\u00e3o Nova!\u201d. Eu nem fazia ideia do que era a Comunidade. Dei meu jeito e fui passar o Ano Novo no local. Convicta de que encontraria \u201co meu marido prometido\u201d, ca\u00e7ava com olhares a v\u00edtima do meu desespero. Mas dei-me conta do rid\u00edculo, renunciei e prostrei-me em ora\u00e7\u00e3o.<\/p>\n<p style=\"text-align: left\">Em dado momento, pensei em Nossa Senhora. Em d\u00favida, perguntei a Deus se Ela seria real ou se era apenas mais uma engana\u00e7\u00e3o de Satan\u00e1s. E se eu ficasse orando a vida toda para ela, chegasse no ju\u00edzo final e visse que n\u00e3o valeu de nada? Pois bem, na programa\u00e7\u00e3o do acampamento constava um luau, no qual participaria, mas, bastante cansada, desisti e me dirigi \u00e0 pousada. Mas Deus ordenou que eu fosse ao Sant\u00edssimo e ficasse por l\u00e1. Passado algum tempo, levantei-me ansiosa, mas, em tom de bronca, ouvi o Senhor: \u201cN\u00e3o ouse levantar da\u00ed! Fique at\u00e9 meia-noite\u201d. \u201cAh, fala s\u00e9rio Senhor!\u201d, sentei-me reclamando. No hor\u00e1rio estabelecido, sa\u00ed da capela e deparei-me com o luau. Pensei: \u201cj\u00e1 que estou aqui, vou ficar\u201d. Em meio \u00e0s ora\u00e7\u00f5es de cura e liberta\u00e7\u00e3o, um jovem manifestou a presen\u00e7a do inimigo. Ele pulava como um sapo, contorcia-se todo e gritava: \u201cele \u00e9 meu, ele \u00e9 meu\u201d. Continuamos em ora\u00e7\u00e3o e todas as vezes que o mission\u00e1rio citava o nome de Maria Sant\u00edssima, o rapaz manifestado gritava enfurecido: \u201ceu odeio ela, eu odeio ela\u201d (sic).<\/p>\n<p style=\"text-align: left\"><strong>Assista ou ou\u00e7a programa do Padre Paulo Ricardo sobre \u201c<a href=\"https:\/\/padrepauloricardo.org\/episodios\/virgindade-e-espiritualidade\" target=\"_blank\">Virgindade e Espiritualidade<\/a>\u201d:<\/strong><\/p>\n<p style=\"text-align: left\"><iframe loading=\"lazy\" width=\"640\" height=\"360\" src=\"https:\/\/www.youtube-nocookie.com\/embed\/jcuREUmn_5M?rel=0&showinfo=0\" frameborder=\"0\" allowfullscreen><\/iframe><\/p>\n<p style=\"text-align: left\"><iframe loading=\"lazy\" width=\"100%\" height=\"166\" scrolling=\"no\" frameborder=\"no\" src=\"https:\/\/w.soundcloud.com\/player\/?url=https%3A\/\/api.soundcloud.com\/tracks\/91432160&color=ff6600&show_artwork=false\"><\/iframe><\/p>\n<p style=\"text-align: left\"><b>O matrim\u00f4nio com a Igreja Cat\u00f3lica<\/b><\/p>\n<p style=\"text-align: left\">Lembrei-me ent\u00e3o do livro que li sobre o poder da Virgem Maria contra o inimigo de Deus, da sincera d\u00favida que elevei aos c\u00e9us e a resposta que o Senhor estava me dando. Entendi perfeitamente que tinha permanecido por tr\u00eas horas no Sant\u00edssimo, em uma espera incompreens\u00edvel, para que Deus fizesse a Sua obra na minha vida. Grande \u00e9 o valor da obedi\u00eancia!<\/p>\n<p style=\"text-align: left\">N\u00e3o encontrei o meu t\u00e3o prometido Jos\u00e9 na Can\u00e7\u00e3o Nova, mas subi ao altar, conduzida por Maria Sant\u00edssima, e selei o meu matrim\u00f4nio com a Igreja Cat\u00f3lica. Dei o meu \u201csim\u201d, em todas as circunst\u00e2ncias. N\u00e3o se desiste de um casamento, n\u00e3o \u00e9 verdade?! Assumida filha de Maria, pela Igreja de Cristo, Nela e por Ela, \u00e9 amor, \u00e9 decis\u00e3o, \u00e9 para sempre. Tem como n\u00e3o amar essa Igreja?! Imposs\u00edvel!<\/p>\n<p style=\"text-align: left\">Salve Maria Imaculada!<\/p>\n<p style=\"text-align: left\">Priscila Dalcin.<\/p>\n<p style=\"text-align: left\">Par\u00f3quia Santo Agostinho, RJ.<\/p>\n<p style=\"text-align: left\"><strong>Links relacionados:<\/strong><\/p>\n<p style=\"text-align: left\">PADRE PAULO RICARDO.\u00a0<a href=\"https:\/\/padrepauloricardo.org\/episodios\/pudor-e-modestia\" target=\"_blank\">Pudor e mod\u00e9stia<\/a>.<\/p>\n<p style=\"text-align: left\">TODO DE MARIA.\u00a0<a href=\"http:\/\/blog.cancaonova.com\/tododemaria\/tudo-recebi-das-maos-de-nossa-senhora\/\" target=\"_blank\">Tudo recebi das m\u00e3os de Nossa Senhora<\/a>.<\/p>\n<p style=\"text-align: left\">TODO DE MARIA.\u00a0<a href=\"http:\/\/blog.cancaonova.com\/tododemaria\/meu-espelho-ha-de-ser-a-virgem-maria\/\" target=\"_blank\">Meu espelho h\u00e1 de ser a Virgem Maria<\/a>.<\/p>\n<p style=\"text-align: left\">TODO DE MARIA.\u00a0<a href=\"http:\/\/blog.cancaonova.com\/tododemaria\/a-consagracao-de-caio-a-maria\/\" target=\"_blank\">A consagra\u00e7\u00e3o de Caio a Maria<\/a>.<\/p>\n","protected":false},"excerpt":{"rendered":"<p>Conhe\u00e7a o testemunho de uma mulher que insistentemente pediu e foi conduzida ao altar pela Virgem Maria. A presen\u00e7a discreta da Sant\u00edssima Virgem Maria na vida de Priscila Dalcin a foi conduzindo ao altar. Sua hist\u00f3ria com a M\u00e3e de&#8230;<\/p>\n","protected":false},"author":4539,"featured_media":0,"comment_status":"open","ping_status":"open","sticky":false,"template":"","format":"standard","meta":{"_mi_skip_tracking":false,"_monsterinsights_sitenote_active":false,"_monsterinsights_sitenote_note":"","_monsterinsights_sitenote_category":0,"footnotes":""},"categories":[101],"tags":[],"_links":{"self":[{"href":"https:\/\/blog.cancaonova.com\/tododemaria\/wp-json\/wp\/v2\/posts\/6501"}],"collection":[{"href":"https:\/\/blog.cancaonova.com\/tododemaria\/wp-json\/wp\/v2\/posts"}],"about":[{"href":"https:\/\/blog.cancaonova.com\/tododemaria\/wp-json\/wp\/v2\/types\/post"}],"author":[{"embeddable":true,"href":"https:\/\/blog.cancaonova.com\/tododemaria\/wp-json\/wp\/v2\/users\/4539"}],"replies":[{"embeddable":true,"href":"https:\/\/blog.cancaonova.com\/tododemaria\/wp-json\/wp\/v2\/comments?post=6501"}],"version-history":[{"count":6,"href":"https:\/\/blog.cancaonova.com\/tododemaria\/wp-json\/wp\/v2\/posts\/6501\/revisions"}],"predecessor-version":[{"id":6510,"href":"https:\/\/blog.cancaonova.com\/tododemaria\/wp-json\/wp\/v2\/posts\/6501\/revisions\/6510"}],"wp:attachment":[{"href":"https:\/\/blog.cancaonova.com\/tododemaria\/wp-json\/wp\/v2\/media?parent=6501"}],"wp:term":[{"taxonomy":"category","embeddable":true,"href":"https:\/\/blog.cancaonova.com\/tododemaria\/wp-json\/wp\/v2\/categories?post=6501"},{"taxonomy":"post_tag","embeddable":true,"href":"https:\/\/blog.cancaonova.com\/tododemaria\/wp-json\/wp\/v2\/tags?post=6501"}],"curies":[{"name":"wp","href":"https:\/\/api.w.org\/{rel}","templated":true}]}}