{"id":6554,"date":"2016-11-02T15:00:37","date_gmt":"2016-11-02T17:00:37","guid":{"rendered":"http:\/\/blog.cancaonova.com\/tododemaria\/?p=6554"},"modified":"2016-11-02T13:17:20","modified_gmt":"2016-11-02T15:17:20","slug":"o-que-e-a-oracao-de-recolhimento-ativo","status":"publish","type":"post","link":"https:\/\/blog.cancaonova.com\/tododemaria\/o-que-e-a-oracao-de-recolhimento-ativo\/","title":{"rendered":"O que \u00e9 a ora\u00e7\u00e3o de recolhimento ativo?"},"content":{"rendered":"<p style=\"text-align: left\"><b>Saiba o que \u00e9 a ora\u00e7\u00e3o de recolhimento ativo e como esta pr\u00e1tica pode produzir muitos frutos em nossa vida espiritual.<\/b><\/p>\n<p style=\"text-align: left\">Nesta aula do curso \u201cEnsina-nos a Orar\u201d, Padre Paulo Ricardo nos explica o que \u00e9 a ora\u00e7\u00e3o de recolhimento ativo ou ora\u00e7\u00e3o de simplicidade. Este recolhimento da alma em ora\u00e7\u00e3o tem suas caracter\u00edsticas e exig\u00eancias pr\u00f3prias, para que produza bons frutos em nossas almas. Al\u00e9m disso, h\u00e1 graus de recolhimento da alma, conforme o empenho da nossa vontade. Quanto mais nos recolhemos, mais e melhores frutos colheremos de nossa ora\u00e7\u00e3o na presen\u00e7a de Deus.<\/p>\n<div id=\"attachment_6561\" style=\"width: 610px\" class=\"wp-caption aligncenter\"><a href=\"http:\/\/blog.cancaonova.com\/tododemaria\/files\/2016\/11\/O-que-\u00e9-a-ora\u00e7\u00e3o-de-recolhimento-ativo2.jpg\"><img loading=\"lazy\" decoding=\"async\" aria-describedby=\"caption-attachment-6561\" class=\"size-full wp-image-6561\" src=\"http:\/\/blog.cancaonova.com\/tododemaria\/files\/2016\/11\/O-que-\u00e9-a-ora\u00e7\u00e3o-de-recolhimento-ativo2.jpg\" alt=\"Saiba o que \u00e9 a ora\u00e7\u00e3o de recolhimento ativo e como esta pr\u00e1tica pode produzir muitos frutos em nossa vida espiritual.\" width=\"600\" height=\"330\" srcset=\"https:\/\/blog.cancaonova.com\/tododemaria\/files\/2016\/11\/O-que-\u00e9-a-ora\u00e7\u00e3o-de-recolhimento-ativo2.jpg 600w, https:\/\/blog.cancaonova.com\/tododemaria\/files\/2016\/11\/O-que-\u00e9-a-ora\u00e7\u00e3o-de-recolhimento-ativo2-300x165.jpg 300w\" sizes=\"(max-width: 600px) 100vw, 600px\" \/><\/a><p id=\"caption-attachment-6561\" class=\"wp-caption-text\">Monsenhor Jonas Abib em a\u00e7\u00e3o de gra\u00e7as depois da comunh\u00e3o.<\/p><\/div>\n<p style=\"text-align: left\">Quando progredimos na medita\u00e7\u00e3o, percebemos uma realidade que Santa Teresa de Jesus, tamb\u00e9m conhecida como Santa Teresa d\u2019\u00c0vila, s\u00f3 descobriu quando lhe deram de presente o livro das \u201cConfiss\u00f5es\u201d, de Santo Agostinho. Com o Doutor da Gra\u00e7a, ela aprendeu que Deus habita em n\u00f3s. Jesus, o pr\u00f3prio Deus feito homem, traz para o nosso cora\u00e7\u00e3o a presen\u00e7a da Sant\u00edssima Trindade, que Agostinho buscava fora de si. Esta busca, que \u00e9 tamb\u00e9m a busca de cada um de\u00a0n\u00f3s, foi expressa em suas c\u00e9lebres e memor\u00e1veis palavras dirigidas a Deus: \u201cTarde te amei, \u00f3 Beleza t\u00e3o antiga e t\u00e3o nova, tarde te amei! Estavas dentro de mim e eu estava fora, e a\u00ed te procurava\u2026 Estavas comigo e eu n\u00e3o estava contigo\u201d<a href=\"#_ftn1\" name=\"_ftnref1\"><span style=\"font-family: Calibri, sans-serif\">[1]<\/span><\/a>.<!--more Continue lendo...--><\/p>\n<p style=\"text-align: center\"><strong><a href=\"http:\/\/feedburner.google.com\/fb\/a\/mailverify?uri=TodoDeMaria\" target=\"_blank\">Receba o conte\u00fado deste blog gratuitamente em seu e-mail.<\/a><\/strong><\/p>\n<p style=\"text-align: left\"><b>O que \u00e9 a ora\u00e7\u00e3o de recolhimento ativo da alma?<\/b><\/p>\n<p style=\"text-align: left\">A ora\u00e7\u00e3o de recolhimento ativo come\u00e7a com a gra\u00e7a da consci\u00eancia dessa presen\u00e7a de Deus, Pai, Filho e Esp\u00edrito Santo, em n\u00f3s. Primeiramente, habituamo-nos \u00e0 realidade da <a href=\"https:\/\/padrepauloricardo.org\/episodios\/6-domingo-da-pascoa-a-alma-dos-justos-e-morada-de-deus\">inabita\u00e7\u00e3o trinit\u00e1ria<\/a> atrav\u00e9s da comunh\u00e3o eucar\u00edstica. Mas, depois seremos capazes de notar que esta presen\u00e7a est\u00e1 l\u00e1, em nosso esp\u00edrito, tamb\u00e9m quando n\u00e3o comungamos e ent\u00e3o come\u00e7amos a nos recolher. Por que isso acontece? Porque passamos a notar que Deus \u00e9 o \u201ctesouro escondido\u201d do Evangelho, \u00e9 o \u201cReino dos C\u00e9us\u201d (Mt 13, 44), que est\u00e1 dentro de n\u00f3s (cf. Lc 17, 21).<\/p>\n<p style=\"text-align: left\">Insistimos em dizer que este recolhimento \u00e9 ativo porque existe um outro recolhimento, m\u00edstico, passivo, em que a nossa alma \u00e9 levada por Deus a se recolher. No entanto, n\u00e3o estamos falando disto ainda. N\u00f3s estamos tratando de um esfor\u00e7o da alma, que vai se recolhendo interiormente. Aos poucos, este esfor\u00e7o vai se tornando cada vez mais f\u00e1cil, de tal forma que nos habituamos a nos recolher interiormente.<\/p>\n<p style=\"text-align: left\"><b>As exig\u00eancias da ora\u00e7\u00e3o de recolhimento ativo da alma<\/b><\/p>\n<p style=\"text-align: left\">Santa Teresa d\u2019\u00c1vila descreve de forma extraordin\u00e1ria essa realidade do recolhimento ativo, no cap\u00edtulo 28 do seu cl\u00e1ssico livro de espiritualidade: \u201cCaminho de Perfei\u00e7\u00e3o\u201d. Vejamos brevemente algumas passagens desse precioso cap\u00edtulo 28, porque ningu\u00e9m melhor do que Santa Teresa para descrever aquilo que n\u00f3s podemos experimentar com esta ora\u00e7\u00e3o de recolhimento.<\/p>\n<p style=\"text-align: left\">Em primeiro lugar, ela diz assim que \u201ceste modo de rezar, \u2013 ou seja, de ver que o Rei est\u00e1 dentro do nosso cora\u00e7\u00e3o, que a sua Majestade est\u00e1 em n\u00f3s \u2013 mesmo vocalmente, recolhe o intelecto com muito mais rapidez\u201d<a href=\"#_ftn2\" name=\"_ftnref2\"><span style=\"font-family: Calibri, sans-serif\">[2]<\/span><\/a>. Porque, \u00e9 evidente, quando temos consci\u00eancia da presen\u00e7a do Criador do C\u00e9u e da Terra dentro de n\u00f3s, n\u00e3o h\u00e1 raz\u00e3o para nos perder olhando para as criaturas fora de n\u00f3s?<\/p>\n<p style=\"text-align: left\">Ent\u00e3o, uma das caracter\u00edsticas da pessoa que consegue rezar desta maneira, que se esfor\u00e7a para rezar desse modo, \u00e9 que ela vai se acostumando a fechar os olhos durante a ora\u00e7\u00e3o. Pois, ela sabe quem \u00e9 o H\u00f3spede de sua alma. A esse respeito, Santa Teresa faz uma compara\u00e7\u00e3o: o recolhimento \u00e9 como se estiv\u00e9ssemos em um pal\u00e1cio real; temos tantas coisas preciosas dentro de n\u00f3s, da nossa alma, que n\u00e3o temos motivos para olhar pela janela, n\u00e3o temos raz\u00f5es para olhar para fora do pal\u00e1cio. Nesse sentido, Teresa de Jesus descreve a ora\u00e7\u00e3o de recolhimento: \u201c\u00c9 um retirar os sentidos das coisas exteriores, abandonando-as de tal maneira que, sem compreender, ela v\u00ea os seus olhos se fecharem para n\u00e3o as contemplar e para que mais se desperte a vis\u00e3o das coisas espirituais\u201d<a href=\"#_ftn3\" name=\"_ftnref3\"><span style=\"font-family: Calibri, sans-serif\">[3]<\/span><\/a>. Ent\u00e3o, a alma que est\u00e1 em recolhimento ativo, diz Santa Teresa: \u201cquase sempre que reza tem os olhos fechados\u201d<a href=\"#_ftn4\" name=\"_ftnref4\"><span style=\"font-family: Calibri, sans-serif\">[4]<\/span><\/a>.<\/p>\n<p style=\"text-align: left\"><strong>Assista ou ou\u00e7a aula do Padre Paulo Ricardo sobre \u201c<a href=\"https:\/\/padrepauloricardo.org\/aulas\/o-que-e-recolhimento-ativo\" target=\"_blank\">O que \u00e9 recolhimento ativo?<\/a>\u201d:<\/strong><\/p>\n<p style=\"text-align: left\"><iframe loading=\"lazy\" width=\"640\" height=\"360\" src=\"https:\/\/www.youtube-nocookie.com\/embed\/q2zTVy8Q_ZE?rel=0&showinfo=0\" frameborder=\"0\" allowfullscreen><\/iframe><\/p>\n<p style=\"text-align: left\"><iframe loading=\"lazy\" width=\"100%\" height=\"166\" scrolling=\"no\" frameborder=\"no\" src=\"https:\/\/w.soundcloud.com\/player\/?url=https%3A\/\/api.soundcloud.com\/tracks\/280910695&color=ff5500&show_artwork=false\"><\/iframe><\/p>\n<p style=\"text-align: left\"><b>Os graus da ora\u00e7\u00e3o de recolhimento ativo da alma<\/b><\/p>\n<p style=\"text-align: left\">Quanto a esse recolhimento ativo, a pr\u00f3pria Santa Teresa nos diz que h\u00e1 graus inferiores e superiores, graus maiores e menores. N\u00e3o nos recolhemos ativamente todos no mesmo grau. Aos poucos, n\u00f3s nos habituamos e \u00e9 uma coisa t\u00e3o ativa que depende muito da nossa coopera\u00e7\u00e3o. Teresa d\u2019\u00c1vila diz tamb\u00e9m que, reconhecendo que h\u00e1 v\u00e1rios graus, se n\u00f3s nos fizermos esta \u201cviol\u00eancia\u201d, alcan\u00e7aremos um grande fruto espiritual<a href=\"#_ftn5\" name=\"_ftnref5\"><span style=\"font-family: Calibri, sans-serif\">[5]<\/span><\/a>. Ent\u00e3o, com o recolhimento ativo da alma n\u00f3s estaremos nos preparando para a ora\u00e7\u00e3o mais contemplativa, na qual o pr\u00f3prio Deus vir\u00e1 para nos tomar para si.<\/p>\n<p style=\"text-align: left\">Por fim, Santa Teresa ent\u00e3o diz uma coisa muito importante para aquelas pessoas que precipitadamente pensam que j\u00e1 est\u00e3o na ora\u00e7\u00e3o m\u00edstica. Ela conclui o cap\u00edtulo 28 dizendo que Deus n\u00e3o se entrega inteiramente a quem n\u00e3o se entrega por inteiro<a href=\"#_ftn6\" name=\"_ftnref6\"><span style=\"font-family: Calibri, sans-serif\">[6]<\/span><\/a>. Se n\u00f3s ainda guardamos uma \u201creserva t\u00e9cnica\u201d, dizendo: Senhor, eu te dou isso, isso e isso, mas deixa intacto isso aqui \u2013 n\u00e3o passaremos para a ora\u00e7\u00e3o m\u00edstica. Pois, Deus n\u00e3o se entrega por inteiro para quem n\u00e3o se entrega a Ele por inteiro<a href=\"#_ftn7\" name=\"_ftnref7\"><span style=\"font-family: Calibri, sans-serif\">[7]<\/span><\/a>.<\/p>\n<p><b>Ora\u00e7\u00e3o de Santo Agostinho<\/b><\/p>\n<blockquote><p>Tarde demais eu te amei, \u00f3 Beleza t\u00e3o antiga e t\u00e3o nova! Tarde demais eu te amei! E eis que tu estavas dentro de mim, enquanto eu estava fora: era l\u00e1 fora que te procurava. Criatura deformada, mergulhei de cabe\u00e7a nesses objetos de beleza que tu criaste. Tu estavas comigo, mas eu n\u00e3o estava contigo. Elas me detiveram longe de ti, essas coisas belas que, se n\u00e3o estivessem em ti, simplesmente n\u00e3o existiriam. Tu me chamaste, gritaste e rompeste minha surdez. Tu reluziste, brilhaste e aniquilaste minha cegueira. Tu espalhaste doces perfumes, e eu os inalei e suspirei por ti. Degustei, e senti fome e sede. Tu me tocaste, e eu senti um desejo ardente de tua paz<a href=\"#_ftn8\" name=\"_ftnref6\"><span style=\"font-family: Calibri, sans-serif\">[8]<\/span><\/a>.<\/p><\/blockquote>\n<p><strong>Links relacionados:<\/strong><\/p>\n<p>PADRE PAULO RICARDO.\u00a0<a href=\"https:\/\/padrepauloricardo.org\/episodios\/aprenda-a-rezar-rezando-com-padre-paulo-ricardo\" target=\"_blank\">Aprenda a rezar rezando, com Padre Paulo Ricardo<\/a>.<\/p>\n<p>PADRE PAULO RICARDO.\u00a0<a href=\"https:\/\/padrepauloricardo.org\/episodios\/projeto-terceira-morada\" target=\"_blank\">Projeto Terceira Morada<\/a>.<\/p>\n<p class=\"western\">TODO DE MARIA.\u00a0<a href=\"http:\/\/blog.cancaonova.com\/tododemaria\/mudar-de-vida-com-o-projeto-segunda-morada\/\" target=\"_blank\">Mudar de vida com o Projeto Segunda Morada<\/a>.<\/p>\n<p class=\"western\">TODO DE MARIA.\u00a0<a href=\"http:\/\/blog.cancaonova.com\/tododemaria\/padre-paulo-ricardo-ensina-nos-a-orar\/\" target=\"_blank\">Padre Paulo Ricardo ensina-nos a orar<\/a>.<\/p>\n<p><strong>Refer\u00eancias:<\/strong><\/p>\n<hr align=\"left\" size=\"1\" width=\"250\" \/>\n<div id=\"ftn1\" dir=\"ltr\" style=\"text-align: left\">\n<p><a href=\"#_ftnref1\" name=\"_ftn1\"><span style=\"font-family: Calibri, sans-serif\">[1]<\/span><\/a>\u00a0 SANTO AGOSTINHO. Confiss\u00f5es, X, 38.<\/p>\n<\/div>\n<div id=\"ftn2\" dir=\"ltr\" style=\"text-align: left\">\n<p><a href=\"#_ftnref2\" name=\"_ftn2\"><span style=\"font-family: Calibri, sans-serif\">[2]<\/span><\/a>\u00a0 SANTA TERESA DE JESUS. Caminho de Perfei\u00e7\u00e3o, C 28, 4.<\/p>\n<\/div>\n<div id=\"ftn3\" dir=\"ltr\" style=\"text-align: left\">\n<p><a href=\"#_ftnref3\" name=\"_ftn3\"><span style=\"font-family: Calibri, sans-serif\">[3]<\/span><\/a> \u00a0<i>Idem,<\/i> C 28, 6.<\/p>\n<\/div>\n<div id=\"ftn4\" dir=\"ltr\" style=\"text-align: left\">\n<p><a href=\"#_ftnref4\" name=\"_ftn4\"><span style=\"font-family: Calibri, sans-serif\">[4]<\/span><\/a>\u00a0 <i>Idem, ibidem.<\/i><\/p>\n<\/div>\n<div id=\"ftn5\" dir=\"ltr\" style=\"text-align: left\">\n<p><a href=\"#_ftnref5\" name=\"_ftn5\"><span style=\"font-family: Calibri, sans-serif\">[5]<\/span><\/a>\u00a0 Cf. <i>Idem,<\/i> C 28, 7.<\/p>\n<\/div>\n<div id=\"ftn6\" dir=\"ltr\" style=\"text-align: left\">\n<p><a href=\"#_ftnref6\" name=\"_ftn6\"><span style=\"font-family: Calibri, sans-serif\">[6]<\/span><\/a>\u00a0 Cf. <i>Idem,<\/i> C 28, 12.<\/p>\n<\/div>\n<div id=\"ftn7\" dir=\"ltr\">\n<p style=\"text-align: left\"><a href=\"#_ftnref7\" name=\"_ftn7\"><span style=\"font-family: Calibri, sans-serif\">[7]<\/span><\/a>\u00a0 Cf. <i>Idem, ibidem.<\/i><\/p>\n<p style=\"text-align: left\"><a href=\"#_ftnref8\" name=\"_ftn8\"><span style=\"font-family: Calibri, sans-serif\">[8]<\/span><\/a>\u00a0 SANTO AGOSTINHO. <em>Op. cit.<\/em>, X, 38.<\/p>\n<\/div>\n","protected":false},"excerpt":{"rendered":"<p>Saiba o que \u00e9 a ora\u00e7\u00e3o de recolhimento ativo e como esta pr\u00e1tica pode produzir muitos frutos em nossa vida espiritual. Nesta aula do curso \u201cEnsina-nos a Orar\u201d, Padre Paulo Ricardo nos explica o que \u00e9 a ora\u00e7\u00e3o de recolhimento&#8230;<\/p>\n","protected":false},"author":4539,"featured_media":0,"comment_status":"open","ping_status":"open","sticky":false,"template":"","format":"standard","meta":{"_mi_skip_tracking":false,"_monsterinsights_sitenote_active":false,"_monsterinsights_sitenote_note":"","_monsterinsights_sitenote_category":0,"footnotes":""},"categories":[142576],"tags":[],"_links":{"self":[{"href":"https:\/\/blog.cancaonova.com\/tododemaria\/wp-json\/wp\/v2\/posts\/6554"}],"collection":[{"href":"https:\/\/blog.cancaonova.com\/tododemaria\/wp-json\/wp\/v2\/posts"}],"about":[{"href":"https:\/\/blog.cancaonova.com\/tododemaria\/wp-json\/wp\/v2\/types\/post"}],"author":[{"embeddable":true,"href":"https:\/\/blog.cancaonova.com\/tododemaria\/wp-json\/wp\/v2\/users\/4539"}],"replies":[{"embeddable":true,"href":"https:\/\/blog.cancaonova.com\/tododemaria\/wp-json\/wp\/v2\/comments?post=6554"}],"version-history":[{"count":8,"href":"https:\/\/blog.cancaonova.com\/tododemaria\/wp-json\/wp\/v2\/posts\/6554\/revisions"}],"predecessor-version":[{"id":6563,"href":"https:\/\/blog.cancaonova.com\/tododemaria\/wp-json\/wp\/v2\/posts\/6554\/revisions\/6563"}],"wp:attachment":[{"href":"https:\/\/blog.cancaonova.com\/tododemaria\/wp-json\/wp\/v2\/media?parent=6554"}],"wp:term":[{"taxonomy":"category","embeddable":true,"href":"https:\/\/blog.cancaonova.com\/tododemaria\/wp-json\/wp\/v2\/categories?post=6554"},{"taxonomy":"post_tag","embeddable":true,"href":"https:\/\/blog.cancaonova.com\/tododemaria\/wp-json\/wp\/v2\/tags?post=6554"}],"curies":[{"name":"wp","href":"https:\/\/api.w.org\/{rel}","templated":true}]}}