{"id":6587,"date":"2016-11-14T03:00:17","date_gmt":"2016-11-14T05:00:17","guid":{"rendered":"http:\/\/blog.cancaonova.com\/tododemaria\/?p=6587"},"modified":"2016-11-13T22:26:42","modified_gmt":"2016-11-14T00:26:42","slug":"santuario-de-aparecida-nova-igreja-catedral","status":"publish","type":"post","link":"https:\/\/blog.cancaonova.com\/tododemaria\/santuario-de-aparecida-nova-igreja-catedral\/","title":{"rendered":"Santu\u00e1rio de Aparecida, nova Igreja-Catedral"},"content":{"rendered":"<p style=\"text-align: left\"><b>Papa Francisco concede o t\u00edtulo de Igreja-Catedral ao Santu\u00e1rio Nacional de Aparecida.<\/b><\/p>\n<p style=\"text-align: left\">Neste s\u00e1bado (12), durante a Santa Missa celebrada \u00e0s 9 horas da manh\u00e3, foi promulgado o decreto da Congrega\u00e7\u00e3o para os Bispos, que concede ao Santu\u00e1rio Nacional de Nossa Senhora da Concei\u00e7\u00e3o Aparecida o t\u00edtulo de Igreja-Catedral. O t\u00edtulo foi concedido por Monsenhor Marcel Smejkal, delegado do N\u00fancio Apost\u00f3lico no Brasil, Dom Giovanni d\u2019Aniello. A celebra\u00e7\u00e3o foi presidida pelo Cardeal Dom Raymundo Damasceno Assis, Arcebispo de Aparecida (SP), que agora tem sua C\u00e1tedra no Santu\u00e1rio.<\/p>\n<div id=\"attachment_6591\" style=\"width: 610px\" class=\"wp-caption aligncenter\"><a href=\"http:\/\/blog.cancaonova.com\/tododemaria\/files\/2016\/11\/Santu\u00e1rio-de-Aparecida-nova-Igreja-Catedral.jpg\"><img loading=\"lazy\" decoding=\"async\" aria-describedby=\"caption-attachment-6591\" class=\"size-full wp-image-6591\" src=\"http:\/\/blog.cancaonova.com\/tododemaria\/files\/2016\/11\/Santu\u00e1rio-de-Aparecida-nova-Igreja-Catedral.jpg\" alt=\"Papa Francisco concede o t\u00edtulo de Igreja-Catedral ao Santu\u00e1rio Nacional de Aparecida.\" width=\"600\" height=\"330\" srcset=\"https:\/\/blog.cancaonova.com\/tododemaria\/files\/2016\/11\/Santu\u00e1rio-de-Aparecida-nova-Igreja-Catedral.jpg 600w, https:\/\/blog.cancaonova.com\/tododemaria\/files\/2016\/11\/Santu\u00e1rio-de-Aparecida-nova-Igreja-Catedral-300x165.jpg 300w\" sizes=\"(max-width: 600px) 100vw, 600px\" \/><\/a><p id=\"caption-attachment-6591\" class=\"wp-caption-text\"><a href=\"http:\/\/www.a12.com\/santuario-nacional\/noticias\/detalhes\/campanario-do-santuario-de-aparecida-ressoar-a-o-coracao\" target=\"_blank\">Santu\u00e1rio Naciona de Aparecida com campan\u00e1rio<\/a> comemorativo do jubileu de 300 anos.<\/p><\/div>\n<p style=\"text-align: left\">Papa Francisco aprovou o decreto que autorizou a transfer\u00eancia do t\u00edtulo de Catedral Arquidiocesana de Aparecida da Par\u00f3quia Santo Ant\u00f4nio, em Guaratinguet\u00e1 (SP), para o Santu\u00e1rio Nacional de Aparecida. Este \u00e9 o maior santu\u00e1rio mariano do Brasil, dedicado a Nossa Senhora da Concei\u00e7\u00e3o Aparecida. O documento chegou \u00e0 Arquidiocese de Aparecida no \u00faltimo dia 22 de outubro e a divulga\u00e7\u00e3o realizada oficialmente na semana passada.<!--more Continue lendo...--><\/p>\n<p style=\"text-align: center\"><strong><a href=\"http:\/\/feedburner.google.com\/fb\/a\/mailverify?uri=TodoDeMaria\" target=\"_blank\">Receba o conte\u00fado deste blog gratuitamente em seu e-mail.<\/a><\/strong><\/p>\n<p style=\"text-align: left\"><b>A transfer\u00eancia do t\u00edtulo de Catedral de Guaratinguet\u00e1 para Aparecida<\/b><\/p>\n<p style=\"text-align: left\">Em nota oficial, Dom Raymundo Damasceno Assis esclarece que, \u201ccom a transfer\u00eancia, fica extinto o t\u00edtulo de Catedral do templo dedicado a Deus, em honra de Santo Ant\u00f4nio, na cidade de Guaratinguet\u00e1, passando, ent\u00e3o, o Santu\u00e1rio Nacional de Nossa Senhora Aparecida ao grau e dignidade de Igreja-Catedral da mesma Arquidiocese\u201d<a href=\"#_ftn1\" name=\"_ftnref1\"><span style=\"font-family: Calibri, sans-serif\">[1]<\/span><\/a>.<\/p>\n<p style=\"text-align: left\">Segundo Dom Raymundo, a transfer\u00eancia do t\u00edtulo de Catedral para o Santu\u00e1rio Nacional de Aparecida em nada diminui a import\u00e2ncia da Igreja Matriz de Santo Ant\u00f4nio, em Guaratinguet\u00e1, que \u00e9 a primeira igreja da Arquidiocese.<\/p>\n<p style=\"text-align: left\">A igreja, dedicada a Santo Ant\u00f4nio de P\u00e1dua, foi constru\u00edda em 1630, com paredes feitas em pau-a-pique e com cobertura de sap\u00e9. Santo Ant\u00f4nio de Sant\u2019Ana Galv\u00e3o (\u27291739 -\u271f1822), primeiro santo brasileiro, foi batizado na antiga Matriz. \u201cNa mesma igreja, Frei Galv\u00e3o fez sua primeira comunh\u00e3o, foi crismado e, como jovem religioso, a\u00ed rezou sua primeira missa\u201d<a href=\"#_ftn2\" name=\"_ftnref2\"><span style=\"font-family: Calibri, sans-serif\">[2]<\/span><\/a>.<\/p>\n<p style=\"text-align: left\">O Santo nasceu apenas duas d\u00e9cadas depois do encontro da Imagem de Nossa Senhora Aparecida. Frei Galv\u00e3o, conhecido por seu profundo amor a Deus e aos pobres, nutria tamb\u00e9m uma profunda devo\u00e7\u00e3o mariana. Uma rel\u00edquia precios\u00edssima, que se encontra no Mosteiro da Luz, atesta essa devo\u00e7\u00e3o. Trata-se do ato de consagra\u00e7\u00e3o de Frei Galv\u00e3o, como escravo a Nossa Senhora, escrito de pr\u00f3prio punho em 1766, quando tinha 27 anos de idade<a href=\"#_ftn3\" name=\"_ftnref3\"><span style=\"font-family: Calibri, sans-serif\">[3]<\/span><\/a>.<\/p>\n<p style=\"text-align: left\"><b>A import\u00e2ncia do Santu\u00e1rio para a Igreja da Arquidiocese<\/b><\/p>\n<p style=\"text-align: left\">Padre Jo\u00e3o Batista de Almeida, reitor do Santu\u00e1rio Nacional de Aparecida, disse que a recep\u00e7\u00e3o do t\u00edtulo de Catedral indica a import\u00e2ncia do Santu\u00e1rio para a Igreja da Arquidiocese de Aparecida:<\/p>\n<p style=\"text-align: left\">A Catedral \u00e9 a igreja oficial do Bispo, o bispo n\u00e3o tem uma par\u00f3quia, porque todas as par\u00f3quias s\u00e3o da Diocese, mas ele tem uma igreja oficial, a Catedral, e tem esse nome justamente por causa da c\u00e1tedra. A c\u00e1tedra est\u00e1 ligada a autoridade episcopal, e ele \u00e9 a autoridade m\u00e1xima, e por isso, a c\u00e1tedra dele est\u00e1 ali<a href=\"#_ftn4\" name=\"_ftnref4\"><span style=\"font-family: Calibri, sans-serif\">[4]<\/span><\/a>.<\/p>\n<p style=\"text-align: left\">Segundo o Reitor, o t\u00edtulo consolida uma atitude j\u00e1 assumida pelo Arcebispo de Aparecida. Dom Damasceno sempre fez os an\u00fancios e as celebra\u00e7\u00f5es oficiais no Santu\u00e1rio, porque j\u00e1 considerava o Santu\u00e1rio de Aparecida como sua Catedral.<\/p>\n<div id=\"attachment_6592\" style=\"width: 610px\" class=\"wp-caption aligncenter\"><a href=\"http:\/\/blog.cancaonova.com\/tododemaria\/files\/2016\/11\/Santu\u00e1rio-de-Aparecida-nova-Igreja-Catedral2.jpg\"><img loading=\"lazy\" decoding=\"async\" aria-describedby=\"caption-attachment-6592\" class=\"size-full wp-image-6592\" src=\"http:\/\/blog.cancaonova.com\/tododemaria\/files\/2016\/11\/Santu\u00e1rio-de-Aparecida-nova-Igreja-Catedral2.jpg\" alt=\"Papa Francisco concede o t\u00edtulo de Igreja-Catedral ao Santu\u00e1rio Nacional de Aparecida.\" width=\"600\" height=\"330\" srcset=\"https:\/\/blog.cancaonova.com\/tododemaria\/files\/2016\/11\/Santu\u00e1rio-de-Aparecida-nova-Igreja-Catedral2.jpg 600w, https:\/\/blog.cancaonova.com\/tododemaria\/files\/2016\/11\/Santu\u00e1rio-de-Aparecida-nova-Igreja-Catedral2-300x165.jpg 300w\" sizes=\"(max-width: 600px) 100vw, 600px\" \/><\/a><p id=\"caption-attachment-6592\" class=\"wp-caption-text\">Nova C\u00e1tedra do Santu\u00e1rio, com bras\u00e3o episcopal de Dom Raymundo Damasceno.<\/p><\/div>\n<p style=\"text-align: left\"><b>O Significado de C\u00e1tedra e Igreja-Catedral<\/b><\/p>\n<p style=\"text-align: left\">Uma Igreja-Catedral \u00e9 a igreja oficial do Bispo, a Igreja-M\u00e3e de todas as outras da diocese. A Catedral \u00e9 um sinal do tr\u00edplice m\u00fanus de Jesus Cristo, Sacerdote, Profeta e Rei, que o Bispo assume perante a por\u00e7\u00e3o do rebanho do Senhor que lhe foi confiada. Nesse sentido, a Catedral \u00e9 o lugar por excel\u00eancia da miss\u00e3o de santificar, ensinar e governar, que recebeu de Cristo. A Catedral \u00e9 tamb\u00e9m sinal da unidade dos fi\u00e9is na f\u00e9 que o Bispo anuncia, como aut\u00eantico Pastor do rebanho. Na Catedral fica a c\u00e1tedra, a cadeira, do Bispo.<\/p>\n<p style=\"text-align: left\">Segundo o Padre salesiano Jos\u00e9 Aldaz\u00e1bal (\u27291933 -\u271f2006), grande liturgista, a palavra C\u00e1tedra tem sua origem na palavra em grego: <i>kathedra<\/i>, que \u00e9 composta da jun\u00e7\u00e3o de duas palavras: <i>kata<\/i> (no alto) e <i>hedra<\/i> (assento)<a href=\"#_ftn5\" name=\"_ftnref5\"><span style=\"font-family: Calibri, sans-serif\">[5]<\/span><\/a>. A palavra grega c\u00e1tedra \u00e9 raiz da palavra cadeira. Para n\u00f3s cat\u00f3licos, C\u00e1tedra \u00e9 um assento solene, concedido a quem preside a Liturgia. Nesse sentido, a Igreja-Catedral \u00e9 o lugar onde o Bispo preside as principais liturgias da Diocese.<\/p>\n<p style=\"text-align: left\"><strong>Assista ou ou\u00e7a programa\u00a0do Padre Paulo Ricardo com o tema\u00a0\u201c<a href=\"https:\/\/padrepauloricardo.org\/episodios\/o-fim-esta-proximo\" target=\"_blank\">O Fim est\u00e1 pr\u00f3ximo?<\/a>\u201d:<\/strong><\/p>\n<p style=\"text-align: left\"><iframe loading=\"lazy\" width=\"640\" height=\"360\" src=\"https:\/\/www.youtube-nocookie.com\/embed\/P4y7ZzE4AFo?rel=0&showinfo=0\" frameborder=\"0\" allowfullscreen><\/iframe><\/p>\n<p style=\"text-align: left\"><iframe loading=\"lazy\" width=\"100%\" height=\"166\" scrolling=\"no\" frameborder=\"no\" src=\"https:\/\/w.soundcloud.com\/player\/?url=https%3A\/\/api.soundcloud.com\/tracks\/180246658&color=ff5500&show_artwork=false\"><\/iframe><\/p>\n<p style=\"text-align: left\"><b>Catedral nos 300 anos de Nossa Senhora Aparecida<\/b><\/p>\n<p style=\"text-align: left\">Assim, o t\u00edtulo de Igreja-Catedral recebido pelo Santu\u00e1rio Nacional de Aparecida no Ano Jubilar dos 300 anos \u00e9 como que o reconhecimento da presen\u00e7a da Padroeira do Brasil na Arquidiocese de Aparecida e tamb\u00e9m em todo o Brasil. Se um Bispo preside uma Igreja particular, Nossa Senhora Aparecida preside o nosso pa\u00eds, preside espiritualmente a Igreja Cat\u00f3lica no Brasil. Entretanto, a Virgem Maria quer muito mais do que um t\u00edtulo de honra, como o de Padroeira do Brasil.<\/p>\n<p style=\"text-align: left\">Especialmente a partir deste Ano Jubilar, Nossa Senhora quer presidir as nossas vidas, n\u00e3o de uma cadeira constru\u00edda por m\u00e3os humanas, mas do trono que h\u00e1 para ela nossos cora\u00e7\u00f5es, \u00e0 direita de Jesus Cristo (cf. Sl 44, 10). Fa\u00e7amos como o Disc\u00edpulo amado que, aos p\u00e9s da cruz, recebeu a M\u00e3e do Senhor como sua pr\u00f3pria M\u00e3e e a levou para o que era seu, para o mais \u00edntimo de seu cora\u00e7\u00e3o (cf. Jo 19, 27).<\/p>\n<p style=\"text-align: left\">Acolhamos a M\u00e3e de Deus em nossas vidas, para que ela nos ajude a trilhar o caminho de Cristo, o caminho da cruz, do sofrimento, do sacrif\u00edcio (cf. Mc 8, 34), para um dia chegarmos \u00e0 P\u00e1tria definitiva, no Reino dos C\u00e9us, onde teremos o banquete das n\u00fapcias do Cordeiro (cf. Ap 19, 9). L\u00e1, o Senhor Jesus Cristo tem o seu Trono, a sua C\u00e1tedra, de onde presidir\u00e1 a Liturgia celeste por toda a eternidade (cf. Ap 4, 2-3).<\/p>\n<p style=\"text-align: left\"><b>Ato de consagra\u00e7\u00e3o de Frei Galv\u00e3o a Virgem Maria<\/b><\/p>\n<blockquote><p>Saibam todos quantos esta carta e c\u00e9dula virem, como eu, Fr. Ant\u00f4nio de Sant&#8217;Anna, me entrego por filho e perp\u00e9tuo escravo da Virgem Sant\u00edssima Minha Senhora, com a doa\u00e7\u00e3o livre, pura e perfeita de minha pessoa, para que de mim disponha conforme sua vontade, gosto e benepl\u00e1cito, como verdadeira M\u00e3e e Senhora minha. E V\u00f3s, Soberana Princesa, dignai-vos de aceitar esta minha pessoa, venda, e filial entrega, n\u00e3o duvideis em me admitirdes ao vosso servi\u00e7o, a este vil servo&#8230; Nas vossas piedos\u00edssimas m\u00e3os entrego meu corpo, alma, cora\u00e7\u00e3o, entendimento, vontade e todos os mais sentidos, porque de hoje em diante corro por vossa conta e todo sou vosso &#8230;. Para o que vos ofere\u00e7o desde agora todos os meus pensamentos, palavras e obras, e tudo o mais merit\u00f3rio que fizer e indulg\u00eancias que ganhar, para que apresenteis junto com os vossos merecimentos a vosso Filho Sant\u00edssimo, dispondo v\u00f3s de todos eles conforme for vossa vontade&#8230; Sejam tamb\u00e9m meus intercessores o Arcanjo S\u00e3o Gabriel, e o Anjo da minha guarda, e todos os mais Anjos, de todos os coros Ang\u00e9licos, e todos os Santos e Bem-aventurados, principalmente meu pai S\u00e3o Francisco, digo, primeiramente os gloriosos Santos vossos pais e esposo, meu pai S\u00e3o Francisco, Santa \u00c1gueda, o Santo do meu nome, S\u00e3o Pedro de Alc\u00e2ntara, Santa Gertrudes, meu pai S\u00e3o Domingos, S\u00e3o Tiago Ap\u00f3stolo, S\u00e3o Benedito, os Reis Magos, S\u00e3o Jer\u00f4nimo, Santa Teresa, S\u00e3o Francisco de Borja, a minha M\u00e3e Isabel, e Irm\u00e3os, e parentes e amigos, se \u00e9 que todos gozam da vossa vista, como o espero e piamente suponho, e a todos os mais que \u00e9 vossa vontade que eu pe\u00e7a em particular. E rogo a todos estes referidos Santos que orem a v\u00f3s por mim, e me sirvam de testemunhas irrefrag\u00e1veis desta minha filial entrega e escravid\u00e3o. E para que conste que esta minha determina\u00e7\u00e3o foi feita em meu perfeito ju\u00edzo fa\u00e7o esta C\u00e9dula de minha pr\u00f3pria letra, e assinada com o sangue de meu peito. Hoje, dia do patroc\u00ednio de minha Senhora e M\u00e3e de Deus, 9 de novembro de 1766. De minha Senhora Maria Sant\u00edssima indigno servo. a) Frei Ant\u00f4nio de Sant&#8217;Anna<a href=\"#_ftn6\" name=\"_ftnref6\"><span style=\"font-family: Calibri, sans-serif\">[6]<\/span><\/a>.<\/p><\/blockquote>\n<p style=\"text-align: left\">Nossa Senhora Aparecida, rogai por n\u00f3s!<\/p>\n<p style=\"text-align: left\"><strong>Links relacionados:<\/strong><\/p>\n<p style=\"text-align: left\">TODO DE MARIA. <a href=\"http:\/\/blog.cancaonova.com\/tododemaria\/a-7a-campanha-de-consagracoes-a-virgem-maria\/\" target=\"_blank\">A 7\u00aa Campanha de Consagra\u00e7\u00f5es a Virgem Maria<\/a>.<\/p>\n<p style=\"text-align: left\">TODO DE MARIA.\u00a0<a href=\"http:\/\/blog.cancaonova.com\/tododemaria\/nossa-senhora-aparecida-e-o-nosso-casamento\/\" target=\"_blank\">Nossa Senhora Aparecida e o nosso casamento<\/a>.<\/p>\n<p style=\"text-align: left\">TODO DE MARIA.\u00a0<a href=\"http:\/\/blog.cancaonova.com\/tododemaria\/o-jubileu-dos-300-anos-de-aparecida\/\" target=\"_blank\">O Jubileu dos 300 anos de Aparecida<\/a>.<\/p>\n<p style=\"text-align: left\"><strong>Refer\u00eancias:<\/strong><\/p>\n<hr align=\"left\" size=\"1\" width=\"250\" \/>\n<div id=\"ftn1\" dir=\"ltr\" style=\"text-align: left\">\n<p><a href=\"#_ftnref1\" name=\"_ftn1\"><span style=\"font-family: Calibri, sans-serif\">[1]<\/span><\/a>\u00a0 A12. <a href=\"http:\/\/www.a12.com\/santuario-nacional\/noticias\/detalhes\/papa-concede-ao-santuario-nacional-titulo-de-igreja-catedral\">Celebra\u00e7\u00e3o marca promulga\u00e7\u00e3o do t\u00edtulo de Igreja-Catedral ao Santu\u00e1rio Nacional<\/a>.<\/p>\n<\/div>\n<div id=\"ftn2\" dir=\"ltr\" style=\"text-align: left\">\n<p><a href=\"#_ftnref2\" name=\"_ftn2\"><span style=\"font-family: Calibri, sans-serif\">[2]<\/span><\/a>\u00a0 CASA DE FREI GALV\u00c3O. <a href=\"http:\/\/www.casadefreigalvao.com.br\/atraves-dos-tempos\/19-a-capela-de-frei-galvao-na-catedral-de-santo-antonio\">1998: A Capela de Frei Galv\u00e3o na Catedral de Santo Ant\u00f4nio<\/a>.<\/p>\n<\/div>\n<div id=\"ftn3\" dir=\"ltr\" style=\"text-align: left\">\n<p><a href=\"#_ftnref3\" name=\"_ftn3\"><span style=\"font-family: Calibri, sans-serif\">[3]<\/span><\/a>\u00a0 CATOLICISMO. <a href=\"http:\/\/catolicismo.com.br\/materia\/materia.cfm?IDmat=72A09830-3048-560B-1C0A4CEF4EC982D6&amp;mes=Setembro1998&amp;pag=4\">Frei Galv\u00e3o: engenheiro, mestre de obras e trabalhador manual<\/a>.<\/p>\n<\/div>\n<div id=\"ftn4\" dir=\"ltr\" style=\"text-align: left\">\n<p><a href=\"#_ftnref4\" name=\"_ftn4\"><span style=\"font-family: Calibri, sans-serif\">[4]<\/span><\/a>\u00a0 A12. <i>Op. cit.<\/i><\/p>\n<\/div>\n<div id=\"ftn5\" dir=\"ltr\" style=\"text-align: left\">\n<p><a href=\"#_ftnref5\" name=\"_ftn5\"><span style=\"font-family: Calibri, sans-serif\">[5]<\/span><\/a>\u00a0 A12. <i>Op. cit.<\/i><\/p>\n<\/div>\n<div id=\"ftn6\" dir=\"ltr\">\n<p style=\"text-align: left\"><a href=\"#_ftnref6\" name=\"_ftn6\"><span style=\"font-family: Calibri, sans-serif\">[6]<\/span><\/a>\u00a0 CATOLICISMO. <i>Op. cit.<\/i><\/p>\n<\/div>\n","protected":false},"excerpt":{"rendered":"<p>Papa Francisco concede o t\u00edtulo de Igreja-Catedral ao Santu\u00e1rio Nacional de Aparecida. Neste s\u00e1bado (12), durante a Santa Missa celebrada \u00e0s 9 horas da manh\u00e3, foi promulgado o decreto da Congrega\u00e7\u00e3o para os Bispos, que concede ao Santu\u00e1rio Nacional de&#8230;<\/p>\n","protected":false},"author":4539,"featured_media":0,"comment_status":"open","ping_status":"open","sticky":false,"template":"","format":"standard","meta":{"_mi_skip_tracking":false,"_monsterinsights_sitenote_active":false,"_monsterinsights_sitenote_note":"","_monsterinsights_sitenote_category":0,"footnotes":""},"categories":[47],"tags":[],"_links":{"self":[{"href":"https:\/\/blog.cancaonova.com\/tododemaria\/wp-json\/wp\/v2\/posts\/6587"}],"collection":[{"href":"https:\/\/blog.cancaonova.com\/tododemaria\/wp-json\/wp\/v2\/posts"}],"about":[{"href":"https:\/\/blog.cancaonova.com\/tododemaria\/wp-json\/wp\/v2\/types\/post"}],"author":[{"embeddable":true,"href":"https:\/\/blog.cancaonova.com\/tododemaria\/wp-json\/wp\/v2\/users\/4539"}],"replies":[{"embeddable":true,"href":"https:\/\/blog.cancaonova.com\/tododemaria\/wp-json\/wp\/v2\/comments?post=6587"}],"version-history":[{"count":6,"href":"https:\/\/blog.cancaonova.com\/tododemaria\/wp-json\/wp\/v2\/posts\/6587\/revisions"}],"predecessor-version":[{"id":6595,"href":"https:\/\/blog.cancaonova.com\/tododemaria\/wp-json\/wp\/v2\/posts\/6587\/revisions\/6595"}],"wp:attachment":[{"href":"https:\/\/blog.cancaonova.com\/tododemaria\/wp-json\/wp\/v2\/media?parent=6587"}],"wp:term":[{"taxonomy":"category","embeddable":true,"href":"https:\/\/blog.cancaonova.com\/tododemaria\/wp-json\/wp\/v2\/categories?post=6587"},{"taxonomy":"post_tag","embeddable":true,"href":"https:\/\/blog.cancaonova.com\/tododemaria\/wp-json\/wp\/v2\/tags?post=6587"}],"curies":[{"name":"wp","href":"https:\/\/api.w.org\/{rel}","templated":true}]}}