{"id":6683,"date":"2016-12-07T03:00:16","date_gmt":"2016-12-07T05:00:16","guid":{"rendered":"http:\/\/blog.cancaonova.com\/tododemaria\/?p=6683"},"modified":"2016-12-08T15:45:10","modified_gmt":"2016-12-08T17:45:10","slug":"a-santissima-trindade-e-a-imaculada-conceicao","status":"publish","type":"post","link":"https:\/\/blog.cancaonova.com\/tododemaria\/a-santissima-trindade-e-a-imaculada-conceicao\/","title":{"rendered":"A Sant\u00edssima Trindade e a Imaculada Concei\u00e7\u00e3o"},"content":{"rendered":"<p style=\"text-align: left\"><b>Saiba por que convinha a Sant\u00edssima Trindade honrar a Virgem Maria com o singular privil\u00e9gio da Imaculada Concei\u00e7\u00e3o.<\/b><\/p>\n<p style=\"text-align: left\">Conveio a Sant\u00edssima Trindade preservar a Sant\u00edssima Virgem Maria da culpa original, no mist\u00e9rio sublime da Imaculada Concei\u00e7\u00e3o. \u201cConveio ao Pai, por ser ela sua Filha primog\u00eanita. Conveio ao Filho, porque queria incarnar no seio pur\u00edssimo de Maria. Conveio ao Esp\u00edrito Santo, porque a tinha escolhido para sua cast\u00edssima Esposa\u201d<a href=\"#_ftn1\" name=\"_ftnref1\"><span style=\"font-family: Calibri, sans-serif\">[1]<\/span><\/a>. Fa\u00e7amos um ato de f\u00e9 viva em t\u00e3o singular privil\u00e9gio de Maria Sant\u00edssima, e rendamos gra\u00e7as a Trindade Sant\u00edssima por honrar a tal ponto a nossa M\u00e3e. Regozijemo-nos com o mist\u00e9rio desta Menina imaculada e nela coloquemos toda a nossa confian\u00e7a.<\/p>\n<div id=\"attachment_6688\" style=\"width: 610px\" class=\"wp-caption aligncenter\"><a href=\"http:\/\/blog.cancaonova.com\/tododemaria\/files\/2016\/12\/A-Sant\u00edssima-Trindade-e-a-Imaculada-Concei\u00e7\u00e3o.jpg\"><img loading=\"lazy\" decoding=\"async\" aria-describedby=\"caption-attachment-6688\" class=\"size-full wp-image-6688\" src=\"http:\/\/blog.cancaonova.com\/tododemaria\/files\/2016\/12\/A-Sant\u00edssima-Trindade-e-a-Imaculada-Concei\u00e7\u00e3o.jpg\" alt=\"Saiba por que convinha a Sant\u00edssima Trindade honrar a Virgem Maria com o singular privil\u00e9gio da Imaculada Concei\u00e7\u00e3o.\" width=\"600\" height=\"330\" srcset=\"https:\/\/blog.cancaonova.com\/tododemaria\/files\/2016\/12\/A-Sant\u00edssima-Trindade-e-a-Imaculada-Concei\u00e7\u00e3o.jpg 600w, https:\/\/blog.cancaonova.com\/tododemaria\/files\/2016\/12\/A-Sant\u00edssima-Trindade-e-a-Imaculada-Concei\u00e7\u00e3o-300x165.jpg 300w\" sizes=\"(max-width: 600px) 100vw, 600px\" \/><\/a><p id=\"caption-attachment-6688\" class=\"wp-caption-text\">Nossa Senhora da Imaculada Concei\u00e7\u00e3o<\/p><\/div>\n<p style=\"text-align: left\">Incalcul\u00e1vel foi a ru\u00edna causada pelo pecado a Ad\u00e3o e a toda a humanidade. Ad\u00e3o perdeu miseravelmente n\u00e3o somente a gra\u00e7a de Deus, mas tamb\u00e9m todos os outros bens que no princ\u00edpio o enriqueciam. Sobre si e seus descendentes, atraiu numerosos males. Mas, Deus quis livrar a Virgem de Nazar\u00e9 desse infort\u00fanio. Em seu des\u00edgnio benevolente, predestinou Nossa Senhora para ser M\u00e3e de Jesus Cristo, o novo Ad\u00e3o (cf. 1 Cor 15, 20-21; Rm 5, 17-19), que viria ao mundo para reparar o mal causado pelo primeiro. Sendo assim, vejamos por que convinha \u00e0s Tr\u00eas Pessoas divinas preservar a Virgem Maria do pecado original, por ser ela Filha de Deus Pai, M\u00e3e de Deus Filho e Esposa de Deus Esp\u00edrito Santo.<!--more Continue lendo...--><\/p>\n<p style=\"text-align: center\"><strong><a href=\"http:\/\/feedburner.google.com\/fb\/a\/mailverify?uri=TodoDeMaria\" target=\"_blank\">Receba o conte\u00fado deste blog gratuitamente em seu e-mail.<\/a><\/strong><\/p>\n<p style=\"text-align: left\"><b>Deus Pai e sua Filha Imaculada<\/b><\/p>\n<p style=\"text-align: left\">Conveio ao Pai preservar Maria Sant\u00edssima da culpa original, por ser ela sua Filha primog\u00eanita. Como Jesus Cristo foi o primog\u00eanito de Deus Pai: \u201c<i>Primogenitus omnis criaturas<\/i> \u2013 o Primog\u00eanito de toda a cria\u00e7\u00e3o\u201d (Col 1, 15), Nossa Senhora foi destinada a ser a M\u00e3e do Filho de Deus e foi sempre considerada como primog\u00eanita de Deus por ado\u00e7\u00e3o. Por isso, Deus a possuiu sempre pela sua gra\u00e7a: \u201c<i>Dominus possedit me in initio viarum suarum<\/i> \u2013 O Senhor me possuiu no princ\u00edpio dos seus caminhos\u201d (Pr 8, 22). Para a honra do Filho, conveio que o Pai preservasse sua M\u00e3e de toda a m\u00e1cula do pecado original.<\/p>\n<p style=\"text-align: left\">Convinha ainda preservar Maria, porque Deus destinou esta sua Filha para esmagar a cabe\u00e7a da serpente infernal, que seduzira o homem, conforme est\u00e1 escrito: \u201c<i>Ipsa conteret caput tuum<\/i> \u2014 Ela te esmagar\u00e1 a cabe\u00e7a\u201d (Gn 3, 15). Sendo assim, como Deus Pai poderia permitir que Nossa Senhora antes fosse escrava do dem\u00f4nio? \u201cMaria foi destinada para advogada dos pecadores, e da\u00ed conveio que Deus a preservasse da culpa, a fim de que n\u00e3o parecesse c\u00famplice do mesmo delito dos homens, pelos quais deveria interceder\u201d<a href=\"#_ftn2\" name=\"_ftnref2\"><span style=\"font-family: Calibri, sans-serif\">[2]<\/span><\/a>.<\/p>\n<p style=\"text-align: left\"><strong>Assista ou ou\u00e7a programa\u00a0do Padre Paulo Ricardo na \u201c<a href=\"https:\/\/padrepauloricardo.org\/episodios\/solenidade-da-imaculada-conceicao-mmxvi\" target=\"_blank\">Solenidade da Imaculada Concei\u00e7\u00e3o de Nossa Senhora<\/a>\u201d:<\/strong><\/p>\n<p style=\"text-align: left\"><iframe loading=\"lazy\" width=\"640\" height=\"360\" src=\"https:\/\/www.youtube-nocookie.com\/embed\/Ew4dyPZakqo?rel=0&showinfo=0\" frameborder=\"0\" allowfullscreen><\/iframe><\/p>\n<p style=\"text-align: left\"><iframe loading=\"lazy\" width=\"100%\" height=\"166\" scrolling=\"no\" frameborder=\"no\" src=\"https:\/\/w.soundcloud.com\/player\/?url=https%3A\/\/api.soundcloud.com\/tracks\/296390568&color=ff5500&show_artwork=false\"><\/iframe><\/p>\n<p style=\"text-align: left\"><b>O Filho de Deus e sua M\u00e3e Imaculada<\/b><\/p>\n<p style=\"text-align: left\">Conveio que o Filho tivesse uma M\u00e3e imaculada. Por isso, Ele mesmo escolheu Nossa Senhora por M\u00e3e. N\u00e3o \u00e9 poss\u00edvel que um filho, podendo ter por m\u00e3e uma rainha, escolhesse uma escrava. \u201cComo ent\u00e3o imaginar que o Verbo Eterno, podendo ter uma M\u00e3e imaculada e sempre amiga de Deus, a quisesse manchada e algum tempo inimiga de Deus? \u2014 Ainda mais, diz Santo Agostinho: <i>Caro Christi caro est Mariae<\/i> \u2014 \u2018A carne de Cristo \u00e9 a carne de Maria\u2019\u201d<a href=\"#_ftn3\" name=\"_ftnref3\"><span style=\"font-family: Calibri, sans-serif\">[3]<\/span><\/a>. O Filho de Deus teria horror de encarnar-se no ventre de qualquer virgem santa, se antes do batismo ela estivesse manchada pelo pecado, de modo que o dem\u00f4nio poderia lan\u00e7ar Lhe ao rosto que possu\u00eda a mesma carne, que j\u00e1 algum tempo lhe estivera sujeita. Mas Jesus n\u00e3o teve horror de encarnar-se no seio de Maria (<i>Non horruisti virginis uterum<\/i>), porque ela foi sempre pura e imaculada. Al\u00e9m disso, Santo Tom\u00e1s de Aquino afirma que Nossa Senhora foi preservada de toda a culpa atual, at\u00e9 mesmo dos pecadores veniais, porque sem isso n\u00e3o teria sido digna M\u00e3e de Deus. Ora, quanto menos digna teria sido se Maria tivesse sido manchada pelo pecado original, que torna a alma odiosa aos olhos de Deus?<\/p>\n<p style=\"text-align: left\">Santo Ambr\u00f3sio dizia que Cristo procurou, n\u00e3o aqui na terra, mas no c\u00e9u, um vaso de elei\u00e7\u00e3o. Nele, o Verbo Eterno veio ao mundo, e fez do seio da Virgem Sant\u00edssima seu templo sagrado. A este respeito, o Bispo faz alus\u00e3o \u00e0s palavras de S\u00e3o Paulo: \u201cO primeiro homem, formado da terra, \u00e9 terreno; o segundo, vindo do c\u00e9u, \u00e9 celeste\u201d (1 Cor 15, 47). \u201cDe vaso celeste chama Ambr\u00f3sio a divina M\u00e3e. N\u00e3o que Maria n\u00e3o fosse terrena por natureza, como sonhariam alguns hereges, mas porque ela \u00e9 celeste pela gra\u00e7a, e excede os anjos do c\u00e9u em santidade e pureza\u201d<a href=\"#_ftn4\" name=\"_ftnref4\"><span style=\"font-family: Calibri, sans-serif\">[4]<\/span><\/a>.<\/p>\n<p style=\"text-align: left\"><b>O Esp\u00edrito Santo e sua Esposa Imaculada<\/b><\/p>\n<p style=\"text-align: left\">Convinha ao Esp\u00edrito Santo que a sua Esposa predileta permanecesse imaculada. Sendo decretada a reden\u00e7\u00e3o dos homens, que estavam ca\u00eddos por causa do pecado, quis o Esp\u00edrito que esta sua Esposa fosse redimida de um modo mais sublime, preservando-a de cair em pecado.<\/p>\n<p style=\"text-align: left\">Se Deus preservou da corrup\u00e7\u00e3o o corpo morto de Maria, muito mais devemos crer que preservou a alma da Sant\u00edssima Virgem da corrup\u00e7\u00e3o do pecado. Por isso, o divino Esposo a chamou jardim fechado e fonte selada (cf. Ct 4, 12); porque sobre a alma bendita de Maria os inimigos de Deus nunca tiveram poder algum. Por isso, o Esp\u00edrito chamou-a toda formosa, sempre amiga e toda pura: \u201c<i>Tota pulchra es, amica mea, et macula non est in te<\/i> \u2014 \u00c9s toda formosa, amiga minha, e em ti n\u00e3o h\u00e1 mancha\u201d (Ct 4, 7).<\/p>\n<p style=\"text-align: left\"><strong>Ou\u00e7a programa\u00a0do Padre Paulo Ricardo\u00a0sobre a\u00a0<\/strong><b>\u201c<a href=\"https:\/\/padrepauloricardo.org\/episodios\/imaculada-conceicao-de-maria\" target=\"_blank\">Festa da Imaculada Concei\u00e7\u00e3o de Maria<\/a>\u201d:<\/b><\/p>\n<p style=\"text-align: left\"><iframe loading=\"lazy\" width=\"100%\" height=\"166\" scrolling=\"no\" frameborder=\"no\" src=\"https:\/\/w.soundcloud.com\/player\/?url=https%3A\/\/api.soundcloud.com\/tracks\/123660003&color=ff6600&show_artwork=false\"><\/iframe><\/p>\n<p style=\"text-align: left\"><b>Ora\u00e7\u00e3o de Santo Afonso Maria de Lig\u00f3rio a Virgem Imaculada<\/b><\/p>\n<blockquote>\n<p style=\"text-align: left\">\u00d3 minha Senhora, minha Imaculada, alegro-me convosco por ver-vos enriquecida de tanta pureza. Agrade\u00e7o e proponho agradecer sempre a nosso comum Criador por ter-vos Ele preservado de toda mancha de culpa. Disso tenho plena convic\u00e7\u00e3o, e para defender este vosso t\u00e3o grande e singular privil\u00e9gio da Imaculada Concei\u00e7\u00e3o, juro dar at\u00e9 a minha vida. Estou pronto a faz\u00ea-lo, se preciso for.<\/p>\n<p style=\"text-align: left\">Desejaria que o mundo universo vos reconhecesse e confessasse como aquela formosa aurora, sempre adornada da divina luz; como aquela arca eleita de salva\u00e7\u00e3o, livre do comum naufr\u00e1gio do pecado; como aquela perfeita e imaculada pomba, qual vos declarou vosso divino esposo; como aquele jardim fechado, que foi as del\u00edcias de Deus, como aquela fonte selada, na qual o inimigo jamais p\u00f4de entrar para turv\u00e1-la; como aquele c\u00e2ndido l\u00edrio, finalmente, que, brotando entre os espinhos dos filhos de Ad\u00e3o, enquanto todos nascem manchados da culpa e inimigos de Deus, v\u00f3s nascestes pura e imaculada, amiga de vosso Criador.<\/p>\n<p style=\"text-align: left\">Consenti, pois, que ainda vos louve, como vos louvou vosso pr\u00f3prio Deus: Toda sois formosa e em v\u00f3s n\u00e3o h\u00e1 mancha. \u00d3 pomba pur\u00edssima, toda c\u00e2ndida, toda bela, sempre amiga de Deus! Dulc\u00edssima, amabil\u00edssima, Imaculada Maria, v\u00f3s que sois t\u00e3o bela aos olhos do Senhor, n\u00e3o recuseis olhar com vossos olhos as chagas t\u00e3o asquerosas de minha alma. Olhai-me, compadecei-vos de mim, e curai-me.<\/p>\n<p style=\"text-align: left\">\u00d3 belo \u00edm\u00e3 dos cora\u00e7\u00f5es, atra\u00ed para v\u00f3s tamb\u00e9m este meu miser\u00e1vel cora\u00e7\u00e3o. Tende piedade de mim, que n\u00e3o s\u00f3 nasci em pecado, mas ainda depois do batismo manchei minha alma com novas culpas, \u00f3 Senhora, que desde o primeiro instante de vossa vida aparecestes bela e pura aos olhos de Deus. Que gra\u00e7a vos poder\u00e1 negar o Deus que vos escolheu para sua Filha, sua M\u00e3e e sua Esposa, e por essa raz\u00e3o vos preservou de toda mancha?<\/p>\n<p style=\"text-align: left\">Virgem Imaculada, a v\u00f3s compete salvar-me, dir-vos-ei com S. Filipe N\u00e9ri. Fazei que me lembre de v\u00f3s; e n\u00e3o vos esque\u00e7ais de mim. Parece tardar mil anos o momento de ir contemplar vossa beleza no Para\u00edso, para melhor louvar-vos e amar-vos, minha M\u00e3e, minha Rainha, minha Amada, bel\u00edssima, dulc\u00edssima, pur\u00edssima, imaculada Maria. Am\u00e9m<a href=\"#_ftn5\" name=\"_ftnref5\"><span style=\"font-family: Calibri, sans-serif\">[5]<\/span><\/a>.<\/p>\n<\/blockquote>\n<p style=\"text-align: left\">Nossa Senhora da Imaculada Concei\u00e7\u00e3o, rogai por n\u00f3s!<\/p>\n<p><strong>Links relacionados:<\/strong><\/p>\n<p>TODO DE MARIA.\u00a0<a href=\"http:\/\/blog.cancaonova.com\/tododemaria\/os-pedidos-e-as-promessas-de-nossa-senhora-rosa-mistica\/\" target=\"_blank\">Os pedidos e as promessas de Nossa Senhora Rosa M\u00edstica<\/a>.<\/p>\n<p>TODO DE MARIA.\u00a0<a href=\"http:\/\/blog.cancaonova.com\/tododemaria\/rezemos-o-oficio-da-imaculada-conceicao\/\" target=\"_blank\">Rezemos o Of\u00edcio da Imaculada Concei\u00e7\u00e3o<\/a>.<\/p>\n<p>TODO DE MARIA.\u00a0<a href=\"http:\/\/blog.cancaonova.com\/tododemaria\/significado-do-oficio-da-imaculada-conceicao\/\" target=\"_blank\">Significado do Of\u00edcio da Imaculada Concei\u00e7\u00e3o<\/a>.<\/p>\n<p><strong>Refer\u00eancias:<\/strong><\/p>\n<hr align=\"left\" size=\"1\" width=\"250\" \/>\n<div id=\"ftn1\" dir=\"ltr\" style=\"text-align: left\">\n<p><a href=\"#_ftnref1\" name=\"_ftn1\"><span style=\"font-family: Calibri, sans-serif\">[1]<\/span><\/a>\u00a0 SANTO AFONSO MARIA DE LIG\u00d3RIO. <a href=\"http:\/\/alexandriacatolica.blogspot.com.br\/2011\/03\/fonte-meditacoes-para-todos-os-dias-e.html\" target=\"_blank\">Medita\u00e7\u00f5es para todos os dias do ano<\/a> \u2013 Tomo I, p. 431.<\/p>\n<\/div>\n<div id=\"ftn2\" dir=\"ltr\" style=\"text-align: left\">\n<p><a href=\"#_ftnref2\" name=\"_ftn2\"><span style=\"font-family: Calibri, sans-serif\">[2]<\/span><\/a>\u00a0 <i>Idem, <\/i>p. 432.<\/p>\n<\/div>\n<div id=\"ftn3\" dir=\"ltr\" style=\"text-align: left\">\n<p><a href=\"#_ftnref3\" name=\"_ftn3\"><span style=\"font-family: Calibri, sans-serif\">[3]<\/span><\/a>\u00a0 <i>Idem, ibidem.<\/i><\/p>\n<\/div>\n<div id=\"ftn4\" dir=\"ltr\" style=\"text-align: left\">\n<p><a href=\"#_ftnref4\" name=\"_ftn4\"><span style=\"font-family: Calibri, sans-serif\">[4]<\/span><\/a>\u00a0 SANTO AFONSO MARIA DE LIG\u00d3RIO. <a href=\"https:\/\/editorasantuario.com.br\/produtos\/detalhe\/581\/glorias_de_maria\" target=\"_blank\">Gl\u00f3rias de Maria<\/a>, p. 241-242.<\/p>\n<\/div>\n<div id=\"ftn5\" dir=\"ltr\">\n<p style=\"text-align: left\"><a href=\"#_ftnref5\" name=\"_ftn5\"><span style=\"font-family: Calibri, sans-serif\">[5]<\/span><\/a> \u00a0<i>Idem, <\/i>p. 256-257.<\/p>\n<\/div>\n","protected":false},"excerpt":{"rendered":"<p>Saiba por que convinha a Sant\u00edssima Trindade honrar a Virgem Maria com o singular privil\u00e9gio da Imaculada Concei\u00e7\u00e3o. Conveio a Sant\u00edssima Trindade preservar a Sant\u00edssima Virgem Maria da culpa original, no mist\u00e9rio sublime da Imaculada Concei\u00e7\u00e3o. \u201cConveio ao Pai, por&#8230;<\/p>\n","protected":false},"author":4539,"featured_media":0,"comment_status":"open","ping_status":"open","sticky":false,"template":"","format":"standard","meta":{"_mi_skip_tracking":false,"_monsterinsights_sitenote_active":false,"_monsterinsights_sitenote_note":"","_monsterinsights_sitenote_category":0,"footnotes":""},"categories":[186083],"tags":[],"_links":{"self":[{"href":"https:\/\/blog.cancaonova.com\/tododemaria\/wp-json\/wp\/v2\/posts\/6683"}],"collection":[{"href":"https:\/\/blog.cancaonova.com\/tododemaria\/wp-json\/wp\/v2\/posts"}],"about":[{"href":"https:\/\/blog.cancaonova.com\/tododemaria\/wp-json\/wp\/v2\/types\/post"}],"author":[{"embeddable":true,"href":"https:\/\/blog.cancaonova.com\/tododemaria\/wp-json\/wp\/v2\/users\/4539"}],"replies":[{"embeddable":true,"href":"https:\/\/blog.cancaonova.com\/tododemaria\/wp-json\/wp\/v2\/comments?post=6683"}],"version-history":[{"count":11,"href":"https:\/\/blog.cancaonova.com\/tododemaria\/wp-json\/wp\/v2\/posts\/6683\/revisions"}],"predecessor-version":[{"id":6696,"href":"https:\/\/blog.cancaonova.com\/tododemaria\/wp-json\/wp\/v2\/posts\/6683\/revisions\/6696"}],"wp:attachment":[{"href":"https:\/\/blog.cancaonova.com\/tododemaria\/wp-json\/wp\/v2\/media?parent=6683"}],"wp:term":[{"taxonomy":"category","embeddable":true,"href":"https:\/\/blog.cancaonova.com\/tododemaria\/wp-json\/wp\/v2\/categories?post=6683"},{"taxonomy":"post_tag","embeddable":true,"href":"https:\/\/blog.cancaonova.com\/tododemaria\/wp-json\/wp\/v2\/tags?post=6683"}],"curies":[{"name":"wp","href":"https:\/\/api.w.org\/{rel}","templated":true}]}}