{"id":6715,"date":"2016-12-14T03:00:14","date_gmt":"2016-12-14T05:00:14","guid":{"rendered":"http:\/\/blog.cancaonova.com\/tododemaria\/?p=6715"},"modified":"2016-12-13T22:39:00","modified_gmt":"2016-12-14T00:39:00","slug":"michele-ferrero-e-a-devocao-a-nossa-senhora","status":"publish","type":"post","link":"https:\/\/blog.cancaonova.com\/tododemaria\/michele-ferrero-e-a-devocao-a-nossa-senhora\/","title":{"rendered":"Michele Ferrero e a devo\u00e7\u00e3o a Nossa Senhora"},"content":{"rendered":"<p style=\"text-align: left\"><b>Conhe\u00e7a a hist\u00f3ria de Michele Ferrero, criador das conhecidas marcas \u201cNutella\u201d e \u201cFerrero Rocher\u201d, e a sua devo\u00e7\u00e3o a Nossa Senhora de Lourdes.<\/b><\/p>\n<p style=\"text-align: left\">Ao aproximar-se o Natal de nosso Senhor Jesus Cristo, conhecer a hist\u00f3ria de Michele Ferrero e sua filial devo\u00e7\u00e3o a Nossa Senhora de Lourdes \u00e9 muito inspirador. Nascido em 1924, Ferrero era considerado o Willie Wonka<a href=\"#_ftn1\" name=\"_ftnref1\"><span style=\"font-family: Calibri, sans-serif\">[1]<\/span><\/a> da vida real. O bilion\u00e1rio era dono da marca de chocolates que leva seu sobrenome, o homem mais rico da It\u00e1lia, o 4\u00ba mais rico da Europa e ocupava a 22\u00aa posi\u00e7\u00e3o no ranking mundial em 2014, segundo a revista Forbes<a href=\"#_ftn2\" name=\"_ftnref2\"><span style=\"font-family: Calibri, sans-serif\">[2]<\/span><\/a>. O empres\u00e1rio tinha uma fortuna avaliada em 20,5 bilh\u00f5es de euros.<\/p>\n<div id=\"attachment_6719\" style=\"width: 610px\" class=\"wp-caption aligncenter\"><a href=\"http:\/\/blog.cancaonova.com\/tododemaria\/files\/2016\/12\/Michele-Ferrero-e-a-devo\u00e7\u00e3o-a-Nossa-Senhora.jpg\"><img loading=\"lazy\" decoding=\"async\" aria-describedby=\"caption-attachment-6719\" class=\"size-full wp-image-6719\" src=\"http:\/\/blog.cancaonova.com\/tododemaria\/files\/2016\/12\/Michele-Ferrero-e-a-devo\u00e7\u00e3o-a-Nossa-Senhora.jpg\" alt=\"Conhe\u00e7a a hist\u00f3ria de Michele Ferrero, criador das conhecidas marcas \u201cNutella\u201d e \u201cFerrero Rocher\u201d, e a sua devo\u00e7\u00e3o a Nossa Senhora de Lourdes.\" width=\"600\" height=\"330\" srcset=\"https:\/\/blog.cancaonova.com\/tododemaria\/files\/2016\/12\/Michele-Ferrero-e-a-devo\u00e7\u00e3o-a-Nossa-Senhora.jpg 600w, https:\/\/blog.cancaonova.com\/tododemaria\/files\/2016\/12\/Michele-Ferrero-e-a-devo\u00e7\u00e3o-a-Nossa-Senhora-300x165.jpg 300w\" sizes=\"(max-width: 600px) 100vw, 600px\" \/><\/a><p id=\"caption-attachment-6719\" class=\"wp-caption-text\">Nossa Senhora de Lourdes<\/p><\/div>\n<p style=\"text-align: left\">O imp\u00e9rio de Ferrero era composto por cerca de 20 f\u00e1bricas e suas vendas anuais chegavam a passar dos 10 bilh\u00f5es de d\u00f3lares. Em 14 de Fevereiro de 2015, dia de S\u00e3o Valentim \u2013 dia dos namorados em v\u00e1rios pa\u00edses, em que \u00e9 costume dar chocolates de presente \u2013 faleceu Michele Ferrero, o mais bem-sucedido empres\u00e1rio no ramo de doces e bombons da It\u00e1lia, deixando a companhia nas m\u00e3os de seu filho Giovanni. Michele Ferrero, homem muito bem-sucedido nos neg\u00f3cios, tinha um \u201csegredo\u201d: era muito devoto de Nossa Senhora de Lourdes e a ela atribu\u00eda o sucesso de seus empreendimentos e as suas riquezas.<!--more Continue lendo...--><\/p>\n<p style=\"text-align: center\"><strong><a href=\"http:\/\/feedburner.google.com\/fb\/a\/mailverify?uri=TodoDeMaria\" target=\"_blank\">Receba o conte\u00fado deste blog gratuitamente em seu e-mail.<\/a><\/strong><\/p>\n<p style=\"text-align: left\"><b>Um homem inteligente e trabalhador<\/b><\/p>\n<p style=\"text-align: left\">Michele Ferrero, filho de chocolateiros de Alba, comuna italiana da regi\u00e3o do Piemonte, na It\u00e1lia, n\u00e3o se fez rico com malabarismos econ\u00f4micos, manobras confusas ou ilegais. Ele simplesmente continuou com a tradi\u00e7\u00e3o familiar, aplicando muito trabalho e intelig\u00eancia, e tamb\u00e9m depositando suas esperan\u00e7as em Nossa Senhora.<\/p>\n<p style=\"text-align: left\">Em 1949, faleceu Pietro Ferrero, seu pai, e Michele continuou o trabalho iniciado por ele no ramo de chocolates. A partir de 1957, come\u00e7ou a investir no mercado exterior, expandindo seus neg\u00f3cios em toda a Europa, na Am\u00e9rica do Sul, na \u00c1sia e na Austr\u00e1lia. Nessa mesma \u00e9poca, investiu tamb\u00e9m em novos produtos.<\/p>\n<p style=\"text-align: left\">Em 1964, Michele melhorou uma f\u00f3rmula de seu pai e criou o conhecido chocolate \u201cNutella\u201d. Nos anos 80, lan\u00e7ou o famoso chocolate \u201cKinder Ovo\u201d, que hoje \u00e9 uma linha com v\u00e1rios produtos, e as linhas \u201cFerrero Rocher\u201d, \u201cMon Cheri\u201d. Posteriormente, lan\u00e7ou tamb\u00e9m as conhecida pastilhas \u201cTic Tac\u201d.<\/p>\n<p style=\"text-align: left\">A companhia de Ferrero vendia o equivalente a 8 bilh\u00f5es de euros por ano, sendo superada apenas pela gigante Nestl\u00e9, que possui um leque de produtos muito maior no setor de chocolates, biscoitos, cereais, bebidas e latic\u00ednios, num total de 27 produtos.<\/p>\n<p style=\"text-align: left\"><strong>Assista ou ou\u00e7a programa do Padre Paulo Ricardo sobre\u00a0\u201c<a href=\"https:\/\/padrepauloricardo.org\/episodios\/a-vida-de-sao-joao-da-cruz\" target=\"_blank\">A vida de S\u00e3o Jo\u00e3o da Cruz<\/a>\u201d:<\/strong><\/p>\n<p style=\"text-align: left\"><iframe loading=\"lazy\" width=\"640\" height=\"360\" src=\"https:\/\/www.youtube-nocookie.com\/embed\/DUSCVIgBXvw?rel=0&showinfo=0\" frameborder=\"0\" allowfullscreen><\/iframe><\/p>\n<p style=\"text-align: left\"><iframe loading=\"lazy\" width=\"100%\" height=\"166\" scrolling=\"no\" frameborder=\"no\" src=\"https:\/\/w.soundcloud.com\/player\/?url=https%3A\/\/api.soundcloud.com\/tracks\/238531729&color=ff5500&show_artwork=false\"><\/iframe><\/p>\n<p style=\"text-align: left\"><b>Um homem devoto de Nossa Senhora de Lourdes<\/b><\/p>\n<p style=\"text-align: left\">Embora bilion\u00e1rio, Ferrero era muito diferente do comum dos homens de sua classe social. Ele era \u201cum ativo devoto de Nossa Senhora de Lourdes, a quem atribu\u00eda a vertiginosa ascens\u00e3o de sua empresa, segundo a Funda\u00e7\u00e3o Cari Filii\u201d<a href=\"#_ftn3\" name=\"_ftnref3\"><span style=\"font-family: Calibri, sans-serif\">[3]<\/span><\/a>. Todas as manh\u00e3s rezava a Virgem de Lourdes, confiando-lhe sua empresa. Como sinal de sua devo\u00e7\u00e3o e confian\u00e7a, na entrada de cada uma das 20 f\u00e1bricas do grupo Ferrero existentes no mundo, Michele mandou colocar uma coluna com a imagem de Nossa Senhora de Lourdes. Na entrada dos escrit\u00f3rios do Grupo, tamb\u00e9m exigia que houvesse sempre uma imagem da Virgem.<\/p>\n<p style=\"text-align: left\">Segundo o jornal brit\u00e2nico The Guardian, a marca \u201cRocher\u201d, que significa rocha em franc\u00eas, \u00e9 uma alus\u00e3o \u00e0 pedra da gruta de Massabielle, onde Nossa Senhora apareceu para Santa Bernadette Soubirous<a href=\"#_ftn4\" name=\"_ftnref4\"><span style=\"font-family: Calibri, sans-serif\">[4]<\/span><\/a>. Um fato que tamb\u00e9m demonstra a import\u00e2ncia desse produto para Michele \u00e9 que o chocolate \u201cFerrero Rocher\u201d \u00e9 o \u00fanico produto da Companhia que leva o nome da fam\u00edlia.<\/p>\n<p style=\"text-align: left\">Em tempos em que h\u00e1 muitas cr\u00edticas ao capitalismo, Michele Ferrero foi um exemplo vivo de que ningu\u00e9m \u00e9 ruim por ser rico, e que a riqueza \u00e9 dada por Deus para fazer o bem, como fazia este grande homem de Deus. Todo ano, ele organizava uma peregrina\u00e7\u00e3o de seus empregados franceses ao Santu\u00e1rio de Lourdes, onde ele pr\u00f3prio costumava presidir a prociss\u00e3o das velas no final do dia. Ferrero tamb\u00e9m levava os altos diretores de sua <i>holding<\/i> para participar do ato religioso, invocando a intercess\u00e3o de Santa Bernadette perante Nossa Senhora. Outra prova da import\u00e2ncia da devo\u00e7\u00e3o mariana para Ferrero \u00e9 o testemunho de Giuseppe Rossetto, que foi prefeito da cidade de Alba durante dez anos. Segundo ele, \u201cas estrat\u00e9gias do grupo se debatiam entre ter\u00e7os e ora\u00e7\u00f5es\u201d<a href=\"#_ftn5\" name=\"_ftnref5\"><span style=\"font-family: Calibri, sans-serif\">[5]<\/span><\/a>.<\/p>\n<p style=\"text-align: left\">Ferrero era muito reservado, n\u00e3o concedia entrevistas e h\u00e1 muito poucas fotos dele em jornais, revistas e na Internet. Mas, em uma de suas rar\u00edssimas declara\u00e7\u00f5es p\u00fablicas, Michele atribui o sucesso de sua empresa a Nossa Senhora de Lourdes: \u201cO sucesso da Ferrero \u00e9 m\u00e9rito da Virgem de Lourdes. Sem ela, n\u00f3s pouco podemos\u201d<a href=\"#_ftn6\" name=\"_ftnref6\"><span style=\"font-family: Calibri, sans-serif\">[6]<\/span><\/a>.<\/p>\n<div id=\"attachment_6722\" style=\"width: 610px\" class=\"wp-caption aligncenter\"><a href=\"http:\/\/blog.cancaonova.com\/tododemaria\/files\/2016\/12\/Michele-Ferrero-e-a-devo\u00e7\u00e3o-a-Nossa-Senhora3.jpg\"><img loading=\"lazy\" decoding=\"async\" aria-describedby=\"caption-attachment-6722\" class=\"wp-image-6722 size-full\" src=\"http:\/\/blog.cancaonova.com\/tododemaria\/files\/2016\/12\/Michele-Ferrero-e-a-devo\u00e7\u00e3o-a-Nossa-Senhora3.jpg\" alt=\"Conhe\u00e7a a hist\u00f3ria de Michele Ferrero, criador das conhecidas marcas \u201cNutella\u201d e \u201cFerrero Rocher\u201d, e a sua devo\u00e7\u00e3o a Nossa Senhora de Lourdes.\" width=\"600\" height=\"330\" srcset=\"https:\/\/blog.cancaonova.com\/tododemaria\/files\/2016\/12\/Michele-Ferrero-e-a-devo\u00e7\u00e3o-a-Nossa-Senhora3.jpg 600w, https:\/\/blog.cancaonova.com\/tododemaria\/files\/2016\/12\/Michele-Ferrero-e-a-devo\u00e7\u00e3o-a-Nossa-Senhora3-300x165.jpg 300w\" sizes=\"(max-width: 600px) 100vw, 600px\" \/><\/a><p id=\"caption-attachment-6722\" class=\"wp-caption-text\">Michele Ferrero<\/p><\/div>\n<p style=\"text-align: left\"><b>Um homem de caridade<\/b><\/p>\n<p style=\"text-align: left\">Giovanni Ferrero, filho mais velho de Michele, deixou sua carreira de escritor para garantir a continuidade da companhia, que emprega cerca de 36.000 pessoas em todo o mundo.<\/p>\n<p style=\"text-align: left\">Na It\u00e1lia, as greves s\u00e3o frequentes, mas em suas f\u00e1bricas elas n\u00e3o existiam. Os funcion\u00e1rios, sempre gentilmente tratados, se negavam a entrar em greve. O fato \u00e9 impressionante e demonstra o respeito e a confian\u00e7a dos trabalhadores para com a pessoa de Ferrero e a sua Companhia. Outro fato surpreendente \u00e9 que Michele queria que sua Empresa fosse uma fam\u00edlia, por isso recusou que ela fosse listada na bolsa de valores<a href=\"#_ftn7\" name=\"_ftnref7\"><span style=\"font-family: Calibri, sans-serif\">[7]<\/span><\/a>.<\/p>\n<p style=\"text-align: left\">Em 1983, Michele Ferrero criou a \u201cFunda\u00e7\u00e3o Piera, Pietro e Giovanni Ferrero\u201d, que leva o nome de sua esposa e de seus filhos. A Funda\u00e7\u00e3o proporciona v\u00e1rios benef\u00edcios, n\u00e3o somente para seus funcion\u00e1rios e ex-funcion\u00e1rios, mas tamb\u00e9m para o p\u00fablico em geral:<\/p>\n<blockquote>\n<p style=\"text-align: left\">Na esfera do apoio social, a Funda\u00e7\u00e3o Ferrero oferece assist\u00eancia m\u00e9dica e social aos ex-colaboradores que trabalharam continuamente para o Grupo por pelo menos 25 anos. A Funda\u00e7\u00e3o promove iniciativas educacionais, criativas, e recreativas para seus ex-colaboradores. No setor cultural, por outro lado, promove atividades nas \u00e1reas de arte, ci\u00eancia, hist\u00f3ria, e literatura, atrav\u00e9s da organiza\u00e7\u00e3o de conven\u00e7\u00f5es, confer\u00eancias, semin\u00e1rios, e exposi\u00e7\u00f5es<a href=\"#_ftn8\" name=\"_ftnref8\"><span style=\"font-family: Calibri, sans-serif\">[8]<\/span><\/a>.<\/p>\n<\/blockquote>\n<p style=\"text-align: left\">Na proximidade do Natal, o testemunho de vida de Michele Ferrero nos inspira ainda mais a f\u00e9, a esperan\u00e7a, e a caridade. Que seu exemplo de devo\u00e7\u00e3o a Nossa Senhora nos ajude a nos preparar, n\u00e3o somente para a celebra\u00e7\u00e3o do Natal, mas tamb\u00e9m para a segunda vinda de Jesus Cristo e a sua vinda ao cotidiano de nossas vidas. Que seu exemplo tamb\u00e9m nos ajude a sermos verdadeiros devotos da Sant\u00edssima Virgem e a fazermos grandes coisas por amor a Deus e ao pr\u00f3ximo.<\/p>\n<p style=\"text-align: left\">Louvado seja Deus pela vida deste grande homem, que silenciosamente fez o bem, que ajudou a suprir as necessidades materiais e espirituais de tantas pessoas. Rezemos a Virgem de Lourdes, para que Michele Ferrero, se n\u00e3o estiver, um dia esteja na Jerusal\u00e9m celeste, diante da Sant\u00edssima Trindade, da Virgem Maria, de todos os anjos e santos!<\/p>\n<p style=\"text-align: left\">Nossa Senhora de Lourdes, rogai por n\u00f3s!<\/p>\n<div id=\"sdfootnote1\">\n<p class=\"sdfootnote-western\"><b>Links relacionados:\u00a0<\/b><\/p>\n<\/div>\n<p class=\"sdfootnote-western\">TODO DE MARIA. <a href=\"http:\/\/blog.cancaonova.com\/tododemaria\/a-mensagem-de-nossa-senhora-de-lourdes\/\" target=\"_blank\">A mensagem de Nossa Senhora de Lourdes<\/a>.<\/p>\n<p class=\"sdfootnote-western\">TODO DE MARIA.\u00a0<a href=\"http:\/\/blog.cancaonova.com\/tododemaria\/maria-e-as-tres-vindas-de-jesus-cristo\/\" target=\"_blank\">Maria e as tr\u00eas vindas de Jesus Cristo<\/a>.<\/p>\n<p class=\"sdfootnote-western\">TODO DE MARIA.\u00a0<a href=\"http:\/\/blog.cancaonova.com\/tododemaria\/um-homem-transformado-pelo-rosario\/\" target=\"_blank\">Um homem transformado pelo Ros\u00e1rio<\/a>.<\/p>\n<p class=\"western\"><b>Refer\u00eancias:<\/b><\/p>\n<hr align=\"left\" size=\"1\" width=\"250\" \/>\n<div id=\"ftn1\" dir=\"ltr\" style=\"text-align: left\">\n<p><a href=\"#_ftnref1\" name=\"_ftn1\"><span style=\"font-family: Calibri, sans-serif\">[1]<\/span><\/a>\u00a0 <a href=\"https:\/\/pt.wikipedia.org\/wiki\/Willy_Wonka\" target=\"_blank\">Willie Wonka<\/a> \u00e9 um dos principais personagens do livro do escritor Roald Dahl, que deu origem ao cl\u00e1ssico filme \u201cA Fant\u00e1stica F\u00e1brica de Chocolate\u201d, que foi produzido primeiramente em 1971 e ganhou uma nova vers\u00e3o em 2005.<\/p>\n<\/div>\n<div id=\"ftn2\" dir=\"ltr\" style=\"text-align: left\">\n<p><a href=\"#_ftnref2\" name=\"_ftn2\"><span style=\"font-family: Calibri, sans-serif\">[2]<\/span><\/a>\u00a0 FORBES. <a href=\"http:\/\/www.forbes.com\/profile\/michele-ferrero\/\" target=\"_blank\">Michele Ferrero &amp; Family<\/a>.<\/p>\n<\/div>\n<div id=\"ftn3\" dir=\"ltr\" style=\"text-align: left\">\n<p><a href=\"#_ftnref3\" name=\"_ftn3\"><span style=\"font-family: Calibri, sans-serif\">[3]<\/span><\/a>\u00a0 IPCO. <a href=\"http:\/\/ipco.org.br\/ipco\/milionario-atribuiu-seu-sucesso-a-nossa-senhora-de-lourdes\/#.WE3A6-YrLIU\" target=\"_blank\">Milion\u00e1rio atribuiu seu sucesso a Nossa Senhora de Lourdes<\/a>.<\/p>\n<\/div>\n<div id=\"ftn4\" dir=\"ltr\" style=\"text-align: left\">\n<p><a href=\"#_ftnref4\" name=\"_ftn4\"><span style=\"font-family: Calibri, sans-serif\">[4]<\/span><\/a>\u00a0 <span lang=\"en-US\">THE GUARDIAN. <a href=\"https:\/\/www.theguardian.com\/business\/2011\/oct\/28\/ferrero-unwrapped\" target=\"_blank\">Ferrero unwrapped: Italy&#8217;s secretive confectioner opens its doors<\/a>.<\/span><\/p>\n<\/div>\n<div id=\"ftn5\" dir=\"ltr\" style=\"text-align: left\">\n<p><a href=\"#_ftnref5\" name=\"_ftn5\"><span style=\"font-family: Calibri, sans-serif\">[5]<\/span><\/a>\u00a0 IPCO. <i>Op. cit.<\/i><\/p>\n<\/div>\n<div id=\"ftn6\" dir=\"ltr\" style=\"text-align: left\">\n<p><a href=\"#_ftnref6\" name=\"_ftn6\"><span style=\"font-family: Calibri, sans-serif\">[6]<\/span><\/a>\u00a0 <i>Idem, ibidem.<\/i><\/p>\n<\/div>\n<div id=\"ftn7\" dir=\"ltr\" style=\"text-align: left\">\n<p><a href=\"#_ftnref7\" name=\"_ftn7\"><span style=\"font-family: Calibri, sans-serif\">[7]<\/span><\/a>\u00a0 ECONOMIST. <a href=\"http:\/\/www.economist.com\/news\/obituary\/21644124-michele-ferrero-italys-chocolate-king-died-valentines-day-aged-89-sweet-secrets\" target=\"_blank\">Michele Ferrero, rei de chocolate da It\u00e1lia, morreu no dia dos namorados, aos 89 anos<\/a>.<\/p>\n<\/div>\n<div id=\"ftn8\" dir=\"ltr\">\n<p style=\"text-align: left\"><a href=\"#_ftnref8\" name=\"_ftn8\"><span style=\"font-family: Calibri, sans-serif\">[8]<\/span><\/a>\u00a0 FERRERO. <a href=\"https:\/\/www.ferrero.com.br\/fundacao\" target=\"_blank\">Funda\u00e7\u00e3o<\/a>.<\/p>\n<\/div>\n","protected":false},"excerpt":{"rendered":"<p>Conhe\u00e7a a hist\u00f3ria de Michele Ferrero, criador das conhecidas marcas \u201cNutella\u201d e \u201cFerrero Rocher\u201d, e a sua devo\u00e7\u00e3o a Nossa Senhora de Lourdes. Ao aproximar-se o Natal de nosso Senhor Jesus Cristo, conhecer a hist\u00f3ria de Michele Ferrero e sua&#8230;<\/p>\n","protected":false},"author":4539,"featured_media":0,"comment_status":"open","ping_status":"open","sticky":false,"template":"","format":"standard","meta":{"_mi_skip_tracking":false,"_monsterinsights_sitenote_active":false,"_monsterinsights_sitenote_note":"","_monsterinsights_sitenote_category":0,"footnotes":""},"categories":[186332],"tags":[],"_links":{"self":[{"href":"https:\/\/blog.cancaonova.com\/tododemaria\/wp-json\/wp\/v2\/posts\/6715"}],"collection":[{"href":"https:\/\/blog.cancaonova.com\/tododemaria\/wp-json\/wp\/v2\/posts"}],"about":[{"href":"https:\/\/blog.cancaonova.com\/tododemaria\/wp-json\/wp\/v2\/types\/post"}],"author":[{"embeddable":true,"href":"https:\/\/blog.cancaonova.com\/tododemaria\/wp-json\/wp\/v2\/users\/4539"}],"replies":[{"embeddable":true,"href":"https:\/\/blog.cancaonova.com\/tododemaria\/wp-json\/wp\/v2\/comments?post=6715"}],"version-history":[{"count":6,"href":"https:\/\/blog.cancaonova.com\/tododemaria\/wp-json\/wp\/v2\/posts\/6715\/revisions"}],"predecessor-version":[{"id":6724,"href":"https:\/\/blog.cancaonova.com\/tododemaria\/wp-json\/wp\/v2\/posts\/6715\/revisions\/6724"}],"wp:attachment":[{"href":"https:\/\/blog.cancaonova.com\/tododemaria\/wp-json\/wp\/v2\/media?parent=6715"}],"wp:term":[{"taxonomy":"category","embeddable":true,"href":"https:\/\/blog.cancaonova.com\/tododemaria\/wp-json\/wp\/v2\/categories?post=6715"},{"taxonomy":"post_tag","embeddable":true,"href":"https:\/\/blog.cancaonova.com\/tododemaria\/wp-json\/wp\/v2\/tags?post=6715"}],"curies":[{"name":"wp","href":"https:\/\/api.w.org\/{rel}","templated":true}]}}