{"id":6725,"date":"2016-12-16T03:00:40","date_gmt":"2016-12-16T05:00:40","guid":{"rendered":"http:\/\/blog.cancaonova.com\/tododemaria\/?p=6725"},"modified":"2019-05-09T10:17:59","modified_gmt":"2019-05-09T13:17:59","slug":"os-remedios-para-as-distracoes-na-oracao","status":"publish","type":"post","link":"https:\/\/blog.cancaonova.com\/tododemaria\/os-remedios-para-as-distracoes-na-oracao\/","title":{"rendered":"Os rem\u00e9dios para as distra\u00e7\u00f5es na ora\u00e7\u00e3o"},"content":{"rendered":"<p>Conhe\u00e7a quais s\u00e3o os rem\u00e9dios mais importantes para as distra\u00e7\u00f5es involunt\u00e1rias na ora\u00e7\u00e3o.<\/p>\n<p>Nesta aula do curso \u201cEnsina-nos a Orar\u201d, Padre Paulo Ricardo nos indica alguns rem\u00e9dios para as nossas distra\u00e7\u00f5es involunt\u00e1rias durante as ora\u00e7\u00f5es. Nas aulas anteriores, n\u00f3s j\u00e1 vimos que h\u00e1 dois tipos de distra\u00e7\u00f5es: as volunt\u00e1rias e as involunt\u00e1rias. Para as distra\u00e7\u00f5es volunt\u00e1rias, o rem\u00e9dio \u00e9 muito simples: tomar vergonha na cara e ser virtuoso. Pois, nesse caso, estamos distra\u00eddos por nossa culpa.<\/p>\n<div id=\"attachment_6737\" style=\"width: 610px\" class=\"wp-caption aligncenter\"><a href=\"http:\/\/blog.cancaonova.com\/tododemaria\/files\/2016\/12\/Os-rem\u00e9dios-para-as-distra\u00e7\u00f5es-na-ora\u00e7\u00e3o.jpg\"><img loading=\"lazy\" decoding=\"async\" aria-describedby=\"caption-attachment-6737\" class=\"size-full wp-image-6737\" src=\"http:\/\/blog.cancaonova.com\/tododemaria\/files\/2016\/12\/Os-rem\u00e9dios-para-as-distra\u00e7\u00f5es-na-ora\u00e7\u00e3o.jpg\" alt=\"Conhe\u00e7a quais s\u00e3o os rem\u00e9dios mais importantes para as distra\u00e7\u00f5es involunt\u00e1rias na ora\u00e7\u00e3o.\" width=\"600\" height=\"330\" srcset=\"https:\/\/blog.cancaonova.com\/tododemaria\/files\/2016\/12\/Os-rem\u00e9dios-para-as-distra\u00e7\u00f5es-na-ora\u00e7\u00e3o.jpg 600w, https:\/\/blog.cancaonova.com\/tododemaria\/files\/2016\/12\/Os-rem\u00e9dios-para-as-distra\u00e7\u00f5es-na-ora\u00e7\u00e3o-300x165.jpg 300w\" sizes=\"(max-width: 600px) 100vw, 600px\" \/><\/a><p id=\"caption-attachment-6737\" class=\"wp-caption-text\">Santa Teresa d&#8217;\u00c1vila<\/p><\/div>\n<p style=\"text-align: left;\">Nas distra\u00e7\u00f5es involunt\u00e1rias, \u00e9 necess\u00e1rio n\u00f3s compreendermos que, em primeiro lugar, n\u00e3o adiantar\u00e1 usar uma for\u00e7a de vontade excessiva. Quando queremos domar um animal, n\u00e3o o domamos pela for\u00e7a, n\u00e3o o matamos de tanto bater ou o deixamos morrer de fome. Temos que saber equilibrar o rigor e a recompensa. Com este cuidado \u00e9 que n\u00f3s devemos lidar com as distra\u00e7\u00f5es. Pois, estas requerem de n\u00f3s um discernimento, para n\u00e3o sermos t\u00e3o folgados a ponto de deixar a dissipa\u00e7\u00e3o tomar conta. Ao mesmo tempo, n\u00e3o podemos ser t\u00e3o rigorosos que nos sufoquemos e fa\u00e7amos uma viol\u00eancia excessiva ao nosso mundo interior.<!--more Continue lendo...--><\/p>\n<p style=\"text-align: center;\"><strong><a href=\"http:\/\/feedburner.google.com\/fb\/a\/mailverify?uri=TodoDeMaria\" target=\"_blank\" rel=\"noopener\">Receba o conte\u00fado deste blog gratuitamente em seu e-mail.<\/a><\/strong><\/p>\n<p style=\"text-align: left;\"><b>As paix\u00f5es e o amor no apostolado<\/b><\/p>\n<p style=\"text-align: left;\">N\u00e3o podemos fazer uma viol\u00eancia excessiva em nosso mundo interior porque as distra\u00e7\u00f5es, de certa forma, est\u00e3o ligadas \u00e0s nossas paix\u00f5es irracionais. Ent\u00e3o, como rem\u00e9dio para as distra\u00e7\u00f5es, n\u00f3s temos, em primeir\u00edssimo lugar, a vida do apostolado. N\u00f3s verdadeiramente devemos nos deixar devorar pelos irm\u00e3os em nosso apostolado. N\u00f3s devemos ter uma vida de doa\u00e7\u00e3o, de entrega e de amor pelo pr\u00f3ximo. Esta doa\u00e7\u00e3o amorosa vai colocando em ordem o nosso mundo interior, as nossas paix\u00f5es.<\/p>\n<p style=\"text-align: left;\">O apostolado, feito por amor primeiramente a Deus, produz resultados muito positivos na nossa vida interior. Com o tempo, veremos que as coisas v\u00e3o melhorar em nossa vida de ora\u00e7\u00e3o. Entretanto, mesmo com esse progresso, \u00e9 necess\u00e1rio recordar duas virtudes muito importantes. A primeira \u00e9 a humildade. N\u00f3s n\u00e3o somos anjos, quem quiser se elevar acima da sua pr\u00f3pria natureza terminar\u00e1 caindo abaixo dela. Se quisermos ser um \u201canjo de luz\u201d (2 Cor 11, 14), significado da palavra em latim <i>l<\/i><i>u<\/i><i>cifer<\/i>, n\u00f3s terminaremos nos transformando numa besta irracional. Ent\u00e3o, sejamos humildes.<\/p>\n<p><strong>Assista ou ou\u00e7a aula&nbsp;do Padre Paulo Ricardo sobre \u201c<a href=\"https:\/\/padrepauloricardo.org\/aulas\/os-remedios-das-distracoes-involuntarias\" target=\"_blank\" rel=\"noopener\">Os rem\u00e9dios das distra\u00e7\u00f5es involunt\u00e1rias<\/a>\u201d:<\/strong><\/p>\n\n<p><b>A aridez e a perseveran\u00e7a na ora\u00e7\u00e3o<\/b><\/p>\n<p style=\"text-align: left;\">N\u00f3s somos seres humanos, limitados. Por isso, a nossa vida de ora\u00e7\u00e3o est\u00e1 realmente sujeita \u00e0s distra\u00e7\u00f5es involunt\u00e1rias e, \u00e0s vezes, a uma realidade de aridez, que n\u00e3o vai mais embora e parece que n\u00e3o vai terminar nunca. Nesse caso, a segunda virtude que nos ajudar\u00e1 \u00e9 a perseveran\u00e7a. Quem perseverar ser\u00e1 salvo (cf. Mt 24, 13), diz a Sagrada Escritura. Nesse mesmo sentido, Santa Teresa d&#8217;\u00c1vila nos recorda: \u201cA paci\u00eancia tudo alcan\u00e7a\u201d<a href=\"#_ftn1\" name=\"_ftnref1\"><span style=\"font-family: Calibri, sans-serif;\">[1]<\/span><\/a>.<\/p>\n<p style=\"text-align: left;\">Vamos confiar que nosso Senhor quer estar conosco e Se unir a n\u00f3s, muito mais do que n\u00f3s queremos nos unir a Ele. Ent\u00e3o, se n\u00f3s n\u00e3o conseguimos nos unir a Ele e vemos com toda clareza que n\u00e3o \u00e9 culpa nossa, perseveremos, sejamos humildes, continuemos firmes e saibamos voltar \u00e0s pr\u00e1ticas do in\u00edcio de nossa vida de ora\u00e7\u00e3o.<\/p>\n<p style=\"text-align: left;\"><b>A aridez e a virtude da humildade<\/b><\/p>\n<p style=\"text-align: left;\">Quando j\u00e1 fizemos progressos na vida de medita\u00e7\u00e3o e j\u00e1 est\u00e1vamos conseguindo vislumbrar lampejos da verdade divina e t\u00ednhamos consola\u00e7\u00f5es interiores, e agora parece que voltamos \u00e0 estaca zero, parece que nunca rezamos na vida, sejamos humildes e voltemos para a ora\u00e7\u00e3o vocal. Santa Teresinha do Menino Jesus, no seu \u201cManuscrito C\u201d, nos recorda com toda clareza quando ela vive momentos de aridez: \u201cVez por outra, quando a minha mente est\u00e1 em t\u00e3o grande aridez que me \u00e9 imposs\u00edvel extrair um pensamento para me unir a Deus, recito muito lentamente o \u2018Pai-nosso\u2019 e a \u2018Sauda\u00e7\u00e3o Ang\u00e9lica\u2019 [Ave-Maria]\u201d<a href=\"#_ftn2\" name=\"_ftnref2\"><span style=\"font-family: Calibri, sans-serif;\">[2]<\/span><\/a>. Rezar dessa forma alimentava Teresinha muito mais do que outras ora\u00e7\u00f5es.<\/p>\n<p style=\"text-align: left;\">Portanto, as distra\u00e7\u00f5es n\u00e3o s\u00e3o boas, mas infelizmente fazem parte da vida de ora\u00e7\u00e3o. Por isso, quando elas se instalam numa esp\u00e9cie de aridez espiritual, ent\u00e3o n\u00f3s precisamos de humildade e de perseveran\u00e7a. Sobretudo, lembremos que o progresso na vida interior n\u00e3o significa ter muitos arroubos m\u00edsticos, mas \u00e9 um crescimento no amor. Por isso, uma vida de ora\u00e7\u00e3o necessita tamb\u00e9m que tenhamos uma vida de apostolado, onde nos deixemos devorar pelos irm\u00e3os e, assim, coloquemos as nossas paix\u00f5es em ordem.<\/p>\n<p style=\"text-align: left;\"><strong>Assista ou ou\u00e7a programa do Padre Paulo Ricardo com o tema&nbsp;\u201c<a href=\"https:\/\/padrepauloricardo.org\/episodios\/uma-oracao-feita-com-distracao-tem-valor\" target=\"_blank\" rel=\"noopener\">Uma ora\u00e7\u00e3o feita com distra\u00e7\u00e3o tem valor?<\/a>\u201d:<\/strong><\/p>\n<p style=\"text-align: left;\"><b>Poesia de Santa Teresa d\u2019\u00c1vila: Nada te perturbe<\/b><\/p>\n<blockquote>\n<p style=\"text-align: left;\">Nada te perturbe,<\/p>\n<p style=\"text-align: left;\">nada te amedronte,<\/p>\n<p style=\"text-align: left;\">tudo passa,<\/p>\n<p style=\"text-align: left;\">Deus n\u00e3o muda,<\/p>\n<p style=\"text-align: left;\">a paci\u00eancia<\/p>\n<p style=\"text-align: left;\">tudo alcan\u00e7a.<\/p>\n<p style=\"text-align: left;\">A quem tem Deus<\/p>\n<p style=\"text-align: left;\">nada falta.<\/p>\n<p style=\"text-align: left;\">S\u00f3 Deus basta<a href=\"#_ftn3\" name=\"_ftnref3\"><span style=\"font-family: Calibri, sans-serif;\">[3]<\/span><\/a>.<\/p>\n<\/blockquote>\n<p><strong>Links relacionados:<\/strong><\/p>\n<p>PADRE PAULO RICARDO.&nbsp;<a href=\"https:\/\/padrepauloricardo.org\/episodios\/as-deploraveis-terceiras-moradas\" target=\"_blank\" rel=\"noopener\">As deplor\u00e1veis Terceiras Moradas<\/a>.<\/p>\n<p>PADRE PAULO RICARDO. <a href=\"https:\/\/padrepauloricardo.org\/cursos\/caminho-de-perfeicao\" target=\"_blank\" rel=\"noopener\">Caminho de Perfei\u00e7\u00e3o<\/a>.<\/p>\n<p>PADRE PAULO RICARDO.&nbsp;<a href=\"https:\/\/padrepauloricardo.org\/episodios\/projeto-terceira-morada\" target=\"_blank\" rel=\"noopener\">Projeto Terceira Morada<\/a>.<\/p>\n<p class=\"western\">TODO DE MARIA.&nbsp;<a href=\"http:\/\/blog.cancaonova.com\/tododemaria\/mudar-de-vida-com-o-projeto-segunda-morada\/\" target=\"_blank\" rel=\"noopener\">Mudar de vida com o Projeto Segunda Morada<\/a>.<\/p>\n<p class=\"western\">TODO DE MARIA.&nbsp;<a href=\"http:\/\/blog.cancaonova.com\/tododemaria\/padre-paulo-ricardo-ensina-nos-a-orar\/\" target=\"_blank\" rel=\"noopener\">Padre Paulo Ricardo ensina-nos a orar<\/a>.<\/p>\n<p class=\"western\"><strong>Refer\u00eancias:<\/strong><\/p>\n<hr align=\"left\" size=\"1\" width=\"250\"\/>\n<div id=\"ftn1\" dir=\"ltr\" style=\"text-align: left;\">\n<p><a href=\"#_ftnref1\" name=\"_ftn1\"><span style=\"font-family: Calibri, sans-serif;\">[1]<\/span><\/a>&nbsp; SANTA TERESA DE JESUS. Obras Completas, Poesia 9.<\/p>\n<\/div>\n<div id=\"ftn2\" dir=\"ltr\" style=\"text-align: left;\">\n<p><a href=\"#_ftnref2\" name=\"_ftn2\"><span style=\"font-family: Calibri, sans-serif;\">[2]<\/span><\/a>&nbsp; SANTA TERESINHA. Hist\u00f3ria de uma alma, Manuscrito C.<\/p>\n<\/div>\n<div id=\"ftn3\" dir=\"ltr\">\n<p style=\"text-align: left;\"><a href=\"#_ftnref3\" name=\"_ftn3\"><span style=\"font-family: Calibri, sans-serif;\">[3]<\/span><\/a>&nbsp; SANTA TERESA DE JESUS. <i>Op. cit.,<\/i> Poesia 9.<\/p>\n<\/div>\n","protected":false},"excerpt":{"rendered":"<p>Conhe\u00e7a quais s\u00e3o os rem\u00e9dios mais importantes para as distra\u00e7\u00f5es involunt\u00e1rias na ora\u00e7\u00e3o. Nesta aula do curso \u201cEnsina-nos a Orar\u201d, Padre Paulo Ricardo nos indica alguns rem\u00e9dios para as nossas distra\u00e7\u00f5es involunt\u00e1rias durante as ora\u00e7\u00f5es. Nas aulas anteriores, n\u00f3s j\u00e1&#8230;<\/p>\n","protected":false},"author":4539,"featured_media":0,"comment_status":"open","ping_status":"open","sticky":false,"template":"","format":"standard","meta":{"_mi_skip_tracking":false,"_monsterinsights_sitenote_active":false,"_monsterinsights_sitenote_note":"","_monsterinsights_sitenote_category":0,"footnotes":""},"categories":[142576],"tags":[188547,261,7601],"_links":{"self":[{"href":"https:\/\/blog.cancaonova.com\/tododemaria\/wp-json\/wp\/v2\/posts\/6725"}],"collection":[{"href":"https:\/\/blog.cancaonova.com\/tododemaria\/wp-json\/wp\/v2\/posts"}],"about":[{"href":"https:\/\/blog.cancaonova.com\/tododemaria\/wp-json\/wp\/v2\/types\/post"}],"author":[{"embeddable":true,"href":"https:\/\/blog.cancaonova.com\/tododemaria\/wp-json\/wp\/v2\/users\/4539"}],"replies":[{"embeddable":true,"href":"https:\/\/blog.cancaonova.com\/tododemaria\/wp-json\/wp\/v2\/comments?post=6725"}],"version-history":[{"count":18,"href":"https:\/\/blog.cancaonova.com\/tododemaria\/wp-json\/wp\/v2\/posts\/6725\/revisions"}],"predecessor-version":[{"id":9039,"href":"https:\/\/blog.cancaonova.com\/tododemaria\/wp-json\/wp\/v2\/posts\/6725\/revisions\/9039"}],"wp:attachment":[{"href":"https:\/\/blog.cancaonova.com\/tododemaria\/wp-json\/wp\/v2\/media?parent=6725"}],"wp:term":[{"taxonomy":"category","embeddable":true,"href":"https:\/\/blog.cancaonova.com\/tododemaria\/wp-json\/wp\/v2\/categories?post=6725"},{"taxonomy":"post_tag","embeddable":true,"href":"https:\/\/blog.cancaonova.com\/tododemaria\/wp-json\/wp\/v2\/tags?post=6725"}],"curies":[{"name":"wp","href":"https:\/\/api.w.org\/{rel}","templated":true}]}}