{"id":6858,"date":"2017-01-11T03:00:02","date_gmt":"2017-01-11T05:00:02","guid":{"rendered":"http:\/\/blog.cancaonova.com\/tododemaria\/?p=6858"},"modified":"2017-10-03T23:31:05","modified_gmt":"2017-10-04T02:31:05","slug":"o-amor-de-santa-teresinha-a-virgem-maria","status":"publish","type":"post","link":"https:\/\/blog.cancaonova.com\/tododemaria\/o-amor-de-santa-teresinha-a-virgem-maria\/","title":{"rendered":"O amor de Santa Teresinha a Virgem Maria"},"content":{"rendered":"<p style=\"text-align: left\"><b>Conhe\u00e7a um bel\u00edssimo poema de Santa Teresinha do Menino Jesus, que expressa todo seu amor a Virgem Maria.<\/b><\/p>\n<p style=\"text-align: left\">Santa Teresa do Menino Jesus e da Sagrada Face comp\u00f4s um lind\u00edssimo poema dedicado a Sant\u00edssima Virgem Maria, intitulado \u201cPorque eu te amo, Maria&#8221;. A poesia expressa todo o seu amor por aquela que chama de \u201cminha querida M\u00e3e\u201d.<\/p>\n<p style=\"text-align: left\"><i>Marie-Fran\u00e7oise-Th\u00e9r\u00e8se Martin<\/i> nasceu no dia 2 de janeiro de 1873, em Alen\u00e7on, na Fran\u00e7a. Teresinha entrou com apenas 15 anos no Carmelo de Lisieux, no dia 9 de abril de 1888 e faleceu apenas nove anos depois, em 30 de setembro de 1897. Santa Teresa foi enterrada em 4 de outubro, no espa\u00e7o das carmelitas no cemit\u00e9rio municipal de Lisieux, junto com seus pais <i>Z\u00e9lie e Louis Martin<\/i>. No dia 26 de Mar\u00e7o de 1923, o corpo de Teresinha foi exumado, e foi levado de volta ao Carmelo de Lisieux, onde permanece at\u00e9 nossos dias.<\/p>\n<div id=\"attachment_6863\" style=\"width: 610px\" class=\"wp-caption aligncenter\"><a href=\"http:\/\/blog.cancaonova.com\/tododemaria\/files\/2017\/01\/O-amor-de-Santa-Teresinha-a-Virgem-Maria.jpg\"><img loading=\"lazy\" decoding=\"async\" aria-describedby=\"caption-attachment-6863\" class=\"size-full wp-image-6863\" src=\"http:\/\/blog.cancaonova.com\/tododemaria\/files\/2017\/01\/O-amor-de-Santa-Teresinha-a-Virgem-Maria.jpg\" alt=\"Conhe\u00e7a um bel\u00edssimo poema de Santa Teresinha do Menino Jesus, que expressa todo seu amor a Virgem Maria.\" width=\"600\" height=\"330\" srcset=\"https:\/\/blog.cancaonova.com\/tododemaria\/files\/2017\/01\/O-amor-de-Santa-Teresinha-a-Virgem-Maria.jpg 600w, https:\/\/blog.cancaonova.com\/tododemaria\/files\/2017\/01\/O-amor-de-Santa-Teresinha-a-Virgem-Maria-300x165.jpg 300w\" sizes=\"(max-width: 600px) 100vw, 600px\" \/><\/a><p id=\"caption-attachment-6863\" class=\"wp-caption-text\">Santa Teresinha, o Menino Jesus e a Virgem Maria<\/p><\/div>\n<p style=\"text-align: left\">Conhecida tamb\u00e9m como Santa das Rosas, Teresinha tinha um talento, um dom, extraordin\u00e1rio para compor poemas. Em seus poucos anos de vida, em meios aos afazeres, \u00e0s ora\u00e7\u00f5es, \u00e0 vida austera, pr\u00f3prios das monjas Carmelitas Descal\u00e7as, Santa Teresa do Menino Jesus comp\u00f4s e deixou-nos lindas obras, que refletem a profundidade e, ao mesmo tempo, a simplicidade de sua vida espiritual. Dentre essas obras, apresentamos um poema que expressa o amor e a intimidade de Santa Teresinha para com a Sant\u00edssima Virgem.<!--more Continue lendo...--><\/p>\n<p style=\"text-align: center\"><strong><a href=\"http:\/\/feedburner.google.com\/fb\/a\/mailverify?uri=TodoDeMaria\" target=\"_blank\" rel=\"noopener\">Receba o conte\u00fado deste blog gratuitamente em seu e-mail.<\/a><\/strong><\/p>\n<p>Na homilia que compartilhamos abaixo, Padre Paulo Ricardo nos ajuda a compreender a espiritualidade de Santa Teresinha, especialmente em rela\u00e7\u00e3o a Sant\u00edssima Virgem, a partir de sua bel\u00edssima poesia. A partir da medita\u00e7\u00e3o de Padre Paulo, compreenderemos como a \u201cPequena Via\u201d da Santa de Lisieux est\u00e1 intimamente ligada com a devo\u00e7\u00e3o a Nossa Senhora.<\/p>\n<p><strong>Ou\u00e7a homilia do Padre Paulo Ricardo sobre \u201c<a href=\"https:\/\/www.mixcloud.com\/tododemaria\/santa-teresinha-e-a-devo\u00e7\u00e3o-a-virgem-maria\/\" target=\"_blank\" rel=\"noopener\">Santa Teresinha e a devo\u00e7\u00e3o a Virgem Maria<\/a>\u201d:<\/strong><\/p>\n<iframe loading=\"lazy\" width=\"100%\" height=\"120\" src=\"https:\/\/www.mixcloud.com\/widget\/iframe\/?hide_cover=1&light=1&hide_artwork=1&feed=%2Ftododemaria%2Fsanta-teresinha-e-a-devo%C3%A7%C3%A3o-a-virgem-maria%2F\" frameborder=\"0\" ><\/iframe>\n<p style=\"text-align: left\"><b>Poesia de Santa Teresinha do Menino Jesus: <strong>\u201c<\/strong><\/b><b>Porque eu te amo, Maria<strong>\u201d<\/strong>.<\/b><\/p>\n<blockquote>\n<p style=\"text-align: left\">Quisera cantar, Maria, porque te amo,<br \/>\nPorque, ao teu nome, exulta meu cora\u00e7\u00e3o<br \/>\nE porque, ao pensar em tua gl\u00f3ria suprema,<br \/>\nMinh\u2019alma n\u00e3o sente temor algum.<br \/>\nSe eu viesse a contemplar o teu fulgor sublime<br \/>\nQue supera de muito o dos anjos e santos,<br \/>\nN\u00e3o poderia crer que sou tua filha<br \/>\nE, ent\u00e3o, diante de ti, baixaria meus olhos.<\/p>\n<p style=\"text-align: left\">Para que um filho possa amar sua m\u00e3e,<br \/>\nQue ela chore com ele e partilhe suas dores\u2026<br \/>\nPois tu, querida M\u00e3e, nestas plagas de ex\u00edlio,<br \/>\nQuanto pranto verteste a fim de conquistar-me!\u2026<br \/>\nAo meditar tua vida escrita no Evangelho,<br \/>\nOuso te contemplar e me acercar de ti;<br \/>\nNada me custa crer que sou um de teus filhos,<br \/>\nPois te vejo mortal e, como eu, sofredora.<\/p>\n<p style=\"text-align: left\">Quando o anjo te anunciou que serias a M\u00e3e<br \/>\nDo Deus que reinar\u00e1 por toda a eternidade,<br \/>\nEu te vi preferir, Maria \u2013 que mist\u00e9rio! \u2013,<br \/>\nO inef\u00e1vel, luzente ouro da Virgindade.<br \/>\nCompreendo que tua alma, Imaculada Virgem,<br \/>\nSeja mais cara a Deus que o pr\u00f3prio c\u00e9u divino;<br \/>\nCompreendo que tua alma, Humilde e doce Vale,<br \/>\nPossa conter Jesus, o grande Mar do Amor!\u2026<\/p>\n<p style=\"text-align: left\">Como te amo, Maria, ao declarar-te serva<br \/>\nDo Deus que conquistaste por tua humildade,<br \/>\nTornou-te onipotente essa virtude oculta.<br \/>\nEla ao teu cora\u00e7\u00e3o trouxe a Trindade santa<br \/>\ne o Esp\u00edrito de Amor, cobrindo-te em sua sombra,<br \/>\nO Filho, igual ao Pai, encarnou-se em teu seio\u2026<br \/>\nIn\u00fameros ser\u00e3o seus irm\u00e3os pecadores,<br \/>\nUma vez que Jesus \u00e9 o teu primeiro filho!\u2026<\/p>\n<p style=\"text-align: left\">\u00d3 M\u00e3e muito querida, embora pequenina,<br \/>\nTrago em mim, como tu, o Todo-Poderoso<br \/>\ne nunca tremo ao ver em mim tanta fraqueza.<br \/>\nO tesouro da M\u00e3e \u00e9 possess\u00e3o do Filho,<br \/>\ne sou tua filha, \u00f3 M\u00e3e estremecida.<br \/>\nTua virtude e amor n\u00e3o s\u00e3o, de fato, meus?<br \/>\nE quando ao cora\u00e7\u00e3o me vem a H\u00f3stia santa,<br \/>\nTeu Cordeiro, Jesus, cr\u00ea que repousa em Ti!\u2026<\/p>\n<p style=\"text-align: left\">Tu me fazes sentir que n\u00e3o \u00e9 imposs\u00edvel<br \/>\nOs teus passos seguir, Rainha dos eleitos,<br \/>\nPois o trilho do c\u00e9u nos tornaste vis\u00edvel,<br \/>\nVivendo cada dia as mais simples virtudes.<br \/>\nQuero ficar pequena ao teu lado, Maria,<br \/>\nPor ver como s\u00e3o v\u00e3s as grandezas do mundo.<br \/>\nAo ver-te visitar a casa de Isabel,<br \/>\nAprendo a praticar a caridade ardente.<\/p>\n<p style=\"text-align: left\">A\u00ed escuto absorta, \u00f3 Rainha dos anjos,<br \/>\nO canto celestial que jorrou de teu peito;<br \/>\nEnsinas-me a cantar os divinos louvores<br \/>\nE a s\u00f3 me gloriar em Jesus Salvador.<br \/>\nTuas frases de amor ca\u00edram como rosas<br \/>\nQue iriam perfumar os s\u00e9culos futuros.<br \/>\nO Todo-Poderoso em ti fez maravilhas,<br \/>\nCujas b\u00ean\u00e7\u00e3os, na prece, quero usufruir.<\/p>\n<p style=\"text-align: left\">Quando o bom S\u00e3o Jos\u00e9 ignorava o milagre<br \/>\nQue intentavas velar com tua humildade,<br \/>\nTu o deixaste chorar aos p\u00e9s do Tabern\u00e1culo<br \/>\nQue esconde o Salvador e sua eterna Beleza!\u2026<br \/>\nMaria, amo esse teu eloq\u00fcente sil\u00eancio,<br \/>\nQue soa para mim como um doce concerto,<br \/>\nMelodia cantando a grandeza e o poder<br \/>\nDe um cora\u00e7\u00e3o que espera ajuda s\u00f3 dos c\u00e9us\u2026<\/p>\n<p style=\"text-align: left\">E, mais tarde, em Bel\u00e9m, \u00f3 Jos\u00e9 e Maria,<br \/>\nRejeitados os vi por todas as pessoas.<br \/>\nN\u00e3o os recebeu ningu\u00e9m em sua hospedaria,<br \/>\nQue s\u00f3 os grandes acolhe e n\u00e3o pobres migrantes\u2026<br \/>\nPara os grandes o hotel, portanto \u00e9 num est\u00e1bulo<br \/>\nQue a Rainha do c\u00e9u d\u00e1 \u00e0 luz o Filho-Deus.<br \/>\nMinha querida M\u00e3e que acho t\u00e3o am\u00e1vel,<br \/>\nComo te vejo grande em lugar t\u00e3o pequeno!\u2026<\/p>\n<p style=\"text-align: left\">Quando vejo o Eterno envolvido em paninhos<br \/>\nE ou\u00e7o o fraco vagir desse Verbo divino,<br \/>\n\u00d3 M\u00e3e querida, n\u00e3o invejo mais os anjos,<br \/>\nPorquanto o Onipotente \u00e9 meu amado Irm\u00e3o!\u2026<br \/>\nComo te amo, Maria, a ti que, em nossas terras,<br \/>\nFazes desabrochar essa divina Flor!\u2026<br \/>\nComo te amo escutando os pastores e os magos<br \/>\nGuardando, com amor, tudo no cora\u00e7\u00e3o!\u2026<\/p>\n<p style=\"text-align: left\">Amo ao ver-te tamb\u00e9m, entre as outras mulheres,<br \/>\nOs passos dirigindo ao Templo do Senhor.<br \/>\nAmo-te apresentando o nosso Salvador<br \/>\n\u00c0quele santo anci\u00e3o que O tomou em seus bra\u00e7os.<br \/>\nEm princ\u00edpio, sorrindo, escuto o canto dele,<br \/>\nLogo, por\u00e9m, seu tom me faz cair em pranto,<br \/>\nPois, sondando o porvir com olhar de profeta,<br \/>\nSime\u00e3o te apresentou uma espada de dores.<\/p>\n<p style=\"text-align: left\">Rainha do mart\u00edrio, at\u00e9 a noite da vida<br \/>\nEssa espada de dor traspassar\u00e1 teu peito.<br \/>\nCedo tens de deixar o teu pa\u00eds natal,<br \/>\nFugindo do furor de um rei cheio de inveja.<br \/>\nJesus cochila em paz nas dobras de teu v\u00e9u;<br \/>\nJos\u00e9 te vem pedir para partir depressa<br \/>\nE logo se revela tua obedi\u00eancia,<br \/>\nPartindo sem atraso ou considera\u00e7\u00f5es.<\/p>\n<p style=\"text-align: left\">L\u00e1 na terra do Egito, \u00f3 Maria, parece<br \/>\nQue mant\u00e9ns, na pobreza, o cora\u00e7\u00e3o feliz.<br \/>\nUma vez que Jesus \u00e9 a mais bela das p\u00e1trias,<br \/>\nCom Ele tendo o c\u00e9u, pouco te importa o ex\u00edlio\u2026<br \/>\nMas, em Jerusal\u00e9m, uma amarga tristeza,<br \/>\nComo um imenso mar, vem inundar teu peito:<br \/>\nPor tr\u00eas dias Jesus se esconde de teu amor;<br \/>\nAgora \u00e9 ex\u00edlio, sim, em todo o seu rigor.<\/p>\n<p style=\"text-align: left\">Tu O descobres enfim, e alegria te inunda<br \/>\nVendo teu belo filho encantando os doutores<br \/>\nE lhe dizes: \u201cPor que, meu filho, agiste assim?<br \/>\nEis que eu mais o teu pai chorando te busc\u00e1vamos!\u201d<br \/>\nEnt\u00e3o o Filho de Deus responde (oh! que mist\u00e9rio!)<br \/>\n\u00c0 sua terna M\u00e3e que os bra\u00e7os lhe estendia:<br \/>\n\u201cPor que me procurais?\u2026 N\u00e3o sabeis, talvez,<br \/>\nQue das obras do Pai devo me ocupar?\u201d<\/p>\n<p style=\"text-align: left\">O Evangelho nos diz que, crescendo em saber,<br \/>\nA Maria e Jos\u00e9, Jesus obedecia.<br \/>\nE o cora\u00e7\u00e3o me diz com que infinda ternura<br \/>\nO Menino a seus pais assim se submetia.<br \/>\nS\u00f3 agora compreendo o mist\u00e9rio do templo:<br \/>\nPalavras de meu Rei envoltas em mist\u00e9rio.<br \/>\nTeu doce Filho, M\u00e3e, quer que sejas exemplo<br \/>\nDe quem O busca em meio \u00e0 escurid\u00e3o da f\u00e9.<\/p>\n<p style=\"text-align: left\">J\u00e1 que o supremo Rei do C\u00e9u quis que sua m\u00e3e<br \/>\nSe afundasse na noite e em ang\u00fastias interiores,<br \/>\nEnt\u00e3o, Maria, \u00e9 um bem sofrer assim na terra?<br \/>\nSim, sofrer com amor \u00e9 o mais puro prazer.<br \/>\nTudo quanto me deu Jesus pode tomar;<br \/>\nDize-lhe que comigo nunca se preocupe\u2026<br \/>\nQue se esconda, se quer; consinto em esperar<br \/>\nAt\u00e9 o dia sem poente em que se apaga a f\u00e9.<\/p>\n<p style=\"text-align: left\">Sei que, em Nazar\u00e9, \u00f3 M\u00e3e, cheia de gra\u00e7a,<br \/>\nLonge das ambi\u00e7\u00f5es, viveste pobremente,<br \/>\nSem arrebatamento ou \u00eaxtase e milagre<br \/>\nQue te adornasse a vida, \u00f3 Rainha do C\u00e9u.<br \/>\nNa terra \u00e9 muito grande o bando dos pequenos<br \/>\nQue, sem temor, a ti elevam seu olhar.<br \/>\n\u00c9 o caminho comum que te apraz caminhar,<br \/>\nIncompar\u00e1vel M\u00e3e, para gui\u00e1-los ao c\u00e9u!<\/p>\n<p style=\"text-align: left\">Enquanto espero o c\u00e9u, \u00f3 minha M\u00e3e querida,<br \/>\nContigo hei de viver, seguir-te cada dia.<br \/>\nContemplando-te, M\u00e3e, sinto-me extasiada<br \/>\nAo descobrir em ti abismos s\u00f3 de amor.<br \/>\nTeu olhar maternal expulsa meus temores,<br \/>\nEnsina-me a chorar e tamb\u00e9m a sorrir.<br \/>\nEm vez de desprezar gozos puros e santos,<br \/>\nTu os queres partilhar, digna-te a aben\u00e7o\u00e1-los.<\/p>\n<p style=\"text-align: left\">Em Can\u00e1, ao notar a ang\u00fastia do casal<br \/>\nQue n\u00e3o sabe ocultar a falta de vinho,<br \/>\nPreocupada contas tudo a teu Jesus,<br \/>\nEsperando de Seu poder a solu\u00e7\u00e3o.<br \/>\nParece que Jesus recusa teu pedido<br \/>\nDizendo: \u201cIsto que importa a mim e a ti, Mulher?\u201d<br \/>\nMas, l\u00e1 em seu cora\u00e7\u00e3o, Ele te chama M\u00e3e<br \/>\nE por ti Ele opera o primeiro milagre\u2026<\/p>\n<p style=\"text-align: left\">Pecadores, um dia, ouviam a palavra<br \/>\nDaquele que no c\u00e9u deseja receb\u00ea-los.<br \/>\nJunto deles te vejo, \u00f3 M\u00e3e, sobre a colina,<br \/>\nE algu\u00e9m diz a Jesus que tu pretendes v\u00ea-Lo.<br \/>\nEnt\u00e3o o Filho de Deus, diante da turba inteira,<br \/>\nMostrou a imensid\u00e3o de Seu amor por n\u00f3s<br \/>\nDizendo: \u201cO meu irm\u00e3o e minha M\u00e3e quem \u00e9?<br \/>\nN\u00e3o \u00e9 outro sen\u00e3o quem faz minha vontade\u201d.<\/p>\n<p style=\"text-align: left\">Virgem Imaculada, a mais terna das m\u00e3es,<br \/>\nAo escutar Jesus tu n\u00e3o ficaste triste<br \/>\nMas te alegraste, pois Ele nos fez saber<br \/>\nQue nossa alma, aqui embaixo, \u00e9 Sua fam\u00edlia.<br \/>\nTu te alegras por ver que Ele nos d\u00e1 Sua vida,<br \/>\nE os tesouros sem fim de Sua divindade!\u2026<br \/>\nComo, pois, n\u00e3o te amar, \u00f3 M\u00e3e terna e querida,<br \/>\nAo ver tamanho amor e t\u00e3o grande humildade?<\/p>\n<p style=\"text-align: left\">Tu nos amas, \u00f3 M\u00e3e, como Jesus nos ama<br \/>\nE consentes, por n\u00f3s, em afastar-se dele.<br \/>\nAmar \u00e9 tudo dar; depois, dar-se a si mesmo.<br \/>\nIsto provaste ao te tornares nosso apoio.<br \/>\nConhecia Jesus tua imensa ternura<br \/>\nE os segredos de teu cora\u00e7\u00e3o maternal.<br \/>\nEle nos deixa a ti, do pecador Ref\u00fagio,<br \/>\nQuando abandona a cruz para esperar-nos no c\u00e9u.<\/p>\n<p style=\"text-align: left\">Tu me apareces, M\u00e3e, no cimo do Calv\u00e1rio,<br \/>\nDe p\u00e9, junto da cruz, qual padre ao p\u00e9 do altar,<br \/>\nE ofertas, para aplacar a justi\u00e7a do Pai,<br \/>\nTeu querido Jesus, esse doce Emanuel\u2026<br \/>\nUm profeta j\u00e1 disse, \u00f3 M\u00e3e t\u00e3o desolada:<br \/>\n\u201cN\u00e3o h\u00e1 dor neste mundo igual \u00e0 tua dor\u201d!<br \/>\nFicando aqui no ex\u00edlio, \u00f3 Rainha dos m\u00e1rtires,<br \/>\nTodo o sangue que tens no cora\u00e7\u00e3o nos d\u00e1s.<\/p>\n<p style=\"text-align: left\">O teu \u00fanico asilo \u00e9 a casa de S\u00e3o Jo\u00e3o;<br \/>\nFilho de Zebedeu deve substituir Jesus!\u2026<br \/>\n\u00c9 o detalhe final que vem nos evangelhos<br \/>\nE n\u00e3o se fala mais da Rainha dos c\u00e9us.<br \/>\nMas, M\u00e3e querida, teu sil\u00eancio t\u00e3o profundo<br \/>\nN\u00e3o revela t\u00e3o bem a n\u00f3s que o Verbo eterno<br \/>\nQuer cantar Ele pr\u00f3prio o louvor de tua vida<br \/>\nPara poder encantar teus filhos l\u00e1 no c\u00e9u?<\/p>\n<p style=\"text-align: left\">Logo, logo ouvirei essa doce harmonia;<br \/>\nCedo irei para o c\u00e9u a fim de l\u00e1 te ver.<br \/>\nTu que, no amanhecer da vida, me sorriste,<br \/>\nVem me sorrir de novo, \u00f3 M\u00e3e! J\u00e1 se faz noite!\u2026<br \/>\nN\u00e3o tenho mais temor do brilho de tua gl\u00f3ria;<br \/>\nContigo j\u00e1 sofri, o que desejo agora<br \/>\n\u00c9 cantar, em teu colo, \u00f3 M\u00e3e, porque \u00e9 que te amo<br \/>\nE mil vezes dizer-te que sou tua filha!\u2026<a href=\"#_ftn1\" name=\"_ftnref1\"><span style=\"font-family: Calibri, sans-serif\">[1]<\/span><\/a><\/p>\n<\/blockquote>\n<p style=\"text-align: left\"><strong>Refer\u00eancia:<\/strong><\/p>\n<hr align=\"left\" size=\"1\" width=\"250\"\/>\n<div id=\"ftn1\" dir=\"ltr\">\n<p style=\"text-align: left\"><a href=\"#_ftnref1\" name=\"_ftn1\"><span style=\"font-family: Calibri, sans-serif\">[1]<\/span><\/a>&nbsp; BAS\u00cdLICA SANTA TERESINHA DO MENINO JESUS. <a href=\"http:\/\/www.basilicasantateresinha.org.br\/basilica\/portal-das-rosas\/escritos\/\">Escritos<\/a>.<\/p>\n<\/div>\n","protected":false},"excerpt":{"rendered":"<p>Conhe\u00e7a um bel\u00edssimo poema de Santa Teresinha do Menino Jesus, que expressa todo seu amor a Virgem Maria. Santa Teresa do Menino Jesus e da Sagrada Face comp\u00f4s um lind\u00edssimo poema dedicado a Sant\u00edssima Virgem Maria, intitulado \u201cPorque eu te&#8230;<\/p>\n","protected":false},"author":4539,"featured_media":0,"comment_status":"open","ping_status":"open","sticky":false,"template":"","format":"standard","meta":{"_mi_skip_tracking":false,"_monsterinsights_sitenote_active":false,"_monsterinsights_sitenote_note":"","_monsterinsights_sitenote_category":0,"footnotes":""},"categories":[186332,621],"tags":[],"_links":{"self":[{"href":"https:\/\/blog.cancaonova.com\/tododemaria\/wp-json\/wp\/v2\/posts\/6858"}],"collection":[{"href":"https:\/\/blog.cancaonova.com\/tododemaria\/wp-json\/wp\/v2\/posts"}],"about":[{"href":"https:\/\/blog.cancaonova.com\/tododemaria\/wp-json\/wp\/v2\/types\/post"}],"author":[{"embeddable":true,"href":"https:\/\/blog.cancaonova.com\/tododemaria\/wp-json\/wp\/v2\/users\/4539"}],"replies":[{"embeddable":true,"href":"https:\/\/blog.cancaonova.com\/tododemaria\/wp-json\/wp\/v2\/comments?post=6858"}],"version-history":[{"count":18,"href":"https:\/\/blog.cancaonova.com\/tododemaria\/wp-json\/wp\/v2\/posts\/6858\/revisions"}],"predecessor-version":[{"id":7819,"href":"https:\/\/blog.cancaonova.com\/tododemaria\/wp-json\/wp\/v2\/posts\/6858\/revisions\/7819"}],"wp:attachment":[{"href":"https:\/\/blog.cancaonova.com\/tododemaria\/wp-json\/wp\/v2\/media?parent=6858"}],"wp:term":[{"taxonomy":"category","embeddable":true,"href":"https:\/\/blog.cancaonova.com\/tododemaria\/wp-json\/wp\/v2\/categories?post=6858"},{"taxonomy":"post_tag","embeddable":true,"href":"https:\/\/blog.cancaonova.com\/tododemaria\/wp-json\/wp\/v2\/tags?post=6858"}],"curies":[{"name":"wp","href":"https:\/\/api.w.org\/{rel}","templated":true}]}}