{"id":691,"date":"2012-09-10T01:00:04","date_gmt":"2012-09-10T04:00:04","guid":{"rendered":"http:\/\/blog.cancaonova.com\/tododemaria\/?p=691"},"modified":"2016-01-24T19:55:28","modified_gmt":"2016-01-24T21:55:28","slug":"como-jesus-deixemo-nos-gerar-por-maria","status":"publish","type":"post","link":"https:\/\/blog.cancaonova.com\/tododemaria\/como-jesus-deixemo-nos-gerar-por-maria\/","title":{"rendered":"Como Jesus, deixemo-nos gerar por Maria"},"content":{"rendered":"<p><strong>\u201cEis que a virgem conceber\u00e1 e dar\u00e1 \u00e0 luz um filho. Ele ser\u00e1 chamado pelo nome de Emanuel, que significa: Deus est\u00e1 conosco\u201d (Mt 1, 23).<\/strong><\/p>\n<p><a href=\"http:\/\/blog.cancaonova.com\/tododemaria\/files\/2012\/09\/natividade_maria2.jpg\"><img loading=\"lazy\" decoding=\"async\" class=\"alignleft size-medium wp-image-694\" src=\"http:\/\/blog.cancaonova.com\/tododemaria\/files\/2012\/09\/natividade_maria2-218x300.jpg\" alt=\"Por Nossa Senhora veio ao mundo o Salvador, o Verbo de Deus feito carne, Jesus Cristo Nosso Senhor.\" width=\"218\" height=\"300\" \/><\/a>O nascimento da Virgem Maria \u00e9 um acontecimento que deve nos encher de alegria e de esperan\u00e7a. Pois, foi atrav\u00e9s de Nossa Senhora que veio ao mundo o Salvador, o Verbo de Deus feito carne, o Deus conosco. O sim de Maria, a sua docilidade, a sua entrega total \u00e0 vontade de Deus permitiu que Jesus Cristo viesse habitar no meio de n\u00f3s. Ele poderia ter vindo de outra forma, mas no seu esvaziamento, o Senhor do universo quis vir ao mundo por meios ordin\u00e1rios. Deus, que tudo pode, veio ao mundo atrav\u00e9s do ventre virginal de Maria.<\/p>\n<p>A Virgem Maria nasceu sem a mancha do pecado original. Ela foi o Tabern\u00e1culo pur\u00edssimo, no qual repousou o Filho de Deus. Este Tabern\u00e1culo foi preparado pelo pr\u00f3prio Senhor. Pelos m\u00e9ritos do mist\u00e9rio pascal de Cristo, da sua paix\u00e3o morte e ressurrei\u00e7\u00e3o, ela foi concebida sem o pecado original. Deus a fez assim por um des\u00edgnio amoroso, que n\u00e3o somos capazes de compreender. O m\u00e9rito de Nossa Senhora foi dizer sim a esse des\u00edgnio de amor, foi a sua docilidade em acolher a Palavra, o Verbo de Deus em seu ventre e em seu cora\u00e7\u00e3o.<!--more Continue lendo...--><\/p>\n<p style=\"text-align: center\"><strong><a href=\"http:\/\/feedburner.google.com\/fb\/a\/mailverify?uri=TodoDeMaria\" target=\"_blank\">Receba o conte\u00fado deste blog gratuitamente em seu e-mail.<\/a><\/strong><\/p>\n<p>Maria n\u00e3o s\u00f3 gerou Jesus fisicamente, biologicamente, mas o gerou tamb\u00e9m e principalmente espiritualmente. Ele aprendeu, com a Virgem Sant\u00edssima a religi\u00e3o judaica, a observar os mandamentos da Lei de Deus. Ela n\u00e3o somente ensinava a Lei, mas tamb\u00e9m a cumpria rigorosamente. Nossa Senhora tamb\u00e9m ensinou a Jesus os costumes dos judeus, a sua cultura, que inspirou os seus ensinamentos.<\/p>\n<p>A Virgem Maria, que foi concebida sem pecado pela gra\u00e7a de Nosso Senhor Jesus Cristo, gerou-O em seu entre. Ele est\u00e1 conosco porque ela O trouxe ao mundo para n\u00f3s, para a nossa salva\u00e7\u00e3o. O mesmo acontece conosco. Enquanto membros do corpo de Cristo, somos gerados espiritualmente por Maria. Por\u00e9m, esta gera\u00e7\u00e3o espiritual depende muito na nossa docilidade. Quanto somos d\u00f3ceis a ela, quanto mais nos entregamos a ela, mais adquirimos as fei\u00e7\u00f5es de seu Filho Jesus Cristo.<\/p>\n<p>Deixemos que a Palavra de Deus seja gerada em n\u00f3s pela Virgem Maria. Entreguemos a ela nossa mente, nosso cora\u00e7\u00e3o, nossos sentimentos, nossos desejos, nossa vontade, nossos sonhos e projetos. Pois, para gerar Jesus, Maria teve que entregar a Deus tudo isso. Entreguemos tudo nas m\u00e3os de Nossa Senhora, para que essas coisas n\u00e3o atrapalhem o des\u00edgnio de Deus a nosso respeito. Como se dar\u00e3o todas as coisas n\u00e3o sabemos, mas como Maria digamos: \u201cEis aqui a serva (o servo) do Senhor! Fa\u00e7a-se em mim segundo a tua palavra\u201d (Lc 1, 38). N\u00e3o tenhamos medo de confiar tudo a Jesus Cristo, pelas m\u00e3os da Virgem Maria, pois Ele quer a nossa realiza\u00e7\u00e3o, a nossa felicidade, a nossa salva\u00e7\u00e3o.<\/p>\n","protected":false},"excerpt":{"rendered":"<p>\u201cEis que a virgem conceber\u00e1 e dar\u00e1 \u00e0 luz um filho. Ele ser\u00e1 chamado pelo nome de Emanuel, que significa: Deus est\u00e1 conosco\u201d (Mt 1, 23). O nascimento da Virgem Maria \u00e9 um acontecimento que deve nos encher de alegria&#8230;<\/p>\n","protected":false},"author":4539,"featured_media":0,"comment_status":"open","ping_status":"open","sticky":false,"template":"","format":"standard","meta":{"_mi_skip_tracking":false,"_monsterinsights_sitenote_active":false,"_monsterinsights_sitenote_note":"","_monsterinsights_sitenote_category":0,"footnotes":""},"categories":[6031],"tags":[],"_links":{"self":[{"href":"https:\/\/blog.cancaonova.com\/tododemaria\/wp-json\/wp\/v2\/posts\/691"}],"collection":[{"href":"https:\/\/blog.cancaonova.com\/tododemaria\/wp-json\/wp\/v2\/posts"}],"about":[{"href":"https:\/\/blog.cancaonova.com\/tododemaria\/wp-json\/wp\/v2\/types\/post"}],"author":[{"embeddable":true,"href":"https:\/\/blog.cancaonova.com\/tododemaria\/wp-json\/wp\/v2\/users\/4539"}],"replies":[{"embeddable":true,"href":"https:\/\/blog.cancaonova.com\/tododemaria\/wp-json\/wp\/v2\/comments?post=691"}],"version-history":[{"count":4,"href":"https:\/\/blog.cancaonova.com\/tododemaria\/wp-json\/wp\/v2\/posts\/691\/revisions"}],"predecessor-version":[{"id":5243,"href":"https:\/\/blog.cancaonova.com\/tododemaria\/wp-json\/wp\/v2\/posts\/691\/revisions\/5243"}],"wp:attachment":[{"href":"https:\/\/blog.cancaonova.com\/tododemaria\/wp-json\/wp\/v2\/media?parent=691"}],"wp:term":[{"taxonomy":"category","embeddable":true,"href":"https:\/\/blog.cancaonova.com\/tododemaria\/wp-json\/wp\/v2\/categories?post=691"},{"taxonomy":"post_tag","embeddable":true,"href":"https:\/\/blog.cancaonova.com\/tododemaria\/wp-json\/wp\/v2\/tags?post=691"}],"curies":[{"name":"wp","href":"https:\/\/api.w.org\/{rel}","templated":true}]}}