{"id":7326,"date":"2017-05-17T03:00:05","date_gmt":"2017-05-17T06:00:05","guid":{"rendered":"http:\/\/blog.cancaonova.com\/tododemaria\/?p=7326"},"modified":"2017-05-17T00:17:57","modified_gmt":"2017-05-17T03:17:57","slug":"a-midia-de-1917-e-as-aparicoes-de-fatima","status":"publish","type":"post","link":"https:\/\/blog.cancaonova.com\/tododemaria\/a-midia-de-1917-e-as-aparicoes-de-fatima\/","title":{"rendered":"A m\u00eddia de 1917 e as apari\u00e7\u00f5es de F\u00e1tima"},"content":{"rendered":"<p style=\"text-align: left\"><b>Saiba como a m\u00eddia noticiou as apari\u00e7\u00f5es de Nossa Senhora em F\u00e1tima no ano de 1917.<\/b><\/p>\n<p style=\"text-align: left\">Neste artigo, temos uma reportagem de Ana L\u00edgia Lira sobre como a m\u00eddia da \u00e9poca noticiou as apari\u00e7\u00f5es de F\u00e1tima, especialmente aqueles fatos mais importantes:<\/p>\n<p style=\"text-align: left\">Quando assisto filmes que retratam apari\u00e7\u00f5es Marianas, como as de Nossa Senhora em F\u00e1tima (Portugal), ou em Lourdes (Fran\u00e7a), e vejo o lado dos que s\u00e3o favor\u00e1veis e o dos que s\u00e3o contr\u00e1rios, dos que defendem e dos que atacam, fico me perguntando: \u2013 De qual lado eu estaria? \u00c9 pergunta de dif\u00edcil resposta esta. Hoje \u00e9 muito f\u00e1cil afirmar que estar\u00edamos l\u00e1, rezando e pedindo miseric\u00f3rdia. Mas ser\u00e1 mesmo?<\/p>\n<div id=\"attachment_7330\" style=\"width: 610px\" class=\"wp-caption aligncenter\"><a href=\"http:\/\/blog.cancaonova.com\/tododemaria\/files\/2017\/05\/A-m\u00eddia-de-1917-e-as-apari\u00e7\u00f5es-de-F\u00e1tima.jpg\"><img loading=\"lazy\" decoding=\"async\" aria-describedby=\"caption-attachment-7330\" class=\"size-full wp-image-7330\" src=\"http:\/\/blog.cancaonova.com\/tododemaria\/files\/2017\/05\/A-m\u00eddia-de-1917-e-as-apari\u00e7\u00f5es-de-F\u00e1tima.jpg\" alt=\"Saiba como a m\u00eddia noticiou as apari\u00e7\u00f5es de Nossa Senhora em F\u00e1tima no ano de 1917.\" width=\"600\" height=\"330\" srcset=\"https:\/\/blog.cancaonova.com\/tododemaria\/files\/2017\/05\/A-m\u00eddia-de-1917-e-as-apari\u00e7\u00f5es-de-F\u00e1tima.jpg 600w, https:\/\/blog.cancaonova.com\/tododemaria\/files\/2017\/05\/A-m\u00eddia-de-1917-e-as-apari\u00e7\u00f5es-de-F\u00e1tima-300x165.jpg 300w\" sizes=\"(max-width: 600px) 100vw, 600px\" \/><\/a><p id=\"caption-attachment-7330\" class=\"wp-caption-text\">Primeira p\u00e1gina de \u201cO Mensageiro\u201d toda dedicada a F\u00e1tima. Fonte: <a href=\"http:\/\/expresso.sapo.pt\/sociedade\/2017-05-13-O-sol-bailou-pouco-nos-jornais.-Fatima-nas-noticias-de-ha-100-anos\" target=\"_blank\">Expresso<\/a>.<\/p><\/div>\n<p style=\"text-align: left\">A Santa Igreja Cat\u00f3lica \u00e9 extremamente prudente nestes assuntos. Na verdade, se observarmos bem, a Igreja Cat\u00f3lica Apost\u00f3lica Romana \u00e9 a \u00fanica que investiga exaustivamente seus pr\u00f3prios milagres para, s\u00f3 quando n\u00e3o h\u00e1 mais nenhuma sombra de d\u00favida ou possibilidade de fraudes, admiti-los como milagres. Nisto consiste parte do alicerce da nossa f\u00e9, na seriedade com a qual nossa Igreja trata aquilo que \u00e9 de natureza sobrenatural, procurando sempre distinguir se um fato prov\u00e9m de Deus ou n\u00e3o.<!--more Continue lendo...--><\/p>\n<p style=\"text-align: left\">Mas, voltemos \u00e0s apari\u00e7\u00f5es de Nossa Senhora em F\u00e1tima. O primeiro jornal a noticiar, em \u00e2mbito nacional, algo sobre os acontecimentos da Cova da Iria foi \u201cO S\u00e9culo\u201d, na edi\u00e7\u00e3o de 23 de julho de 1917. Os jornais, principalmente os da \u00e9poca, s\u00e3o um belo espelho de como pensava a comunidade. \u00c9 interessant\u00edssima a forma como os fatos s\u00e3o relatados. S\u00e3o dezenas e dezenas de reportagens, vamos aqui compartilhar as mais importantes. Dependendo do interesse dos leitores, podemos retomar esta mesma mat\u00e9ria de forma mais abrangente e com as reportagens na \u00edntegra. Caso assim desejem, entrem em contato com este Blog. Vamos ent\u00e3o come\u00e7ar nosso passeio hist\u00f3rico pelo acervo jornal\u00edstico portugu\u00eas de 1917!<\/p>\n<p style=\"text-align: center\"><strong><a href=\"http:\/\/feedburner.google.com\/fb\/a\/mailverify?uri=TodoDeMaria\" target=\"_blank\">Receba o conte\u00fado deste blog gratuitamente em seu e-mail.<\/a><\/strong><\/p>\n<p style=\"text-align: left\"><b>Algumas publica\u00e7\u00f5es dos jornais da \u00e9poca sobre as apari\u00e7\u00f5es de F\u00e1tima<\/b><\/p>\n<p style=\"text-align: left\"><b>O S\u00c9CULO, 23 de julho:<\/b> \u201cO acontecimento foi t\u00e3o empolgante que, em Torres Novas, vila, como todos sabem, abundante em alquilarias, no referido dia n\u00e3o se encontrava sequer um carro para alugar, chegando mesmo a fechar bastantes estabelecimentos. Nesse dia, data da dita terceira apari\u00e7\u00e3o, os \u2018numerosos\u2019 torrienses mais curiosos, na sua maioria religiosos, regressaram a casa por volta das duas da tarde \u2018entoando c\u00e2nticos e hinos \u00e0 Virgem e soltando alguns vivas\u2019\u201d.<\/p>\n<p style=\"text-align: left\"><b>JO\u00c3O SEMANA, 29 de julho:<\/b> Volta ao assunto e afirma que a autoridade eclesi\u00e1stica iniciou o processo e que, enquanto o arcipreste local conclu\u00eda pela veracidade dos fatos, milhares de pessoas citavam milagres e deslocavam-se ao Barral.<\/p>\n<p style=\"text-align: left\"><b>O OURIENSE, 29 de julho:<\/b> \u201cReal apari\u00e7\u00e3o ou suposta\u2026 ilus\u00e3o\u201d \u00e9 o nome do artigo que o peri\u00f3dico de Our\u00e9m publica.<\/p>\n<p style=\"text-align: left\"><b>O MUNDO, 18 de agosto:<\/b> \u201cImpostores [&#8230;] Em pleno s\u00e9culo XX existem impostores que nada ficam a dever, na charlatanice audaciosa, ao c\u00e9lebre Jos\u00e9 Balsamo, mais conhecido por conde de Cagliostro\u201d. Entre outras tropelias feitas por este italiano do s\u00e9culo XVIII, que esteve em Portugal e acabou preso na Bastilha e expulso de Fran\u00e7a por causa de um colar (envolveu-se no c\u00e9lebre caso do colar da rainha, um dos que levou \u00e0 revolu\u00e7\u00e3o francesa), conta-se o facto de fazer reuni\u00f5es com fi\u00e9is, fazia com as crian\u00e7as&#8230; vissem apari\u00e7\u00f5es m\u00edsticas\u201d.<\/p>\n<p style=\"text-align: left\"><b>O MENSAGEIRO, 22 de agosto:<\/b> O jornal publica uma carta do padre Manuel Marques Ferreira, que foi o primeiro a interrogar L\u00facia, poucos dias depois, desde a primeira at\u00e9 \u00e0 \u00faltima dita apari\u00e7\u00e3o. Na carta, ele faz um desabafo sobre sua aus\u00eancia nos acontecimentos da Cova da Iria:<\/p>\n<blockquote><p>Se a minha aus\u00eancia como p\u00e1roco no local se faz sentir aos crentes, n\u00e3o menos se faria sentir a minha presen\u00e7a aos descrentes, em desprimor da verdade dos factos. A Virgem M\u00e3e n\u00e3o precisa da presen\u00e7a do p\u00e1roco para mostrar a sua bondade, e \u00e9 necess\u00e1rio que os inimigos da religi\u00e3o n\u00e3o possam deslustrar o brilho de Sua Benevol\u00eancia atribuindo a cren\u00e7a dos povos \u00e0 presen\u00e7a ou conselho do p\u00e1roco porque a f\u00e9 \u00e9 um dom de Deus e n\u00e3o dos padres: \u2013 eis o verdadeiro motivo da minha aus\u00eancia e aparente indiferen\u00e7a em t\u00e3o sublime e maravilhoso assunto: \u2013 eis porque n\u00e3o tenho dado meu claro parecer \u00e0s mil interroga\u00e7\u00f5es e cartas que se me t\u00eam dirigido. \u201cO inimigo n\u00e3o dorme. Ruge como o Le\u00e3o\u201d, concluiu o p\u00e1roco de F\u00e1tima<a href=\"#_ftn1\" name=\"_ftnref1\"><span style=\"color: #000000\"><span style=\"font-family: Cambria, serif\"><span style=\"font-size: small\">[1]<\/span><\/span><\/span><\/a>.<\/p><\/blockquote>\n<p style=\"text-align: left\"><b>O MENSAGEIRO, 29 de agosto:<\/b> \u201cRecomenda\u00e7\u00f5es oportunas \u2013 Uma proibi\u00e7\u00e3o do bispo de Orleans\u201d, que n\u00e3o s\u00e3o mais do que um aviso: \u00e9 preciso ter cuidado com as apari\u00e7\u00f5es e ter em conta a proibi\u00e7\u00e3o de os padres falarem sobre esse g\u00e9nero de acontecimentos, principalmente em tempo de guerra.<\/p>\n<p style=\"text-align: left\"><b>O MENSAGEIRO, 27 de setembro:<\/b> Publica um despacho de Alcoba\u00e7a, dando conta de que \u201cfoi daqui grande concorr\u00eancia de povo a F\u00e1tima a fim de observar as muitas coisas que se t\u00eam dito sobre a suposta apari\u00e7\u00e3o de Nossa Senhora naqueles s\u00edtios\u201d.<\/p>\n<div id=\"attachment_7332\" style=\"width: 330px\" class=\"wp-caption alignleft\"><a href=\"http:\/\/blog.cancaonova.com\/tododemaria\/files\/2017\/05\/Anuncio-Mensageiro.jpg\"><img loading=\"lazy\" decoding=\"async\" aria-describedby=\"caption-attachment-7332\" class=\"size-full wp-image-7332\" src=\"http:\/\/blog.cancaonova.com\/tododemaria\/files\/2017\/05\/Anuncio-Mensageiro.jpg\" alt=\"Saiba como a m\u00eddia noticiou as apari\u00e7\u00f5es de Nossa Senhora em F\u00e1tima no ano de 1917.\" width=\"320\" height=\"246\" srcset=\"https:\/\/blog.cancaonova.com\/tododemaria\/files\/2017\/05\/Anuncio-Mensageiro.jpg 320w, https:\/\/blog.cancaonova.com\/tododemaria\/files\/2017\/05\/Anuncio-Mensageiro-300x231.jpg 300w\" sizes=\"(max-width: 320px) 100vw, 320px\" \/><\/a><p id=\"caption-attachment-7332\" class=\"wp-caption-text\">Segunda e terceiras p\u00e1ginas da reportagem da \u201cIlustra\u00e7\u00e3o Portuguesa\u201d de 29 de outubro. Nas fotos, \u00e9 poss\u00edvel notar-se o tamanho da multid\u00e3o que aguardava por um milagre em F\u00e1tima.<\/p><\/div>\n<p style=\"text-align: left\"><b>O MENSAGEIRO, 11 de outubro:<\/b> Publica o an\u00fancio a uma estampa de \u201cNossa Senhora da Paz (Recorda\u00e7\u00e3o da F\u00e1tima)\u201d, sem imagem da mesma, mas com o coment\u00e1rio: \u201cLinda estampa para quadro, remete-se pelo correio a quem enviar 50 r\u00e9is em estampilhas. Faz-se desconto para grandes quantidades. Vendem-se na Imprensa Comercial, \u00e0 S\u00e9\u201d.<\/p>\n<p style=\"text-align: left\"><b>O S\u00c9CULO, 15 de outubro:<\/b> O t\u00edtulo desta mat\u00e9ria \u00e9 inspirador: \u201cComo o sol bailou ao meio dia em F\u00e1tima\u201d, abaixo, o subt\u00edtulo: \u201cCoisas espantosas\u201d. O autor \u00e9 o jornalista Avelino de Almeida e escreveu para \u201cA Capital\u201d e para a revista cat\u00f3lica \u201cA Lanterna\u201d. Ele nos conta:<\/p>\n<blockquote><p>Perto da hora marcada (que \u00e9 o meio-dia, embora devido \u00e0 rec\u00e9m mudan\u00e7a da hora, j\u00e1 s\u00e3o 13h, mas a \u201chora antiga \u00e9 a que regula a multid\u00e3o\u201d), \u201ctalvez meia hora antes da indicada como sendo a da apari\u00e7\u00e3o\u201d, chegam as crian\u00e7as. \u201cConduzem as rapariguinhas, coroadas de capelas de flores, ao s\u00edtio em que se levanta o p\u00f3rtico. A chuva cai incessantemente, mas ningu\u00e9m desespera. Carros com retardat\u00e1rios chegam \u00e0 estrada. Grupos de freis ajoelham na lama e a L\u00facia pede-lhes, ordena que fechem os chap\u00e9us. Transmite-se a ordem, que \u00e9 obedecida de pronto, sem a m\u00ednima relut\u00e2ncia. Ha gente, muita gente, como que em \u00eaxtase; gente comovida, em cujos l\u00e1bios secos a prece paralisou; gente pasmada, com as m\u00e3os postas e os olhos borbulhantes; gente que parece sentir, tocar o sobrenatural. [&#8230;] Resta que os competentes digam de sua justi\u00e7a sobre o macabro bailado do sol que hoje, em F\u00e1tima, fez explodir hosanas dos peitos dos fi\u00e9is e deixou naturalmente impressionados \u2013 ao que me asseguraram sujeitos fidedignos \u2013 os livres pensadores e outras pessoas sem preocupa\u00e7\u00f5es de natureza religiosa que acorreram \u00e0 j\u00e1 agora celebrada charneca<a href=\"#_ftn2\" name=\"_ftnref2\"><span style=\"color: #000000\"><span style=\"font-family: Cambria, serif\"><span style=\"font-size: small\">[2]<\/span><\/span><\/span><\/a>.<\/p><\/blockquote>\n<p>&nbsp;<\/p>\n<div id=\"attachment_7331\" style=\"width: 330px\" class=\"wp-caption alignleft\"><a href=\"http:\/\/blog.cancaonova.com\/tododemaria\/files\/2017\/05\/Anuncio-Mensageiro1.jpg\"><img loading=\"lazy\" decoding=\"async\" aria-describedby=\"caption-attachment-7331\" class=\"size-full wp-image-7331\" src=\"http:\/\/blog.cancaonova.com\/tododemaria\/files\/2017\/05\/Anuncio-Mensageiro1.jpg\" alt=\"Saiba como a m\u00eddia noticiou as apari\u00e7\u00f5es de Nossa Senhora em F\u00e1tima no ano de 1917.\" width=\"320\" height=\"273\" srcset=\"https:\/\/blog.cancaonova.com\/tododemaria\/files\/2017\/05\/Anuncio-Mensageiro1.jpg 320w, https:\/\/blog.cancaonova.com\/tododemaria\/files\/2017\/05\/Anuncio-Mensageiro1-300x256.jpg 300w\" sizes=\"(max-width: 320px) 100vw, 320px\" \/><\/a><p id=\"caption-attachment-7331\" class=\"wp-caption-text\">O \u201can\u00fancio\u201d de \u201cO Mensageiro\u201d, 29 de Novembro de 1917, sobre as entrevistas aos pastorinhos.<\/p><\/div>\n<p style=\"text-align: left\"><b>O MENSAGEIRO, 29 de novembro:<\/b> \u00daltimo artigo sobre a conversa que o diretor do jornal manteve com as tr\u00eas crian\u00e7as e que o leva a escrever no final: \u201co que ouvi a\u00ed fica. Aguardemos a decis\u00e3o da Igreja\u201d. Trata-se de um resumo dos depoimentos de Jacinta e Francisco. A primeira mostra-se envergonhada, responde \u00e0 maioria das perguntas com sil\u00eancios ou a express\u00e3o \u201cn\u00e3o me recordo\u201d, mas \u201cconfirma as palavras da L\u00facia\u201d\u037e o segundo pouco ou nada diz:<\/p>\n<blockquote><p>J\u00e1 me esquecia dizer que as tr\u00eas crian\u00e7as me disseram que a Senhora lhes dissera um segredo e que estas n\u00e3o revelariam a pessoa alguma\u201d, acrescenta o autor, como faz notar Lu\u00eds Miguel Ferraz, adiantando que, a seguir, \u201cmais uma vez, o padre Lacerda insere o seu coment\u00e1rio, desta vez em jeito de conclus\u00e3o: \u2018O meu inqu\u00e9rito estava terminado. S\u00f3 me restava aguardar a decis\u00e3o da Igreja que come\u00e7ou a organizar o processo. A d\u00favida que me assaltava \u00e1 ida era a mesma que me acompanhava ao deixar as tr\u00eas crian\u00e7as. Viram elas na realidade uma Imagem? Como conciliar a afirmativa de que a guerra acabava no dia 13 d\u2019Outubro se ela ainda agora continua? Como conciliar a previs\u00e3o do fen\u00f3meno solar presenciado por t\u00e3o grande n\u00famero de pessoas? N\u00e3o sei\u2019\u201d. [&#8230;] Por \u00faltimo, faz a defesa do p\u00e1roco da F\u00e1tima e seu amigo Manuel Marques Ferreira, o qual \u201cse conservou sempre alheio a tudo, levando o seu proceder a nunca ter ido \u00e0 Cova da Iria no dia das apari\u00e7\u00f5es. S\u00f3 a muitos rogos l\u00e1 foi no \u00faltimo dia<a href=\"#_ftn3\" name=\"_ftnref3\"><span style=\"color: #000000\"><span style=\"font-family: Cambria, serif\"><span style=\"font-size: small\">[3]<\/span><\/span><\/span><\/a>.<\/p><\/blockquote>\n<p style=\"text-align: left\">Por: <a href=\"https:\/\/diariodosilencio.com.br\/#autora\" target=\"_blank\">Ana L\u00edgia Lira<\/a>.<\/p>\n<p style=\"text-align: left\"><b>Links relacionados:<\/b><\/p>\n<p style=\"text-align: left\">TODO DE MARIA.\u00a0<a href=\"http:\/\/blog.cancaonova.com\/tododemaria\/ana-ligia-lira-e-o-diario-do-silencio\/\" target=\"_blank\">Ana L\u00edgia Lira e \u201cO Di\u00e1rio do Sil\u00eancio\u201d<\/a>.<\/p>\n<p style=\"text-align: left\">TODO DE MARIA.\u00a0<a href=\"http:\/\/blog.cancaonova.com\/tododemaria\/ave-maria-do-povo-sertanejo\/\" target=\"_blank\">Ave-Maria do povo sertanejo<\/a>.<\/p>\n<p style=\"text-align: left\">TODO DE MARIA.\u00a0<a href=\"http:\/\/blog.cancaonova.com\/tododemaria\/maria-chorou-comigo\/\" target=\"_blank\">Maria chorou comigo<\/a>.<\/p>\n<p style=\"text-align: left\"><b>Refer\u00eancias:<\/b><\/p>\n<hr align=\"left\" size=\"1\" width=\"250\" \/>\n<div id=\"ftn1\" dir=\"ltr\" style=\"text-align: left\">\n<p><a href=\"#_ftnref1\" name=\"_ftn1\"><span style=\"font-family: Calibri, sans-serif\"><span style=\"font-size: small\">[1]<\/span><\/span><\/a><span style=\"font-size: small\"> \u00a0EXPRESSO. <a href=\"http:\/\/expresso.sapo.pt\/sociedade\/2017-05-13-O-sol-bailou-pouco-nos-jornais.-Fatima-nas-noticias-de-ha-100-anos\">O sol bailou pouco nos jornais. F\u00e1tima nas not\u00edcias de h\u00e1 100 anos<\/a>.<\/span><\/p>\n<\/div>\n<div id=\"ftn2\" dir=\"ltr\" style=\"text-align: left\">\n<p><a href=\"#_ftnref2\" name=\"_ftn2\"><span style=\"font-family: Calibri, sans-serif\"><span style=\"font-size: small\">[2]<\/span><\/span><\/a><span style=\"font-size: small\">\u00a0 <\/span><span style=\"font-size: small\"><i>Idem.<\/i><\/span><\/p>\n<\/div>\n<div id=\"ftn3\" dir=\"ltr\">\n<p style=\"text-align: left\"><a href=\"#_ftnref3\" name=\"_ftn3\"><span style=\"font-family: Calibri, sans-serif\"><span style=\"font-size: small\">[3]<\/span><\/span><\/a><span style=\"font-size: small\">\u00a0 <\/span><span style=\"font-size: small\"><i>Idem.<\/i><\/span><\/p>\n<\/div>\n","protected":false},"excerpt":{"rendered":"<p>Saiba como a m\u00eddia noticiou as apari\u00e7\u00f5es de Nossa Senhora em F\u00e1tima no ano de 1917. Neste artigo, temos uma reportagem de Ana L\u00edgia Lira sobre como a m\u00eddia da \u00e9poca noticiou as apari\u00e7\u00f5es de F\u00e1tima, especialmente aqueles fatos mais&#8230;<\/p>\n","protected":false},"author":4539,"featured_media":0,"comment_status":"open","ping_status":"open","sticky":false,"template":"","format":"standard","meta":{"_mi_skip_tracking":false,"_monsterinsights_sitenote_active":false,"_monsterinsights_sitenote_note":"","_monsterinsights_sitenote_category":0,"footnotes":""},"categories":[185271],"tags":[],"_links":{"self":[{"href":"https:\/\/blog.cancaonova.com\/tododemaria\/wp-json\/wp\/v2\/posts\/7326"}],"collection":[{"href":"https:\/\/blog.cancaonova.com\/tododemaria\/wp-json\/wp\/v2\/posts"}],"about":[{"href":"https:\/\/blog.cancaonova.com\/tododemaria\/wp-json\/wp\/v2\/types\/post"}],"author":[{"embeddable":true,"href":"https:\/\/blog.cancaonova.com\/tododemaria\/wp-json\/wp\/v2\/users\/4539"}],"replies":[{"embeddable":true,"href":"https:\/\/blog.cancaonova.com\/tododemaria\/wp-json\/wp\/v2\/comments?post=7326"}],"version-history":[{"count":6,"href":"https:\/\/blog.cancaonova.com\/tododemaria\/wp-json\/wp\/v2\/posts\/7326\/revisions"}],"predecessor-version":[{"id":7335,"href":"https:\/\/blog.cancaonova.com\/tododemaria\/wp-json\/wp\/v2\/posts\/7326\/revisions\/7335"}],"wp:attachment":[{"href":"https:\/\/blog.cancaonova.com\/tododemaria\/wp-json\/wp\/v2\/media?parent=7326"}],"wp:term":[{"taxonomy":"category","embeddable":true,"href":"https:\/\/blog.cancaonova.com\/tododemaria\/wp-json\/wp\/v2\/categories?post=7326"},{"taxonomy":"post_tag","embeddable":true,"href":"https:\/\/blog.cancaonova.com\/tododemaria\/wp-json\/wp\/v2\/tags?post=7326"}],"curies":[{"name":"wp","href":"https:\/\/api.w.org\/{rel}","templated":true}]}}