{"id":7391,"date":"2017-05-24T03:00:06","date_gmt":"2017-05-24T06:00:06","guid":{"rendered":"http:\/\/blog.cancaonova.com\/tododemaria\/?p=7391"},"modified":"2017-05-24T21:15:25","modified_gmt":"2017-05-25T00:15:25","slug":"a-devocao-a-nossa-senhora-auxiliadora","status":"publish","type":"post","link":"https:\/\/blog.cancaonova.com\/tododemaria\/a-devocao-a-nossa-senhora-auxiliadora\/","title":{"rendered":"A devo\u00e7\u00e3o a Nossa Senhora Auxiliadora"},"content":{"rendered":"<p style=\"text-align: left\"><b>Saiba como surgiu e se desenvolveu a devo\u00e7\u00e3o a Nossa Senhora Auxiliadora dos Crist\u00e3os.<\/b><\/p>\n<p style=\"text-align: left\">Nos primeiros s\u00e9culos da Igreja Cat\u00f3lica, S\u00e3o Jo\u00e3o Cris\u00f3stomo j\u00e1 dizia que a devo\u00e7\u00e3o a Nossa Senhora como aux\u00edlio dos crist\u00e3os estava prevista na obra da cria\u00e7\u00e3o, no livro do G\u00eanesis, quando Deus disse: \u201cN\u00e3o \u00e9 bom que o homem esteja s\u00f3; vou dar-lhe uma ajuda que lhe seja adequada\u201d (Gn 2, 18). A Virgem Maria \u00e9 o aux\u00edlio adequado a todo g\u00eanero humano, que nos foi concedido por Deus na nova cria\u00e7\u00e3o em Jesus Cristo.<\/p>\n<div id=\"attachment_7396\" style=\"width: 610px\" class=\"wp-caption aligncenter\"><a href=\"http:\/\/blog.cancaonova.com\/tododemaria\/files\/2017\/05\/A-devo\u00e7\u00e3o-a-Nossa-Senhora-Auxiliadora.jpg\"><img loading=\"lazy\" decoding=\"async\" aria-describedby=\"caption-attachment-7396\" class=\"size-full wp-image-7396\" src=\"http:\/\/blog.cancaonova.com\/tododemaria\/files\/2017\/05\/A-devo\u00e7\u00e3o-a-Nossa-Senhora-Auxiliadora.jpg\" alt=\"Saiba como surgiu e se desenvolveu a devo\u00e7\u00e3o a Nossa Senhora Auxiliadora dos Crist\u00e3os.\" width=\"600\" height=\"330\" srcset=\"https:\/\/blog.cancaonova.com\/tododemaria\/files\/2017\/05\/A-devo\u00e7\u00e3o-a-Nossa-Senhora-Auxiliadora.jpg 600w, https:\/\/blog.cancaonova.com\/tododemaria\/files\/2017\/05\/A-devo\u00e7\u00e3o-a-Nossa-Senhora-Auxiliadora-300x165.jpg 300w\" sizes=\"(max-width: 600px) 100vw, 600px\" \/><\/a><p id=\"caption-attachment-7396\" class=\"wp-caption-text\">Nossa Senhora Auxiliadora<\/p><\/div>\n<p style=\"text-align: left\">Desde os prim\u00f3rdios da Igreja, os fi\u00e9is aprenderam a invocar com confian\u00e7a a Sant\u00edssima Virgem, M\u00e3e de Deus, e a pedir o seu aux\u00edlio em suas necessidades. A ora\u00e7\u00e3o mariana mais antiga de que se tem conhecimento, provavelmente do S\u00e9culo III, chamada \u201c<i>Sub Tuum Praesidium<\/i>\u201d (\u00c0 vossa Prote\u00e7\u00e3o), atesta esta tradi\u00e7\u00e3o de invocar o aux\u00edlio da Virgem Maria: \u201c<i>Sub tuum praes\u00eddium conf\u00fagimus, Sancta Dei G\u00e9netrix. Nostras deprecati\u00f3nes ne desp\u00edcias in necessit\u00e1tibus, sed a per\u00edculis cunctis libera nos semper, Virgo glori\u00f3sa et bened\u00edcta. Amen\u201d. \u2013 \u201c<\/i>\u00c0 vossa prote\u00e7\u00e3o recorremos, Santa M\u00e3e de Deus. N\u00e3o desprezeis as nossas s\u00faplicas em nossas necessidades, mas livrai-nos sempre de todos os perigos, \u00f3 Virgem gloriosa e bendita. Am\u00e9m\u201d. No entanto, o t\u00edtulo de Nossa Senhora Auxiliadora dos Crist\u00e3os ficou amplamente conhecido somente no s\u00e9culo XVI.<!--more Continue lendo...--><\/p>\n<p style=\"text-align: center\"><strong><a href=\"http:\/\/feedburner.google.com\/fb\/a\/mailverify?uri=TodoDeMaria\" target=\"_blank\" rel=\"noopener noreferrer\">Receba o conte\u00fado deste blog gratuitamente em seu e-mail.<\/a><\/strong><\/p>\n<p style=\"text-align: left\"><b>O t\u00edtulo de Nossa Senhora Auxiliadora dos Crist\u00e3os<\/b><\/p>\n<p style=\"text-align: left\">A invoca\u00e7\u00e3o de Nossa Senhora como Auxiliadora dos crist\u00e3os tem suas ra\u00edzes no ano de 1571, quando Selim I, imperador dos turcos otomanos, depois de conquistar v\u00e1rias ilhas do mar Mediterr\u00e2neo, lan\u00e7ou seu olhar de cobi\u00e7a sobre a Europa.<\/p>\n<p style=\"text-align: left\">Como as na\u00e7\u00f5es crist\u00e3s daquele continente n\u00e3o tomavam provid\u00eancias, o Papa S\u00e3o Pio V organizou uma poderosa esquadra para salvar os crist\u00e3os da escravid\u00e3o mu\u00e7ulmana. Para realizar essa miss\u00e3o, imposs\u00edvel aos olhos humanos, o Santo Padre invocou o aux\u00edlio da Virgem Maria. Dom Jo\u00e3o de \u00c1ustria, filho do imperador Carlos V, foi quem comandou as tropas crist\u00e3s.<\/p>\n<p style=\"text-align: left\">S\u00e3o Pio V enviou para o Pr\u00edncipe Jo\u00e3o um estandarte bordado com a imagem de Jesus Cristo crucificado, com a recomenda\u00e7\u00e3o de que pedissem insistentemente o aux\u00edlio de Nossa Senhora. \u201cA prepara\u00e7\u00e3o dos soldados para a batalha consistiu em tr\u00eas dias de jejuns, ora\u00e7\u00f5es, recita\u00e7\u00e3o do ros\u00e1rio e prociss\u00f5es, suplicando a Deus a gra\u00e7a da vit\u00f3ria. O inimigo era superior em n\u00famero. Depois de receberem a Santa Comunh\u00e3o, partiram todos para a batalha\u201d<a href=\"#_ftn1\" name=\"_ftnref1\"><span style=\"font-family: Calibri, sans-serif\">[1]<\/span><\/a>.<\/p>\n<p style=\"text-align: left\">No dia 7 de outubro de 1571, invocando o nome de Maria, Aux\u00edlio dos Crist\u00e3os, os combatentes cat\u00f3licos travaram a dura e decisiva batalha contra os turcos mu\u00e7ulmanos, nas \u00e1guas do Mediterr\u00e2neo ao largo de Lepanto, na Gr\u00e9cia. Depois de horas de violentos combates, em v\u00e1rios momentos a derrota parecia iminente, at\u00e9 que veio a vit\u00f3ria dos cat\u00f3licos:<\/p>\n<p style=\"text-align: left\">Foi uma vit\u00f3ria obtida numa atmosfera carregada de religiosidade. Os gritos de \u201cViva Maria\u201d eram ouvidos com tanto fervor e intensidade que cobriam os gritos de guerra dos inimigos e abafavam o ru\u00eddo das ondas do mar. Narram as cr\u00f4nicas dos derrotados que uma \u201cformosa senhora\u201d foi vista no c\u00e9u e que seu olhar fulminante espalhava p\u00e2nico entre eles e alimentava o \u00e2nimo e disposi\u00e7\u00e3o de luta dos crist\u00e3os<a href=\"#_ftn2\" name=\"_ftnref2\"><span style=\"font-family: Calibri, sans-serif\">[2]<\/span><\/a>.<\/p>\n<p style=\"text-align: left\"><b>A comemora\u00e7\u00e3o de Nossa Senhora Auxiliadora dos Crist\u00e3os<\/b><\/p>\n<p style=\"text-align: left\">A partir dessa clamorosa vit\u00f3ria, o Papa Pio V acrescentou a invoca\u00e7\u00e3o \u201cAuxiliadora dos Crist\u00e3os\u201d na Ladainha de Nossa Senhora, tamb\u00e9m conhecida como Ladainha Lauretana. Com esse gesto simples, mas muito significativo, o Pont\u00edfice quis demonstrar sua gratid\u00e3o pela vit\u00f3ria obtida gra\u00e7as ao aux\u00edlio de Nossa Senhora, num momento t\u00e3o dif\u00edcil e decisivo em que o mundo crist\u00e3o estava praticamente derrotado. Diante desse acontecimento miraculoso, recordamos a promessa de Nossa Senhora do Bom Sucesso, que disse: \u201cQuando tudo parecer perdido, ser\u00e1 o in\u00edcio do triunfo da Santa Igreja\u201d<a href=\"#_ftn3\" name=\"_ftnref3\"><span style=\"font-family: Calibri, sans-serif\">[3]<\/span><\/a>.<\/p>\n<p style=\"text-align: left\">A invoca\u00e7\u00e3o de \u201cNossa Senhora Auxiliadora dos Crist\u00e3os\u201d surgiu no ano de 1571, a partir daquela que ficou conhecida como a \u201cBatalha de Lepanto\u201d. No entanto, o dia da festa de Maria Auxiliadora foi definido pelo Papa Pio VII somente no ano de 1816, para perpetuar a mem\u00f3ria de outro acontecimento prodigioso que atesta a intercess\u00e3o da Santa M\u00e3e de Deus.<\/p>\n<p style=\"text-align: left\">O Santo Padre havia negado a nulidade do Matrim\u00f4nio do irm\u00e3o de Napole\u00e3o I, Imperador da Fran\u00e7a. Este fato serviu de pretexto para o Imperador invadir os Estados Pontif\u00edcios e ocupar Roma. Consequentemente, Napole\u00e3o foi excomungado pelo Papa. Para vingar-se, o Imperador sequestrou o Pont\u00edfice e levou preso para a Fran\u00e7a. No cativeiro, o Vig\u00e1rio de Cristo passou por humilha\u00e7\u00f5es e vexames de toda a ordem por cinco anos.<\/p>\n<p style=\"text-align: left\">Ainda na pris\u00e3o, movido por uma f\u00e9 ardente, o Sumo Pont\u00edfice recorreu ao aux\u00edlio de Maria Sant\u00edssima e prometeu coroar solenemente a imagem de Nossa Senhora de Savona, logo que fosse liberto. N\u00e3o demorou para que Nossa Senhora intervisse na situa\u00e7\u00e3o. O clamor dos cat\u00f3licos for\u00e7ou Napole\u00e3o a ceder e o Papa foi libertado.<\/p>\n<p style=\"text-align: left\">No dia 24 de maio de 1814, o Papa Pio VII retornou solenemente a Roma. Mais ainda, recuperou seu poder, os bens eclesi\u00e1sticos foram restitu\u00eddos \u00e0 Igreja e Napole\u00e3o foi obrigado a assinar a abdica\u00e7\u00e3o do poder imperial no mesmo pal\u00e1cio onde o Santo Padre estava aprisionado. Em agradecimento a Sant\u00edssima Virgem, o Papa Pio VII criou a festa de Nossa Senhora Auxiliadora e fixou-a no dia de seu retorno triunfal a Roma.<\/p>\n<p class=\"western\"><strong>Assista ou ou\u00e7a programa do Padre Paulo Ricardo sobre a \u201c<a href=\"https:\/\/padrepauloricardo.org\/episodios\/memoria-de-nossa-senhora-auxiliadora-mmxvii\" target=\"_blank\" rel=\"noopener noreferrer\">Mem\u00f3ria de Nossa Senhora Auxiliadora<\/a>\u201d:<\/strong><\/p>\n<p style=\"text-align: left\"><iframe loading=\"lazy\" width=\"640\" height=\"360\" src=\"https:\/\/www.youtube-nocookie.com\/embed\/EmQjcSTwsgQ?rel=0\" frameborder=\"0\" allowfullscreen><\/iframe><\/p>\n<p style=\"text-align: left\"><iframe loading=\"lazy\" width=\"100%\" height=\"166\" scrolling=\"no\" frameborder=\"no\" src=\"https:\/\/w.soundcloud.com\/player\/?url=https%3A\/\/api.soundcloud.com\/tracks\/324140848&amp;color=ff5500&amp;show_artwork=false\"><\/iframe><\/p>\n<p style=\"text-align: left\"><b>Dom Bosco e a devo\u00e7\u00e3o a Nossa Senhora Auxiliadora<\/b><\/p>\n<p style=\"text-align: left\">Em 1862, S\u00e3o Jo\u00e3o Bosco, em um de seus sonhos prof\u00e9ticos, visualizou a barca da Igreja sendo agitada pelo mar tempestuoso do mundo:<\/p>\n<blockquote>\n<p style=\"text-align: left\">O vento lhes era desfavor\u00e1vel e o mar agitado parecia favorecer os inimigos. No meio da imensa extens\u00e3o do mar elevavam-se acima das ondas duas robustas colunas, alt\u00edssimas, pouco distantes uma da outra. Sobre uma delas havia a est\u00e1tua da Virgem Imaculada, em cujos p\u00e9s pendia um longo cartaz com esta inscri\u00e7\u00e3o: <i>Auxilium Christianorum<\/i> (Aux\u00edlio dos Crist\u00e3os). Sobre a outra, que era muito mais alta e mais grossa, havia uma H\u00f3stia de grandeza proporcional \u00e0 coluna, e debaixo um outro cartaz com as palavras: <i>Salus Credentium<\/i> (Salva\u00e7\u00e3o dos que creem)<a href=\"#_ftn4\" name=\"_ftnref4\"><span style=\"font-family: Calibri, sans-serif\">[4]<\/span><\/a>.<\/p>\n<\/blockquote>\n<p style=\"text-align: left\">O Santo Padre \u00e9 o comandante supremo da nau, que \u00e9 a Igreja. As embarca\u00e7\u00f5es dos inimigos s\u00e3o as persegui\u00e7\u00f5es contra a Igreja, que \u00e9 atacada violentamente. Em meio aos ataques do inimigo, o Soberano Pont\u00edfice \u00e9 ferido gravemente e cai, mas \u00e9 ajudado pelos que est\u00e3o pr\u00f3ximos, que e o levantam. Mas, o Papa \u00e9 atacado pela segunda vez, cai novamente e morre. Os inimigos da Igreja ainda comemoravam a vit\u00f3ria quando foi eleito um novo Pont\u00edfice. Sem que os inimigos esperassem, \u201co novo Papa dispersa e supera todos os obst\u00e1culos e guia o navio at\u00e9 as duas colunas. Chegando junto a elas, o ata com uma corrente que pendia da proa a uma \u00e2ncora da coluna sobre a qual estava a H\u00f3stia; e com uma outra corrente que pendia da popa o ata a uma outra \u00e2ncora, que pendia da coluna sobre a qual estava colocada a Virgem Imaculada\u201d<a href=\"#_ftn5\" name=\"_ftnref5\"><span style=\"font-family: Calibri, sans-serif\">[5]<\/span><\/a>.<\/p>\n<p style=\"text-align: left\">Depois que a embarca\u00e7\u00e3o da Igreja foi atada \u00e0s duas colunas, aconteceu uma grande reviravolta: \u201cTodos os navios, que at\u00e9 aquele momento tinham combatido a nau do Papa, fogem, se dispersam, se chocam entre si e se despeda\u00e7am. Uns naufragam e arrastam a outros\u201d<a href=\"#_ftn6\" name=\"_ftnref6\"><span style=\"font-family: Calibri, sans-serif\">[6]<\/span><\/a>. Ao contr\u00e1rio, muitos barcos que tinham combatido valorosamente a favor do Pont\u00edfice se aproximam das duas colunas e se atam a elas firmemente com correntes. Muitas outras naus, por medo, tinham se afastado e se encontravam muito longe. Estas observavam prudentemente, at\u00e9 que, desaparecidos nos abismos do mar os restos de todos os destro\u00e7ados navios inimigos, com grande for\u00e7a v\u00e3o em dire\u00e7\u00e3o das duas colunas. Chegando a elas, essas embarca\u00e7\u00f5es se prendem aos ganchos pendentes das colunas, e a\u00ed ficam tranquilas e seguras, junto com a barca principal, na qual est\u00e1 o Santo Padre. Depois disso, se produz uma grande calmaria no mar.<\/p>\n<p style=\"text-align: left\">Assim, Nossa Senhora, sob o t\u00edtulo de Auxiliadora dos Crist\u00e3os, e a Eucaristia, s\u00e3o as duas colunas que sustentam a Igreja nestes tempos de persegui\u00e7\u00e3o contra a Igreja e contra os valores que defendemos. Ancorados firmemente nestas duas colunas, que s\u00e3o a devo\u00e7\u00e3o a Virgem Maria e a Eucaristia, estaremos seguros contra os ataques dos inimigos da Igreja. Por isso, S\u00e3o Jo\u00e3o Bosco dizia aos seus filhos espirituais para recomendar aos fi\u00e9is a adora\u00e7\u00e3o a Jesus sacramentado, a comunh\u00e3o frequente e a devo\u00e7\u00e3o a Sant\u00edssima Virgem Maria. O Santo foi um grande propagador da devo\u00e7\u00e3o a Nossa Senhora Auxiliadora, que se espalhou pela Europa e, depois, pelo mundo inteiro. S\u00e3o Jo\u00e3o Bosco, tinha particular apre\u00e7o por esta devo\u00e7\u00e3o, pois, segundo ele, \u201ca festa de Maria Auxiliadora deve ser prel\u00fadio da festa eterna que deveremos celebrar todos juntos, um dia, no para\u00edso\u201d<a href=\"#_ftn7\" name=\"_ftnref7\"><span style=\"font-family: Calibri, sans-serif\">[7]<\/span><\/a>.<\/p>\n<p style=\"text-align: left\"><strong>Ora\u00e7\u00e3o de S\u00e3o Jo\u00e3o Bosco a Nossa Senhora Auxiliadora<\/strong><\/p>\n<blockquote><p>O\u0301 Maria, Virgem poderosa, V\u00f3s, grande e ilustre defensora da Igreja, V\u00f3s, Auxi\u0301lio maravilhoso dos crista\u0303os, V\u00f3s, terri\u0301vel como exe\u0301rcito ordenado em batalha, V\u00f3s, que, sozinha, destrui\u0301stes toda heresia em todo o mundo: nas nossas angu\u0301stias, nas nossas lutas, nas nossas aflic\u0327o\u0303es, defendei-nos do inimigo; e na hora da morte, acolhei a nossa alma no parai\u0301so. Ame\u0301m.<\/p><\/blockquote>\n<p style=\"text-align: left\">Nossa Senhora Auxiliadora, rogai por n\u00f3s!<\/p>\n<p class=\"western\"><strong>Links relacionados:<\/strong><\/p>\n<p class=\"western\">TODO DE MARIA.\u00a0<a href=\"http:\/\/blog.cancaonova.com\/tododemaria\/nossa-senhora-auxiliadora-dos-cristaos\/\" target=\"_blank\" rel=\"noopener noreferrer\">Nossa Senhora, Auxiliadora dos crist\u00e3os<\/a>.<\/p>\n<p class=\"western\">TODO DE MARIA.\u00a0<a href=\"http:\/\/blog.cancaonova.com\/tododemaria\/nossa-senhora-auxiliadora-e-a-eucaristia\/\" target=\"_blank\" rel=\"noopener noreferrer\">Nossa Senhora Auxiliadora e a Eucaristia<\/a>.<\/p>\n<p class=\"western\">TODO DE MARIA.\u00a0<a href=\"http:\/\/blog.cancaonova.com\/tododemaria\/o-virgem-maria-esperanca-nossa-salve\/\" target=\"_blank\" rel=\"noopener noreferrer\">\u00d3 Virgem Maria, esperan\u00e7a nossa, salve!<\/a><\/p>\n<p style=\"text-align: left\"><strong>Refer\u00eancias:<br \/>\n<\/strong>__________________________<\/p>\n<div id=\"ftn1\" dir=\"ltr\" style=\"text-align: left\">\n<p><a href=\"#_ftnref1\" name=\"_ftn1\"><span style=\"font-family: Calibri, sans-serif\">[1]<\/span><\/a>\u00a0ARAUTOS. <a href=\"http:\/\/www.arautos.org\/secoes\/artigos\/especiais\/nossa-senhora-auxiliadora-144149\">Nossa Senhora Auxiliadora<\/a>.<\/p>\n<\/div>\n<div id=\"ftn2\" dir=\"ltr\" style=\"text-align: left\">\n<p><a href=\"#_ftnref2\" name=\"_ftn2\"><span style=\"font-family: Calibri, sans-serif\">[2]<\/span><\/a>\u00a0<i>Idem, ibidem.<\/i><\/p>\n<\/div>\n<div id=\"ftn3\" dir=\"ltr\" style=\"text-align: left\">\n<p><a href=\"#_ftnref3\" name=\"_ftn3\"><span style=\"font-family: Calibri, sans-serif\">[3]<\/span><\/a>\u00a0APARI\u00c7\u00d5ES DE LA SALETTE. <a href=\"https:\/\/aparicaodelasalette.blogspot.com.br\/p\/nossa-senhora-do-bom-sucesso.html\">Nossa Senhora do Bom Sucesso<\/a>.<\/p>\n<\/div>\n<div id=\"ftn4\" dir=\"ltr\" style=\"text-align: left\">\n<p><a href=\"#_ftnref4\" name=\"_ftn4\"><span style=\"font-family: 'Liberation Serif', serif\">[4]<\/span><\/a> MARIA M\u00c3E DA IGREJA. <a href=\"http:\/\/www.mariamaedaigreja.net\/2pilares.html\">Os 2 pilares que sustentam a Igreja: Maria e a Eucaristia<\/a>.<\/p>\n<\/div>\n<div id=\"ftn5\" dir=\"ltr\" style=\"text-align: left\">\n<p><a href=\"#_ftnref5\" name=\"_ftn5\"><span style=\"font-family: 'Liberation Serif', serif\">[5]<\/span><\/a> <i>Idem, ibidem.<\/i><\/p>\n<\/div>\n<div id=\"ftn6\" dir=\"ltr\" style=\"text-align: left\">\n<p><a href=\"#_ftnref6\" name=\"_ftn6\"><span style=\"font-family: 'Liberation Serif', serif\">[6]<\/span><\/a>\u00a0<i>Idem, ibidem.<\/i><\/p>\n<\/div>\n<div id=\"ftn7\" dir=\"ltr\">\n<p style=\"text-align: left\"><a href=\"#_ftnref7\" name=\"_ftn7\"><span style=\"font-family: 'Liberation Serif', serif\">[7]<\/span><\/a> NOT\u00cdCIAS CAN\u00c7\u00c3O NOVA. <a href=\"http:\/\/noticias.cancaonova.com\/brasil\/conheca-a-historia-de-devocao-a-nossa-senhora-auxiliadora\/\" target=\"_blank\" rel=\"noopener noreferrer\">Conhe\u00e7a a hist\u00f3ria de devo\u00e7\u00e3o a Nossa Senhora Auxiliadora<\/a>.<\/p>\n<\/div>\n","protected":false},"excerpt":{"rendered":"<p>Saiba como surgiu e se desenvolveu a devo\u00e7\u00e3o a Nossa Senhora Auxiliadora dos Crist\u00e3os. Nos primeiros s\u00e9culos da Igreja Cat\u00f3lica, S\u00e3o Jo\u00e3o Cris\u00f3stomo j\u00e1 dizia que a devo\u00e7\u00e3o a Nossa Senhora como aux\u00edlio dos crist\u00e3os estava prevista na obra da&#8230;<\/p>\n","protected":false},"author":4539,"featured_media":0,"comment_status":"open","ping_status":"open","sticky":false,"template":"","format":"standard","meta":{"_mi_skip_tracking":false,"_monsterinsights_sitenote_active":false,"_monsterinsights_sitenote_note":"","_monsterinsights_sitenote_category":0,"footnotes":""},"categories":[186332],"tags":[],"_links":{"self":[{"href":"https:\/\/blog.cancaonova.com\/tododemaria\/wp-json\/wp\/v2\/posts\/7391"}],"collection":[{"href":"https:\/\/blog.cancaonova.com\/tododemaria\/wp-json\/wp\/v2\/posts"}],"about":[{"href":"https:\/\/blog.cancaonova.com\/tododemaria\/wp-json\/wp\/v2\/types\/post"}],"author":[{"embeddable":true,"href":"https:\/\/blog.cancaonova.com\/tododemaria\/wp-json\/wp\/v2\/users\/4539"}],"replies":[{"embeddable":true,"href":"https:\/\/blog.cancaonova.com\/tododemaria\/wp-json\/wp\/v2\/comments?post=7391"}],"version-history":[{"count":8,"href":"https:\/\/blog.cancaonova.com\/tododemaria\/wp-json\/wp\/v2\/posts\/7391\/revisions"}],"predecessor-version":[{"id":7410,"href":"https:\/\/blog.cancaonova.com\/tododemaria\/wp-json\/wp\/v2\/posts\/7391\/revisions\/7410"}],"wp:attachment":[{"href":"https:\/\/blog.cancaonova.com\/tododemaria\/wp-json\/wp\/v2\/media?parent=7391"}],"wp:term":[{"taxonomy":"category","embeddable":true,"href":"https:\/\/blog.cancaonova.com\/tododemaria\/wp-json\/wp\/v2\/categories?post=7391"},{"taxonomy":"post_tag","embeddable":true,"href":"https:\/\/blog.cancaonova.com\/tododemaria\/wp-json\/wp\/v2\/tags?post=7391"}],"curies":[{"name":"wp","href":"https:\/\/api.w.org\/{rel}","templated":true}]}}