{"id":7446,"date":"2017-06-08T03:00:03","date_gmt":"2017-06-08T06:00:03","guid":{"rendered":"http:\/\/blog.cancaonova.com\/tododemaria\/?p=7446"},"modified":"2017-08-01T23:56:59","modified_gmt":"2017-08-02T02:56:59","slug":"os-tres-coracoes-de-maria-e-a-uniao-com-deus","status":"publish","type":"post","link":"https:\/\/blog.cancaonova.com\/tododemaria\/os-tres-coracoes-de-maria-e-a-uniao-com-deus\/","title":{"rendered":"Os tr\u00eas cora\u00e7\u00f5es de Maria e a uni\u00e3o com Deus"},"content":{"rendered":"<p style=\"text-align: left\"><b>Conhe\u00e7a a teologia de S\u00e3o Jo\u00e3o Eudes dos tr\u00eas cora\u00e7\u00f5es e da \u00edntima uni\u00e3o da Virgem Maria com Deus.<\/b><\/p>\n<p style=\"text-align: left\">Na humanidade da Sant\u00edssima Virgem Maria havia tr\u00eas cora\u00e7\u00f5es em perfeita harmonia entre si e em perfeita uni\u00e3o com Deus. S\u00e3o Jo\u00e3o Eudes foi o maior te\u00f3logo e santo da Igreja Cat\u00f3lica que tratou desse tema t\u00e3o caro a n\u00f3s, que \u00e9 o do Imaculado Cora\u00e7\u00e3o de Maria. Este Santo viveu h\u00e1 300 anos e foi contempor\u00e2neo de S\u00e3o Lu\u00eds Maria Grignion de Montfort, o grande ap\u00f3stolo da consagra\u00e7\u00e3o a Nossa Senhora.<\/p>\n<div id=\"attachment_7450\" style=\"width: 610px\" class=\"wp-caption aligncenter\"><a href=\"http:\/\/blog.cancaonova.com\/tododemaria\/files\/2017\/06\/Os-tr\u00eas-cora\u00e7\u00f5es-de-Maria-e-a-uni\u00e3o-com-Deus.jpg\"><img loading=\"lazy\" decoding=\"async\" aria-describedby=\"caption-attachment-7450\" class=\"size-full wp-image-7450\" src=\"http:\/\/blog.cancaonova.com\/tododemaria\/files\/2017\/06\/Os-tr\u00eas-cora\u00e7\u00f5es-de-Maria-e-a-uni\u00e3o-com-Deus.jpg\" alt=\"Conhe\u00e7a a teologia de S\u00e3o Jo\u00e3o Eudes dos tr\u00eas cora\u00e7\u00f5es e da \u00edntima uni\u00e3o da Virgem Maria com Deus.\" width=\"600\" height=\"330\" srcset=\"https:\/\/blog.cancaonova.com\/tododemaria\/files\/2017\/06\/Os-tr\u00eas-cora\u00e7\u00f5es-de-Maria-e-a-uni\u00e3o-com-Deus.jpg 600w, https:\/\/blog.cancaonova.com\/tododemaria\/files\/2017\/06\/Os-tr\u00eas-cora\u00e7\u00f5es-de-Maria-e-a-uni\u00e3o-com-Deus-300x165.jpg 300w\" sizes=\"(max-width: 600px) 100vw, 600px\" \/><\/a><p id=\"caption-attachment-7450\" class=\"wp-caption-text\">O Sagrado Cora\u00e7\u00e3o de Jesus e o Imaculado Cora\u00e7\u00e3o de Maria<\/p><\/div>\n<p style=\"text-align: left\">S\u00e3o Jo\u00e3o Eudes \u00e9 o grande mensageiro e promovedor da devo\u00e7\u00e3o ao Cora\u00e7\u00e3o de Maria. Em sua obra, intitulada: \u201cO Admir\u00e1vel Cora\u00e7\u00e3o de Maria\u201d, Jo\u00e3o Eudes desenvolve todo um arrazoado teol\u00f3gico a respeito do Cora\u00e7\u00e3o de Maria, primeiramente, respondendo a uma pergunta: o que \u00e9 que n\u00f3s veneramos na devo\u00e7\u00e3o ao Cora\u00e7\u00e3o Imaculado de Maria?<!--more Continue lendo...--><\/p>\n<p style=\"text-align: center\"><strong><a href=\"http:\/\/feedburner.google.com\/fb\/a\/mailverify?uri=TodoDeMaria\" target=\"_blank\" rel=\"noopener noreferrer\">Receba o conte\u00fado deste blog gratuitamente em seu e-mail.<\/a><\/strong><\/p>\n<p style=\"text-align: left\"><b>A humanidade e seus tr\u00eas cora\u00e7\u00f5es<\/b><\/p>\n<p style=\"text-align: left\">Em primeiro lugar, esclarecemos que n\u00e3o estamos falando do cora\u00e7\u00e3o de carne. N\u00f3s falamos de cora\u00e7\u00e3o porque esta \u00e9 a palavra que est\u00e1 na B\u00edblia. Esta \u00e9 a palavra que \u00e9 usada, tanto no hebraico do Antigo Testamento: <span style=\"font-family: 'Lucida Sans'\"><span lang=\"hi-IN\">\u05dc\u05d1 <\/span><\/span>(<i>lev<\/i>), quanto no grego do Novo Testamento: \u03ba\u03b1\u03c1\u03b4\u03b9\u03b1 (<i>cardia<\/i>). Por tr\u00e1s dessa palavra, est\u00e1 toda uma realidade que \u00e9 simbolizada pelo cora\u00e7\u00e3o enquanto \u00f3rg\u00e3o corporal, f\u00edsico, material.<\/p>\n<p style=\"text-align: left\">Poder\u00edamos dividir o cora\u00e7\u00e3o, tanto o de Jesus como o de Maria, bem como o nosso cora\u00e7\u00e3o, em tr\u00eas cora\u00e7\u00f5es, que deveriam ser um. Em Jesus e Maria s\u00e3o um, mas em n\u00f3s h\u00e1 uma divis\u00e3o entre eles, por causa do pecado.<\/p>\n<p style=\"text-align: left\">O primeiro cora\u00e7\u00e3o \u00e9 a realidade das nossas paix\u00f5es, nosso cora\u00e7\u00e3o carnal, animal, ou seja, a nossa vida interior enquanto ela \u00e9 movida por amor ou por \u00f3dio, por emo\u00e7\u00f5es, isso \u00e9 o nosso cora\u00e7\u00e3o carnal. Evidentemente que se formos procurar um \u00f3rg\u00e3o no corpo que est\u00e1 ligado a essas paix\u00f5es, estamos falando no c\u00e9rebro, que repercute no cora\u00e7\u00e3o. Pois, as batidas do cora\u00e7\u00e3o se alteram com as nossas emo\u00e7\u00f5es. Por isso, desde a antiguidade, o cora\u00e7\u00e3o simboliza essas altera\u00e7\u00f5es passionais.<\/p>\n<p style=\"text-align: left\">N\u00e3o temos somente esse cora\u00e7\u00e3o, mas temos tamb\u00e9m o cora\u00e7\u00e3o que \u00e9 a nossa alma. Esta, com suas faculdades, especialmente a mem\u00f3ria, pode dizer: eu guardei tudo em meu cora\u00e7\u00e3o. Podemos dizer tamb\u00e9m: eu medito essas realidades no meu cora\u00e7\u00e3o, como Nossa Senhora, que meditava os acontecimentos em seu cora\u00e7\u00e3o (cf. Lc 2, 19.51). A alma, com a intelig\u00eancia, a mem\u00f3ria e a vontade, s\u00e3o este segundo cora\u00e7\u00e3o.<\/p>\n<p style=\"text-align: left\">Temos ainda um terceiro, que chamamos de cora\u00e7\u00e3o divino, onde a Sant\u00edssima Trindade habita em n\u00f3s. O Esp\u00edrito Santo est\u00e1 neste cora\u00e7\u00e3o e com Ele est\u00e3o o Pai e o Filho. O Cristo ressuscitado age nesse cora\u00e7\u00e3o quando n\u00f3s comungamos bem e recebemos essas gra\u00e7as atuais.<\/p>\n<p style=\"text-align: left\"><b>A unidade dos tr\u00eas cora\u00e7\u00f5es na Virgem Maria<\/b><\/p>\n<p style=\"text-align: left\">Toda esta vida interior, esses tr\u00eas cora\u00e7\u00f5es, em Nossa Senhora, era uma realidade s\u00f3. Porque o seu interior n\u00e3o \u00e9 um campo de batalha. Mas, no nosso cora\u00e7\u00e3o carnal, as nossas paix\u00f5es, puxam para um lado, enquanto Deus, Cora\u00e7\u00e3o divino, tenta nos chamar para outro. No meio, est\u00e1 o nosso cora\u00e7\u00e3o espiritual, que \u00e0s vezes ouve a Deus e faz atos de virtude. Entretanto, \u00e0s vezes, volta as costas para Ele e se deixa carregar pelas paix\u00f5es, cometendo atos de pecado. Como nosso interior \u00e9 um campo de batalha, talvez n\u00e3o compreendamos a profunda unidade do Cora\u00e7\u00e3o de Jesus e do Cora\u00e7\u00e3o de Maria. Essa unidade do cora\u00e7\u00e3o \u00e9 o que nos capacita a amar.<\/p>\n<p style=\"text-align: left\">Se esta \u00e9 a realidade interior da Virgem Maria, podemos perguntar: por que temos que ter devo\u00e7\u00e3o ao seu Cora\u00e7\u00e3o? Ora, n\u00f3s temos que ter devo\u00e7\u00e3o \u00e0quilo que est\u00e1 unido a Deus. Pois, todo ato de religi\u00e3o deve terminar em Deus. Uma coisa deve ser objeto da nossa devo\u00e7\u00e3o na medida em que ela est\u00e1 unida a Deus. Ent\u00e3o, quanto mais unida a Deus est\u00e1 unida uma criatura, mais devo\u00e7\u00e3o n\u00f3s devemos ter a ela. Quanto menos unida a Deus, menos devemos ter devo\u00e7\u00e3o a ela.<\/p>\n<p style=\"text-align: left\">Os protestantes, de um modo geral, n\u00e3o compreendem essa realidade. Eles acham que de um lado est\u00e1 Deus e de outro est\u00e1 a criatura. As duas realidades est\u00e3o separadas: ou olhamos para Deus e O adoramos, ou voltamos as costas para Ele e cometemos um ato de idolatria com uma criatura. Para um protestante, \u00e9 tudo ou nada. No entanto, as coisas n\u00e3o s\u00e3o assim. O que acontece \u00e9 que na cria\u00e7\u00e3o existem coisas que se unem a Deus e, quanto mais elas se unem a Ele, mais n\u00f3s devemos ter devo\u00e7\u00e3o a elas, porque nos levam para Deus. Essas realidades s\u00e3o instrumentos de nossa uni\u00e3o com Deus.<\/p>\n<p style=\"text-align: left\"><strong>Assista ou ou\u00e7a programa\u00a0do Padre Paulo Ricardo com o tema: \u201c<a href=\"https:\/\/padrepauloricardo.org\/episodios\/o-imaculado-coracao-triunfara\" target=\"_blank\" rel=\"noopener noreferrer\">O Imaculado Cora\u00e7\u00e3o triunfar\u00e1!<\/a>\u201d:<\/strong><\/p>\n<p style=\"text-align: left\"><iframe loading=\"lazy\" width=\"640\" height=\"360\" src=\"https:\/\/www.youtube-nocookie.com\/embed\/MWRCjVns6oA?rel=0&amp;showinfo=0\" frameborder=\"0\" allowfullscreen><\/iframe><\/p>\n<p style=\"text-align: left\"><iframe loading=\"lazy\" width=\"100%\" height=\"166\" scrolling=\"no\" frameborder=\"no\" src=\"https:\/\/w.soundcloud.com\/player\/?url=https%3A\/\/api.soundcloud.com\/tracks\/324306226&amp;color=ff5500&amp;show_artwork=false\"><\/iframe><\/p>\n<p style=\"text-align: left\"><b>A hierarquia da uni\u00e3o dos cora\u00e7\u00f5es com Deus<\/b><\/p>\n<p style=\"text-align: left\">A primeir\u00edssima realidade que est\u00e1 unida a Deus \u00e9 a divina humanidade de nosso Senhor Jesus Cristo. Jesus, enquanto corpo e alma, enquanto cora\u00e7\u00e3o humano, \u00e9 a realidade criada mais unida a Deus, a mais perfeita unidade criada por Ele. N\u00e3o \u00e9 poss\u00edvel imaginar uma unidade maior entre Criador e realidade criada do que na humanidade de Cristo. A essa unidade tremenda entre Deus e a humanidade n\u00f3s chamamos de uni\u00e3o hipost\u00e1tica.<\/p>\n<p style=\"text-align: left\">Jesus Cristo, como diz a Carta aos Filipenses, foi elevado e recebeu um nome que est\u00e1 acima de todos os nomes, de tal forma que n\u00f3s C\u00e9us, na Terra e nos infernos todo joelho se dobre e toda l\u00edngua proclame que Jesus Cristo \u00e9 o Senhor, para a gl\u00f3ria de Deus Pai (cf. Fl 2, 9-11). A humanidade de Cristo tem esse senhorio sobre toda a cria\u00e7\u00e3o, porque est\u00e1 profundamente unida a Deus, de tal forma que Ele \u00e9 o caminho que nos une ao Senhor. Por causa dessa unidade, devemos adorar a divina humanidade de nosso Senhor Jesus Cristo.<\/p>\n<p style=\"text-align: left\">Na teologia cat\u00f3lica, sabemos que no C\u00e9u existe uma hierarquia. Os anjos e os santos n\u00e3o est\u00e3o unidos a Deus todos no mesmo grau. A honra que devemos a eles \u00e9 proporcional \u00e0 unidade deles com Deus, ou seja, existe maior ou menor uni\u00e3o com Ele. Ent\u00e3o, os anjos que est\u00e3o nas hierarquias mais elevadas devem receber de n\u00f3s uma admira\u00e7\u00e3o maior. Os anjos inferiores devem ser menos admirados, pois est\u00e3o menos unidos a Deus.<\/p>\n<p style=\"text-align: left\">De todas as realidades celestes, existe alguma criatura que est\u00e1 mais unida a Deus do que a Virgem Maria? Acima dela, somente a humanidade de seu Filho. N\u00e3o h\u00e1 te\u00f3logo ou fiel verdadeiramente cat\u00f3lico que negue que Nossa Senhora est\u00e1 cima at\u00e9 mesmo dos anjos mais elevados. Ela est\u00e1 acima de todos os anjos e de todos os santos e acima dela somente Jesus Cristo. Ora, se acima dela somente Jesus, ent\u00e3o n\u00e3o h\u00e1 nenhuma criatura mais unida a Deus do que o Cora\u00e7\u00e3o de Maria.<\/p>\n<p style=\"text-align: left\"><b>A unidade dos cora\u00e7\u00f5es de Maria com Deus<\/b><\/p>\n<p style=\"text-align: left\">A Virgem Maria est\u00e1 unida intimamente a Deus e, exatamente por isso, n\u00f3s podemos ter devo\u00e7\u00e3o a ela. Toda devo\u00e7\u00e3o deve terminar em Deus, sen\u00e3o seria idolatria. Quando n\u00f3s temos uma grande devo\u00e7\u00e3o a Nossa Senhora \u00e9 porque ela \u00e9 um grande instrumento para nos unir a Deus, para nos levar ao culto do Senhor.<\/p>\n<p style=\"text-align: left\">A uni\u00e3o entre a Sant\u00edssima Virgem e Deus \u00e9 \u2013 depois da uni\u00e3o hipost\u00e1tica, a uni\u00e3o criada mais perfeita e absoluta \u2013 a mais perfeita. Nenhuma criatura est\u00e1 mais unida a Deus, excetuada a humanidade de Cristo, do que a Virgem Maria. Isso significa que, depois da uni\u00e3o hipost\u00e1tica, a uni\u00e3o de Maria com Deus \u00e9 a maior de todas as uni\u00f5es e, se \u00e9 a maior de todas as uni\u00f5es, deve ser a maior de todas as devo\u00e7\u00f5es. Pois, devemos ter devo\u00e7\u00e3o a tudo aquilo que est\u00e1 unido a Deus, \u00e0quilo que nos leva para Ele.<\/p>\n<p style=\"text-align: left\">Em Cristo, a sua pessoa divina une a humanidade e a divindade. O que une Maria a Deus \u00e9 o seu Cora\u00e7\u00e3o, porque na ess\u00eancia de sua alma foram derramadas todas as gra\u00e7as, de tal forma que ela est\u00e1 unida, pelo Esp\u00edrito Santo, ao seu divino Filho. Dessa forma, essa unidade se d\u00e1 no Cora\u00e7\u00e3o de Maria. Por conseguinte, a unidade entre o Cora\u00e7\u00e3o de Jesus e o Cora\u00e7\u00e3o de Maria n\u00e3o poderia ser maior. S\u00e3o Paulo diz na Carta aos G\u00e1latas: \u201cEu vivo, mas j\u00e1 n\u00e3o sou eu; \u00e9 Cristo que vive em mim\u201d (Gl 2, 20). Se S\u00e3o Paulo pode dizer que \u00e9 o Cristo que vive nele, muito mais pode dizer a Virgem Maria que Cristo vive nela. Nos Atos do Ap\u00f3stolos est\u00e1 escrito que os crist\u00e3os eram um s\u00f3 cora\u00e7\u00e3o e uma s\u00f3 alma (cf. At 4, 32). Se os crist\u00e3os, pela caridade que os unia, eram um s\u00f3 cora\u00e7\u00e3o, como n\u00e3o dizer que Maria era um s\u00f3 Cora\u00e7\u00e3o com Jesus?<\/p>\n<p style=\"text-align: left\">Na unidade do Cora\u00e7\u00e3o de Maria n\u00f3s podemos dizer que n\u00e3o havia um \u00fanico movimento passional, mas havia uma perfeita sintonia com o Cora\u00e7\u00e3o de seu Filho, que foi aperfei\u00e7oada no C\u00e9u. Podemos dizer que o cora\u00e7\u00e3o de Maria \u00e9 um reflexo do Cora\u00e7\u00e3o de Cristo. Por isso, ela merece a nossa mais sublime e elevada devo\u00e7\u00e3o, de forma que o culto prestado a Maria tem um nome especial. O culto prestado a Jesus \u00e9 de adora\u00e7\u00e3o e a Maria, de <i>hiperdulia<\/i>. Ou seja, o culto prestado a Nossa Senhora deve ser maior do que qualquer culto prestado aos anjos e aos santos.<\/p>\n<p style=\"text-align: left\"><strong>Fonte:<\/strong> PADRE PAULO RICARDO.\u00a0<a href=\"https:\/\/padrepauloricardo.org\/episodios\/o-imaculado-coracao-triunfara\" target=\"_blank\" rel=\"noopener noreferrer\">O Imaculado Cora\u00e7\u00e3o triunfar\u00e1!<\/a><\/p>\n<p style=\"text-align: left\"><strong>Links relacionados:<\/strong><\/p>\n<p style=\"text-align: left\">TODO DE MARIA.\u00a0<a href=\"http:\/\/blog.cancaonova.com\/tododemaria\/a-devocao-dos-cinco-primeiros-sabados\/\" target=\"_blank\" rel=\"noopener noreferrer\">A devo\u00e7\u00e3o dos cinco primeiros s\u00e1bados<\/a>.<\/p>\n<p style=\"text-align: left\">TODO DE MARIA.\u00a0<a href=\"http:\/\/blog.cancaonova.com\/tododemaria\/quereis-oferecer-vos-a-deus\/\" target=\"_blank\" rel=\"noopener noreferrer\">Quereis oferecer-vos a Deus?<\/a><\/p>\n<p style=\"text-align: left\">TODO DE MARIA.\u00a0<a href=\"http:\/\/blog.cancaonova.com\/tododemaria\/a-consagracao-a-maria-passo-a-passo\/\" target=\"_blank\" rel=\"noopener noreferrer\">A consagra\u00e7\u00e3o a Maria passo a passo<\/a>.<\/p>\n","protected":false},"excerpt":{"rendered":"<p>Conhe\u00e7a a teologia de S\u00e3o Jo\u00e3o Eudes dos tr\u00eas cora\u00e7\u00f5es e da \u00edntima uni\u00e3o da Virgem Maria com Deus. Na humanidade da Sant\u00edssima Virgem Maria havia tr\u00eas cora\u00e7\u00f5es em perfeita harmonia entre si e em perfeita uni\u00e3o com Deus. S\u00e3o&#8230;<\/p>\n","protected":false},"author":4539,"featured_media":0,"comment_status":"open","ping_status":"open","sticky":false,"template":"","format":"standard","meta":{"_mi_skip_tracking":false,"_monsterinsights_sitenote_active":false,"_monsterinsights_sitenote_note":"","_monsterinsights_sitenote_category":0,"footnotes":""},"categories":[186332],"tags":[],"_links":{"self":[{"href":"https:\/\/blog.cancaonova.com\/tododemaria\/wp-json\/wp\/v2\/posts\/7446"}],"collection":[{"href":"https:\/\/blog.cancaonova.com\/tododemaria\/wp-json\/wp\/v2\/posts"}],"about":[{"href":"https:\/\/blog.cancaonova.com\/tododemaria\/wp-json\/wp\/v2\/types\/post"}],"author":[{"embeddable":true,"href":"https:\/\/blog.cancaonova.com\/tododemaria\/wp-json\/wp\/v2\/users\/4539"}],"replies":[{"embeddable":true,"href":"https:\/\/blog.cancaonova.com\/tododemaria\/wp-json\/wp\/v2\/comments?post=7446"}],"version-history":[{"count":5,"href":"https:\/\/blog.cancaonova.com\/tododemaria\/wp-json\/wp\/v2\/posts\/7446\/revisions"}],"predecessor-version":[{"id":7633,"href":"https:\/\/blog.cancaonova.com\/tododemaria\/wp-json\/wp\/v2\/posts\/7446\/revisions\/7633"}],"wp:attachment":[{"href":"https:\/\/blog.cancaonova.com\/tododemaria\/wp-json\/wp\/v2\/media?parent=7446"}],"wp:term":[{"taxonomy":"category","embeddable":true,"href":"https:\/\/blog.cancaonova.com\/tododemaria\/wp-json\/wp\/v2\/categories?post=7446"},{"taxonomy":"post_tag","embeddable":true,"href":"https:\/\/blog.cancaonova.com\/tododemaria\/wp-json\/wp\/v2\/tags?post=7446"}],"curies":[{"name":"wp","href":"https:\/\/api.w.org\/{rel}","templated":true}]}}