{"id":7574,"date":"2017-07-17T03:00:23","date_gmt":"2017-07-17T06:00:23","guid":{"rendered":"http:\/\/blog.cancaonova.com\/tododemaria\/?p=7574"},"modified":"2017-07-16T22:16:44","modified_gmt":"2017-07-17T01:16:44","slug":"maria-a-porta-do-ceu","status":"publish","type":"post","link":"https:\/\/blog.cancaonova.com\/tododemaria\/maria-a-porta-do-ceu\/","title":{"rendered":"Maria, a Porta do C\u00e9u"},"content":{"rendered":"<p style=\"text-align: left\"><b>Assista o v\u00eddeo intitulado \u201cMaria, a Porta do C\u00e9u\u201d, com o testemunho mariano de Padre Francisco Amaral.<\/b><\/p>\n<p style=\"text-align: left\">O testemunho mariano de Padre Francisco Amaral, com o tema: \u201cMaria, a Porta do C\u00e9u\u201d, se deu em sua prega\u00e7\u00e3o no <a href=\"https:\/\/blog.cancaonova.com\/cuiaba\/kairos-mariano\/\" target=\"_blank\" rel=\"noopener\">Kair\u00f3s Mariano<\/a>, que aconteceu na <a href=\"https:\/\/blog.cancaonova.com\/cuiaba\" target=\"_blank\" rel=\"noopener\">Casa de Miss\u00e3o da Can\u00e7\u00e3o Nova de Cuiab\u00e1<\/a>-MT, no dia 28 de Maio de 2017. O encontro, que contou tamb\u00e9m a participa\u00e7\u00e3o de Padre Paulo Ricardo, teve como tema as palavras da Virgem Maria na Mensagem de F\u00e1tima: \u201cPor fim Meu Imaculado Cora\u00e7\u00e3o triunfar\u00e1\u201d.<a href=\"http:\/\/blog.cancaonova.com\/tododemaria\/files\/2017\/07\/Maria-a-Porta-do-C\u00e9u.jpg\"><img loading=\"lazy\" decoding=\"async\" class=\"size-full wp-image-7575 aligncenter\" src=\"http:\/\/blog.cancaonova.com\/tododemaria\/files\/2017\/07\/Maria-a-Porta-do-C\u00e9u.jpg\" alt=\"Assista o v\u00eddeo intitulado \u201cMaria, a Porta do C\u00e9u\u201d, com o testemunho mariano de Padre Francisco Amaral.\" width=\"600\" height=\"330\" srcset=\"https:\/\/blog.cancaonova.com\/tododemaria\/files\/2017\/07\/Maria-a-Porta-do-C\u00e9u.jpg 600w, https:\/\/blog.cancaonova.com\/tododemaria\/files\/2017\/07\/Maria-a-Porta-do-C\u00e9u-300x165.jpg 300w\" sizes=\"(max-width: 600px) 100vw, 600px\" \/><\/a><\/p>\n<p style=\"text-align: left\">Francisco do Amaral Carvalho Dockhorn nasceu em 13 de Setembro de 1982, na Cidade de Porto Alegre-RS. Filho \u00fanico de Gerson e Marta, Francisco recebeu dos pais a f\u00e9 cat\u00f3lica, aprendeu com eles a estar na Igreja e a atuar no Minist\u00e9rio Extraordin\u00e1rio da Comunh\u00e3o Eucar\u00edstica e na Pastoral da Catequese. Estudou em col\u00e9gios cat\u00f3licos e, no intuito de conhecer o ser humano, formou-se em psicologia. No entanto, permanecia a inquieta\u00e7\u00e3o de levar o ser humano para Deus, o que levou Francisco a ingressar no <a href=\"http:\/\/seminariodecuiaba.blogspot.com.br\/\" target=\"_blank\" rel=\"noopener\">Semin\u00e1rio Cristo Rei<\/a>, da <a href=\"http:\/\/www.arquidiocesecuiaba.org.br\/\" target=\"_blank\" rel=\"noopener\">Arquidiocese de Cuiab\u00e1<\/a>-MT. Recebeu a forma\u00e7\u00e3o necess\u00e1ria, foi ordenado Di\u00e1cono, no dia 3 de Abril de 2016, e Sacerdote, no dia 7 de Maio de 2017, no Domingo do Bom Pastor.<\/p>\n<p style=\"text-align: left\">Em sua prega\u00e7\u00e3o, Padre Francisco Amaral nos explica uma verdade fundamental sobre a devo\u00e7\u00e3o mariana: \u201cA Virgem Maria n\u00e3o \u00e9 uma escolha dos homens, mas uma escolha de Deus: Ele escolheu vir a n\u00f3s atrav\u00e9s Dela (cf. Lc 1, 26-45). Por isso, Maria \u00e9 a Porta do C\u00e9u; tamb\u00e9m porque, sendo a nossa M\u00e3e na ordem na gra\u00e7a<a href=\"#_ftn1\" name=\"_ftnref1\"><span style=\"font-family: Calibri, sans-serif\">[1]<\/span><\/a>, nos leva para Deus. Vamos juntos caminhar para o c\u00e9u de m\u00e3os dadas com a Mam\u00e3e?\u201d<!--more Assista o v\u00eddeo--><\/p>\n<p style=\"text-align: center\"><strong><a href=\"http:\/\/feedburner.google.com\/fb\/a\/mailverify?uri=TodoDeMaria\" target=\"_blank\" rel=\"noopener\">Receba o conte\u00fado deste blog gratuitamente em seu e-mail.<\/a><\/strong><\/p>\n<p><strong>Assista o testemunho de Padre Francisco Amaral, intitulado \u201c<a href=\"https:\/\/www.youtube.com\/watch?v=5-pPHp3puOY\" target=\"_blank\" rel=\"noopener\">Maria, a Porta do C\u00e9u<\/a>\u201c:<\/strong><\/p>\n<iframe loading=\"lazy\" width=\"640\" height=\"360\" src=\"https:\/\/www.youtube-nocookie.com\/embed\/5-pPHp3puOY?rel=0&amp;showinfo=0\" frameborder=\"0\" allowfullscreen><\/iframe>\n<p><strong>Ou\u00e7a o testemunho de Padre Francisco Amaral, intitulado \u201c<a href=\"https:\/\/www.mixcloud.com\/tododemaria\/maria-a-porta-do-c\u00e9u\/\" target=\"_blank\" rel=\"noopener\">Maria, a Porta do C\u00e9u<\/a>\u201c:<\/strong><\/p>\n<iframe loading=\"lazy\" width=\"100%\" height=\"120\" src=\"https:\/\/www.mixcloud.com\/widget\/iframe\/?feed=https%3A%2F%2Fwww.mixcloud.com%2Ftododemaria%2Fmaria-a-porta-do-c%25C3%25A9u%2F&hide_cover=1&hide_artwork=1&light=1\" frameborder=\"0\"><\/iframe>\n<p>\u00d3 Virgem Maria, Porta do C\u00e9u,\u00a0rogai por n\u00f3s!<\/p>\n<p style=\"text-align: left\"><strong>Links relacionados:<\/strong><\/p>\n<p>PADRE PAULO RICARDO.\u00a0<a href=\"https:\/\/padrepauloricardo.org\/episodios\/festa-da-natividade-de-nossa-senhora-maria-a-porta-do-ceu\" target=\"_blank\" rel=\"noopener\">Maria, a porta do C\u00e9u<\/a>.<\/p>\n<p>TODO DE MARIA.\u00a0<a href=\"https:\/\/blog.cancaonova.com\/tododemaria\/comecar-a-preparacao-para-a-consagracao\/\" target=\"_blank\" rel=\"noopener\">Come\u00e7ar a prepara\u00e7\u00e3o para a consagra\u00e7\u00e3o<\/a>.<\/p>\n<p>TODO DE MARIA.\u00a0<a href=\"https:\/\/blog.cancaonova.com\/tododemaria\/nossa-senhora-a-porta-da-misericordia\/\" target=\"_blank\" rel=\"noopener\">Nossa Senhora, a Porta da Miseric\u00f3rdia<\/a>.<\/p>\n<p style=\"text-align: left\"><strong>Refer\u00eancias:<\/strong><\/p>\n<hr align=\"left\" size=\"1\" width=\"250\" \/>\n<div id=\"ftn1\" dir=\"ltr\">\n<p style=\"text-align: left\"><a href=\"#_ftnref1\" name=\"_ftn1\"><span style=\"font-family: Calibri, sans-serif\">[1]<\/span><\/a>\u00a0 Cf. <a href=\"http:\/\/www.vatican.va\/archive\/hist_councils\/ii_vatican_council\/index_po.htm\" target=\"_blank\" rel=\"noopener\">CONC\u00cdLIO VATICANO II<\/a>. <a href=\"http:\/\/www.vatican.va\/archive\/hist_councils\/ii_vatican_council\/documents\/vat-ii_const_19641121_lumen-gentium_po.html\" target=\"_blank\" rel=\"noopener\">Constitui\u00e7\u00e3o Dogm\u00e1tica <i>Lumen Gentium<\/i><\/a>, 61.<\/p>\n<\/div>\n","protected":false},"excerpt":{"rendered":"<p>Assista o v\u00eddeo intitulado \u201cMaria, a Porta do C\u00e9u\u201d, com o testemunho mariano de Padre Francisco Amaral. O testemunho mariano de Padre Francisco Amaral, com o tema: \u201cMaria, a Porta do C\u00e9u\u201d, se deu em sua prega\u00e7\u00e3o no Kair\u00f3s Mariano,&#8230;<\/p>\n","protected":false},"author":4539,"featured_media":0,"comment_status":"open","ping_status":"open","sticky":false,"template":"","format":"standard","meta":{"_mi_skip_tracking":false,"_monsterinsights_sitenote_active":false,"_monsterinsights_sitenote_note":"","_monsterinsights_sitenote_category":0,"footnotes":""},"categories":[185532,101],"tags":[],"_links":{"self":[{"href":"https:\/\/blog.cancaonova.com\/tododemaria\/wp-json\/wp\/v2\/posts\/7574"}],"collection":[{"href":"https:\/\/blog.cancaonova.com\/tododemaria\/wp-json\/wp\/v2\/posts"}],"about":[{"href":"https:\/\/blog.cancaonova.com\/tododemaria\/wp-json\/wp\/v2\/types\/post"}],"author":[{"embeddable":true,"href":"https:\/\/blog.cancaonova.com\/tododemaria\/wp-json\/wp\/v2\/users\/4539"}],"replies":[{"embeddable":true,"href":"https:\/\/blog.cancaonova.com\/tododemaria\/wp-json\/wp\/v2\/comments?post=7574"}],"version-history":[{"count":4,"href":"https:\/\/blog.cancaonova.com\/tododemaria\/wp-json\/wp\/v2\/posts\/7574\/revisions"}],"predecessor-version":[{"id":7579,"href":"https:\/\/blog.cancaonova.com\/tododemaria\/wp-json\/wp\/v2\/posts\/7574\/revisions\/7579"}],"wp:attachment":[{"href":"https:\/\/blog.cancaonova.com\/tododemaria\/wp-json\/wp\/v2\/media?parent=7574"}],"wp:term":[{"taxonomy":"category","embeddable":true,"href":"https:\/\/blog.cancaonova.com\/tododemaria\/wp-json\/wp\/v2\/categories?post=7574"},{"taxonomy":"post_tag","embeddable":true,"href":"https:\/\/blog.cancaonova.com\/tododemaria\/wp-json\/wp\/v2\/tags?post=7574"}],"curies":[{"name":"wp","href":"https:\/\/api.w.org\/{rel}","templated":true}]}}