{"id":758,"date":"2012-10-03T06:50:47","date_gmt":"2012-10-03T09:50:47","guid":{"rendered":"http:\/\/blog.cancaonova.com\/tododemaria\/?p=758"},"modified":"2016-01-24T19:48:03","modified_gmt":"2016-01-24T21:48:03","slug":"deus-escolheu-os-pobres-deste-mundo","status":"publish","type":"post","link":"https:\/\/blog.cancaonova.com\/tododemaria\/deus-escolheu-os-pobres-deste-mundo\/","title":{"rendered":"Deus escolheu os pobres deste mundo"},"content":{"rendered":"<p><strong>\u201cMeus irm\u00e3os, a f\u00e9 que tendes em nosso Senhor Jesus Cristo glorificado n\u00e3o deve admitir acep\u00e7\u00e3o de pessoas\u201d (Tg 2, 1).<\/strong><\/p>\n<p><a href=\"http:\/\/blog.cancaonova.com\/tododemaria\/files\/2012\/10\/550581_456374124375324_244031393_n_thumb1.jpg\"><img loading=\"lazy\" decoding=\"async\" class=\"alignleft size-medium wp-image-759\" src=\"http:\/\/blog.cancaonova.com\/tododemaria\/files\/2012\/10\/550581_456374124375324_244031393_n_thumb1-225x300.jpg\" alt=\"Deus escolheu os pobres deste mundo.\" width=\"225\" height=\"300\" srcset=\"https:\/\/blog.cancaonova.com\/tododemaria\/files\/2012\/10\/550581_456374124375324_244031393_n_thumb1-225x300.jpg 225w, https:\/\/blog.cancaonova.com\/tododemaria\/files\/2012\/10\/550581_456374124375324_244031393_n_thumb1-150x200.jpg 150w, https:\/\/blog.cancaonova.com\/tododemaria\/files\/2012\/10\/550581_456374124375324_244031393_n_thumb1.jpg 384w\" sizes=\"(max-width: 225px) 100vw, 225px\" \/><\/a>O Senhor \u00e9 justo e veio ao mundo para salvar os pecadores, os pobres, os pequenos deste mundo (cf. Tg 2, 5). Ele \u00e9 o justo juiz, que veio ao mundo para dar esperan\u00e7a aos desesperados, para curar os enfermos, dar de comer aos que tem fome. Por\u00e9m, mais do que o alimento e a cura f\u00edsica, Ele veio ao mundo para dar o alimento espiritual, a cura da alma. Ele veio aos pequenos deste mundo, pois s\u00e3o estes que precisam deste alimento, desta cura, que o Senhor quer realizar em n\u00f3s.<\/p>\n<p>Para que Jesus fa\u00e7a essas maravilhas em n\u00f3s, precisamos ser d\u00f3ceis como a Virgem Maria e acolher o des\u00edgnio do Pai em nossas vidas. Precisamos dizer o nosso \u201cfa\u00e7a-se\u201d e nos fazer servos, como fez Nossa Senhora. Na humildade e no sil\u00eancio do seu cora\u00e7\u00e3o, ela acolheu a vontade de Deus em sua vida, ainda que n\u00e3o soubesse como se realizaria (cf. Lc 1, 38). Como ela, acolhamos com humildade, no sil\u00eancio do nosso cora\u00e7\u00e3o a vontade do Senhor.<!--more Continue lendo...--><\/p>\n<p style=\"text-align: center\"><strong><a href=\"http:\/\/feedburner.google.com\/fb\/a\/mailverify?uri=TodoDeMaria\" target=\"_blank\">Receba o conte\u00fado deste blog gratuitamente em seu e-mail.<\/a><\/strong><\/p>\n<p>N\u00e3o sabemos como ser\u00e3o todas as coisas, mas a cada dia basta o seu cuidado (cf. Mt 6, 34). Deus \u00e9 justo, por isso, n\u00e3o nos deixar\u00e1 perdidos, sem o Seu aux\u00edlio. N\u00e3o tenhamos medo de dizer sim a Deus, mas confiemos. Ainda, que sejamos jovens demais, como Maria, velhos demais, como Isabel, esposa de Zacarias, ou adultos, mas nos sintamos incapazes, fa\u00e7amos como a Virgem Maria e consagremos inteiramente a Jesus as nossas vidas. Ele tem o melhor para n\u00f3s, para a nossa realiza\u00e7\u00e3o, para a nossa felicidade neste mundo, e a salva\u00e7\u00e3o no mundo que h\u00e1 de vir.<\/p>\n<p>Sejamos fi\u00e9is a Jesus Cristo e n\u00e3o esque\u00e7amos que Ele veio ao mundo para os fracos, para os pecadores deste mundo, por isso, n\u00e3o julguemos ningu\u00e9m. Aceitemos as nossas fragilidades e tamb\u00e9m as debilidades dos outros. Deixemos o julgamento para Deus. Quando nos sentirmos injusti\u00e7ados, oprimidos, fa\u00e7amos como a Virgem Maria, que guardava todas as coisas em seu cora\u00e7\u00e3o. Ela estava intimamente ligada ao seu Filho Jesus Cristo e a Ele entregava todas as coisas.<\/p>\n<p>Assim, n\u00e3o nos entriste\u00e7amos por causa dos sofrimentos do tempo presente, mas tenhamos f\u00e9 em Nosso Senhor e nos coloquemos sob o cuidado e a intercess\u00e3o da Virgem Maria. Ela cuida de cada um de n\u00f3s e nos apresenta continuamente a seu Filho, principalmente quando nos falta o vinho da alegria. Como os servente das bodas de Can\u00e1 (cf. Jo 2, 1-12), sejamos d\u00f3ceis a Nossa Senhora e a Jesus Cristo, para que Ele transforme a \u00e1gua em vinho, a nossa pobreza em riqueza espiritual.<\/p>\n","protected":false},"excerpt":{"rendered":"<p>\u201cMeus irm\u00e3os, a f\u00e9 que tendes em nosso Senhor Jesus Cristo glorificado n\u00e3o deve admitir acep\u00e7\u00e3o de pessoas\u201d (Tg 2, 1). O Senhor \u00e9 justo e veio ao mundo para salvar os pecadores, os pobres, os pequenos deste mundo (cf&#8230;.<\/p>\n","protected":false},"author":4539,"featured_media":0,"comment_status":"open","ping_status":"open","sticky":false,"template":"","format":"standard","meta":{"_mi_skip_tracking":false,"_monsterinsights_sitenote_active":false,"_monsterinsights_sitenote_note":"","_monsterinsights_sitenote_category":0,"footnotes":""},"categories":[6031],"tags":[],"_links":{"self":[{"href":"https:\/\/blog.cancaonova.com\/tododemaria\/wp-json\/wp\/v2\/posts\/758"}],"collection":[{"href":"https:\/\/blog.cancaonova.com\/tododemaria\/wp-json\/wp\/v2\/posts"}],"about":[{"href":"https:\/\/blog.cancaonova.com\/tododemaria\/wp-json\/wp\/v2\/types\/post"}],"author":[{"embeddable":true,"href":"https:\/\/blog.cancaonova.com\/tododemaria\/wp-json\/wp\/v2\/users\/4539"}],"replies":[{"embeddable":true,"href":"https:\/\/blog.cancaonova.com\/tododemaria\/wp-json\/wp\/v2\/comments?post=758"}],"version-history":[{"count":5,"href":"https:\/\/blog.cancaonova.com\/tododemaria\/wp-json\/wp\/v2\/posts\/758\/revisions"}],"predecessor-version":[{"id":5227,"href":"https:\/\/blog.cancaonova.com\/tododemaria\/wp-json\/wp\/v2\/posts\/758\/revisions\/5227"}],"wp:attachment":[{"href":"https:\/\/blog.cancaonova.com\/tododemaria\/wp-json\/wp\/v2\/media?parent=758"}],"wp:term":[{"taxonomy":"category","embeddable":true,"href":"https:\/\/blog.cancaonova.com\/tododemaria\/wp-json\/wp\/v2\/categories?post=758"},{"taxonomy":"post_tag","embeddable":true,"href":"https:\/\/blog.cancaonova.com\/tododemaria\/wp-json\/wp\/v2\/tags?post=758"}],"curies":[{"name":"wp","href":"https:\/\/api.w.org\/{rel}","templated":true}]}}