{"id":7611,"date":"2017-07-28T03:00:49","date_gmt":"2017-07-28T06:00:49","guid":{"rendered":"http:\/\/blog.cancaonova.com\/tododemaria\/?p=7611"},"modified":"2017-07-28T00:03:43","modified_gmt":"2017-07-28T03:03:43","slug":"duvidas-sobre-o-tratado-a-consagracao-e-a-renovacao","status":"publish","type":"post","link":"https:\/\/blog.cancaonova.com\/tododemaria\/duvidas-sobre-o-tratado-a-consagracao-e-a-renovacao\/","title":{"rendered":"D\u00favidas sobre o Tratado, a consagra\u00e7\u00e3o e a renova\u00e7\u00e3o"},"content":{"rendered":"<p style=\"text-align: left\"><b>Tire suas d\u00favidas sobre o<\/b><strong> \u201c<\/strong><b>Tratado da Verdadeira Devo\u00e7\u00e3o a Sant\u00edssima Virgem<\/b>\u201d<b>, a consagra\u00e7\u00e3o a Jesus pelas m\u00e3os de Maria e a renova\u00e7\u00e3o.<\/b><\/p>\n<p style=\"text-align: left\">Neste primeiro artigo de \u201cPerguntas e Respostas\u201d, tiramos algumas d\u00favidas sobre a consagra\u00e7\u00e3o Jesus Cristo pelas m\u00e3os da Virgem Maria e tamb\u00e9m sobre a renova\u00e7\u00e3o da consagra\u00e7\u00e3o.<\/p>\n<p style=\"text-align: left\">Em primeiro lugar, respondemos a pergunta de Dagmar Messias, que quer saber quais os passos que deve seguir para fazer a consagra\u00e7\u00e3o. Ela quer saber por onde come\u00e7ar a sua prepara\u00e7\u00e3o para a consagra\u00e7\u00e3o, especialmente na leitura do \u201cTratado da Verdadeira Devo\u00e7\u00e3o a Sant\u00edssima Virgem\u201d, de <a href=\"https:\/\/blog.cancaonova.com\/tododemaria\/sao-luis-maria-missionario-ate-a-morte\/\" target=\"_blank\" rel=\"noopener\">S\u00e3o Lu\u00eds Maria Grignion de Montfort<\/a>.<a href=\"http:\/\/blog.cancaonova.com\/tododemaria\/files\/2017\/07\/D\u00favidas-sobre-o-Tratado-a-consagra\u00e7\u00e3o-e-a-renova\u00e7\u00e3o.jpg\"><img loading=\"lazy\" decoding=\"async\" class=\"size-full wp-image-7613 aligncenter\" src=\"http:\/\/blog.cancaonova.com\/tododemaria\/files\/2017\/07\/D\u00favidas-sobre-o-Tratado-a-consagra\u00e7\u00e3o-e-a-renova\u00e7\u00e3o.jpg\" alt=\"Tire suas d\u00favidas sobre o \u201cTratado da Verdadeira Devo\u00e7\u00e3o a Sant\u00edssima Virgem\u201d, a consagra\u00e7\u00e3o a Jesus pelas m\u00e3os de Maria e a renova\u00e7\u00e3o.\" width=\"600\" height=\"330\" srcset=\"https:\/\/blog.cancaonova.com\/tododemaria\/files\/2017\/07\/D\u00favidas-sobre-o-Tratado-a-consagra\u00e7\u00e3o-e-a-renova\u00e7\u00e3o.jpg 600w, https:\/\/blog.cancaonova.com\/tododemaria\/files\/2017\/07\/D\u00favidas-sobre-o-Tratado-a-consagra\u00e7\u00e3o-e-a-renova\u00e7\u00e3o-300x165.jpg 300w\" sizes=\"(max-width: 600px) 100vw, 600px\" \/><\/a><\/p>\n<p style=\"text-align: left\">A segunda pergunta que respondemos \u00e9 de Beatriz Ribeiro, que quer saber se \u00e9 obrigat\u00f3rio renovar a consagra\u00e7\u00e3o na Santa Missa. A resposta a essa pergunta parece ser simples, mas a resposta \u00e9 complexa e nos ajuda a compreender qual \u00e9 a liga\u00e7\u00e3o profunda que existe entre a consagra\u00e7\u00e3o e a comunh\u00e3o.<!--more Continue lendo...--><\/p>\n<p style=\"text-align: center\"><strong><a href=\"http:\/\/feedburner.google.com\/fb\/a\/mailverify?uri=TodoDeMaria\" target=\"_blank\" rel=\"noopener\">Receba o conte\u00fado deste blog gratuitamente em seu e-mail.<\/a><\/strong><\/p>\n<p style=\"text-align: left\"><b>Quais os passos a seguir para fazer consagra\u00e7\u00e3o?<\/b><\/p>\n<p style=\"text-align: left\">Dagmar Messias comprou o Tratado e deseja ser escrava de Maria. Mas, necessita de uma explica\u00e7\u00e3o de como come\u00e7ar pelo Livro.<\/p>\n<p style=\"text-align: left\">Cara Dagmar,<\/p>\n<p style=\"text-align: left\">N\u00e3o existe uma forma \u00fanica para come\u00e7ar a prepara\u00e7\u00e3o para a consagra\u00e7\u00e3o. Sendo assim, daremos algumas dicas que poder\u00e3o lhe ajudar a estudar e a entender melhor a consagra\u00e7\u00e3o. Mas, ficar\u00e1 a seu crit\u00e9rio escolher qual \u00e9 a forma de prepara\u00e7\u00e3o que melhor atender\u00e1 as suas necessidades.<\/p>\n<p style=\"text-align: left\">Se voc\u00ea n\u00e3o tem muita pressa, eu recomendo que primeiramente assista as <a href=\"http:\/\/blog.cancaonova.com\/tododemaria\/a-consagracao-a-maria-passo-a-passo\/\" target=\"_blank\" rel=\"noopener\">aulas do Padre Paulo Ricardo sobre a consagra\u00e7\u00e3o<\/a>, antes mesmo de come\u00e7ar a ler o Tratado. Fazendo isso, certamente voc\u00ea compreender\u00e1 muito melhor o Livro e consequentemente a sua prepara\u00e7\u00e3o ser\u00e1 mais aprofundada. Al\u00e9m disso, voc\u00ea pode recorrer a outras obras de S\u00e3o Lu\u00eds Maria, que podem ser muito \u00fateis na compreens\u00e3o da consagra\u00e7\u00e3o. O primeiro livro que recomendamos \u00e9 \u201cO Amor da Sabedoria Eterna\u201d, que lhe dar\u00e1 um entendimento mais aprofundado da teologia do Santo a respeito de Cristo e, por conseguinte, ajudar\u00e1 a compreender melhor a consagra\u00e7\u00e3o a Nossa Senhora. Outro livro que pode ser lido antes do Tratado \u00e9 \u201cO Segredo de Maria\u201d, que foi o primeiro escrito de Montfort inteiramente dedicado \u00e0 consagra\u00e7\u00e3o. Esses dois livros, bem como o Tratado, podem ser encontrados nas <a href=\"http:\/\/www.monfortinos.com\/sitenovo\/index.php\/livros\" target=\"_blank\" rel=\"noopener\">Edi\u00e7\u00f5es Monfortinas<\/a>.<\/p>\n<p style=\"text-align: left\">Caso n\u00e3o disponha de muito tempo ou tenha pressa de fazer a consagra\u00e7\u00e3o, voc\u00ea pode ler o Tratado diretamente, pois ele n\u00e3o \u00e9 um livro t\u00e3o dif\u00edcil de entender. No Tratado, S\u00e3o Lu\u00eds Maria trata com profundidade do tema da consagra\u00e7\u00e3o, mas de uma forma que at\u00e9 os mais simples e pouco instru\u00eddos conseguem entender. Se tiver d\u00favidas, nos colocamos \u00e0 disposi\u00e7\u00e3o para lhe ajudar.<\/p>\n<p style=\"text-align: left\"><b>\u00c9 obrigat\u00f3rio renovar a consagra\u00e7\u00e3o na Missa?<\/b><\/p>\n<p style=\"text-align: left\">Beatriz Ribeiro quer saber se \u00e9 obrigat\u00f3rio renovar a consagra\u00e7\u00e3o na Santa Missa.<\/p>\n<p style=\"text-align: left\">Cara Beatriz,<\/p>\n<p style=\"text-align: left\">Desde o in\u00edcio, esclarecemos que n\u00e3o \u00e9 obrigat\u00f3rio renovar a consagra\u00e7\u00e3o na Missa. Nem mesmo a consagra\u00e7\u00e3o precisa ser feita obrigatoriamente na celebra\u00e7\u00e3o da Eucaristia. Pois, a consagra\u00e7\u00e3o n\u00e3o est\u00e1 essencialmente ligada \u00e0 Santa Missa. No entanto, seria muito bom que a consagra\u00e7\u00e3o fosse feita na Santa Missa ou pelo menos na celebra\u00e7\u00e3o da Palavra com comunh\u00e3o. A esse respeito, S\u00e3o Lu\u00eds Maria d\u00e1 algumas instru\u00e7\u00f5es que s\u00e3o v\u00e1lidas para a consagra\u00e7\u00e3o e a renova\u00e7\u00e3o:<\/p>\n<blockquote>\n<p style=\"text-align: left\">No fim dessas tr\u00eas semanas confessar-se-\u00e3o e comungar\u00e3o com a inten\u00e7\u00e3o de se darem a Jesus Cristo na qualidade de escravos de amor, pelas m\u00e3os de Maria. E depois da comunh\u00e3o, que se esfor\u00e7ar\u00e3o por fazer segundo o m\u00e9todo abaixo indicado (n. 266), dir\u00e3o a f\u00f3rmula da consagra\u00e7\u00e3o, que tamb\u00e9m achar\u00e3o mais adiante<a href=\"#_ftn1\" name=\"_ftnref1\"><span style=\"font-family: Calibri, sans-serif\">[1]<\/span><\/a>.<\/p>\n<\/blockquote>\n<p style=\"text-align: left\">A comunh\u00e3o de Jesus Cristo eucar\u00edstico na companhia da Virgem Maria \u00e9 uma das pr\u00e1ticas exteriores da consagra\u00e7\u00e3o mais importantes. Por isso, temos raz\u00f5es suficientes para recomendar insistentemente que a consagra\u00e7\u00e3o e a renova\u00e7\u00e3o sejam feitas durante a Santa Missa ou logo depois, no momento de a\u00e7\u00e3o de gra\u00e7as. Certamente que esta pr\u00e1tica, de comungar Jesus na presen\u00e7a de Maria<a href=\"#_ftn2\" name=\"_ftnref2\"><span style=\"font-family: Calibri, sans-serif\">[2]<\/span><\/a>, lhe ajudar\u00e1 a crescer na f\u00e9, na esperan\u00e7a e na caridade!<\/p>\n<p>Apesar de ser muito recomend\u00e1vel, caso seja muito dif\u00edcil ou imposs\u00edvel fazer a consagra\u00e7\u00e3o na Santa Missa ou na celebra\u00e7\u00e3o da Palavra com comunh\u00e3o, n\u00e3o deixe de fazer a renova\u00e7\u00e3o de sua consagra\u00e7\u00e3o. Nesse caso, certamente a gra\u00e7a de Deus suprir\u00e1 a falta de receber o Corpo de Cristo no dia sublime em que renovar\u00e1 sua consagra\u00e7\u00e3o a Jesus por Maria.<\/p>\n<p style=\"text-align: left\">Assim, este foi nosso primeiro artigo de \u201cPerguntas e Respostas\u201d. Esperamos ter ajudado a Dagmar e a Beatriz a tirar suas d\u00favidas sobre a consagra\u00e7\u00e3o a Jesus Cristo, a Sabedoria encarnada, pelas m\u00e3os da Virgem Maria. Convidamos voc\u00ea, que tamb\u00e9m tem d\u00favidas sobre a devo\u00e7\u00e3o ou a consagra\u00e7\u00e3o a Nossa senhora, a enviar suas perguntas pelo nosso \u201c<a href=\"https:\/\/blog.cancaonova.com\/tododemaria\/fale-conosco\/\" target=\"_blank\" rel=\"noopener\">Fale Conosco<\/a>\u201d. Teremos o maior prazer em responder suas perguntas. Deus te aben\u00e7oe e a Virgem Maria te guarde!<\/p>\n<p><strong>Links relacionados:<\/strong><\/p>\n<p>TODO DE MARIA.\u00a0<a href=\"https:\/\/blog.cancaonova.com\/tododemaria\/a-consagracao-a-maria-e-a-comunhao\/\">A consagra\u00e7\u00e3o a Maria e a comunh\u00e3o<\/a>.<\/p>\n<p>TODO DE MARIA.\u00a0<a href=\"https:\/\/blog.cancaonova.com\/tododemaria\/preciso-de-padre-para-fazer-a-consagracao\/\" target=\"_blank\" rel=\"noopener\">Preciso de Padre para fazer a consagra\u00e7\u00e3o?<\/a><\/p>\n<p>TODO DE MARIA.\u00a0<a href=\"https:\/\/blog.cancaonova.com\/tododemaria\/maria-o-segredo-para-alcancar-a-sabedoria\/\" target=\"_blank\" rel=\"noopener\">Maria, o segredo para alcan\u00e7ar a Sabedoria<\/a>.<\/p>\n<p><strong>Refer\u00eancias:<\/strong><\/p>\n<hr align=\"left\" size=\"1\" width=\"250\" \/>\n<div id=\"ftn1\" dir=\"ltr\" style=\"text-align: left\">\n<p><a href=\"#_ftnref1\" name=\"_ftn1\"><span style=\"font-family: Calibri, sans-serif\">[1]<\/span><\/a> \u00a0S\u00c3O LU\u00cdS MARIA GRIGNION DE MONTFORT. <a href=\"http:\/\/loja.cancaonova.com\/products\/31884-livro-tratado-da-verdadeira-devocao-a-santissima-virgem\" target=\"_blank\" rel=\"noopener\">Tratado da Verdadeira Devo\u00e7\u00e3o a Sant\u00edssima Virgem<\/a>, 231.<\/p>\n<\/div>\n<div id=\"ftn2\" dir=\"ltr\">\n<p style=\"text-align: left\"><a href=\"#_ftnref2\" name=\"_ftn2\"><span style=\"font-family: Calibri, sans-serif\">[2]<\/span><\/a>\u00a0 Cf. <i>idem<\/i>, 266-273.<\/p>\n<\/div>\n","protected":false},"excerpt":{"rendered":"<p>Tire suas d\u00favidas sobre o \u201cTratado da Verdadeira Devo\u00e7\u00e3o a Sant\u00edssima Virgem\u201d, a consagra\u00e7\u00e3o a Jesus pelas m\u00e3os de Maria e a renova\u00e7\u00e3o. Neste primeiro artigo de \u201cPerguntas e Respostas\u201d, tiramos algumas d\u00favidas sobre a consagra\u00e7\u00e3o Jesus Cristo pelas m\u00e3os&#8230;<\/p>\n","protected":false},"author":4539,"featured_media":0,"comment_status":"open","ping_status":"open","sticky":false,"template":"","format":"standard","meta":{"_mi_skip_tracking":false,"_monsterinsights_sitenote_active":false,"_monsterinsights_sitenote_note":"","_monsterinsights_sitenote_category":0,"footnotes":""},"categories":[185532,13411],"tags":[],"_links":{"self":[{"href":"https:\/\/blog.cancaonova.com\/tododemaria\/wp-json\/wp\/v2\/posts\/7611"}],"collection":[{"href":"https:\/\/blog.cancaonova.com\/tododemaria\/wp-json\/wp\/v2\/posts"}],"about":[{"href":"https:\/\/blog.cancaonova.com\/tododemaria\/wp-json\/wp\/v2\/types\/post"}],"author":[{"embeddable":true,"href":"https:\/\/blog.cancaonova.com\/tododemaria\/wp-json\/wp\/v2\/users\/4539"}],"replies":[{"embeddable":true,"href":"https:\/\/blog.cancaonova.com\/tododemaria\/wp-json\/wp\/v2\/comments?post=7611"}],"version-history":[{"count":4,"href":"https:\/\/blog.cancaonova.com\/tododemaria\/wp-json\/wp\/v2\/posts\/7611\/revisions"}],"predecessor-version":[{"id":7616,"href":"https:\/\/blog.cancaonova.com\/tododemaria\/wp-json\/wp\/v2\/posts\/7611\/revisions\/7616"}],"wp:attachment":[{"href":"https:\/\/blog.cancaonova.com\/tododemaria\/wp-json\/wp\/v2\/media?parent=7611"}],"wp:term":[{"taxonomy":"category","embeddable":true,"href":"https:\/\/blog.cancaonova.com\/tododemaria\/wp-json\/wp\/v2\/categories?post=7611"},{"taxonomy":"post_tag","embeddable":true,"href":"https:\/\/blog.cancaonova.com\/tododemaria\/wp-json\/wp\/v2\/tags?post=7611"}],"curies":[{"name":"wp","href":"https:\/\/api.w.org\/{rel}","templated":true}]}}