{"id":7683,"date":"2017-08-18T03:00:10","date_gmt":"2017-08-18T06:00:10","guid":{"rendered":"http:\/\/blog.cancaonova.com\/tododemaria\/?p=7683"},"modified":"2018-08-19T12:05:41","modified_gmt":"2018-08-19T15:05:41","slug":"os-fundamentos-do-dogma-da-assuncao-de-maria","status":"publish","type":"post","link":"https:\/\/blog.cancaonova.com\/tododemaria\/os-fundamentos-do-dogma-da-assuncao-de-maria\/","title":{"rendered":"Os fundamentos do dogma da Assun\u00e7\u00e3o de Maria"},"content":{"rendered":"<p style=\"text-align: left\"><b>Saiba quais s\u00e3o os fundamentos b\u00edblicos e teol\u00f3gicos do dogma da Assun\u00e7\u00e3o da Beat\u00edssima Virgem Maria.<\/b><\/p>\n<p style=\"text-align: left\">Neste artigo, respondemos as perguntas do leitor Kleber de Aguiar a respeito dos fundamentos do dogma da Assun\u00e7\u00e3o da Sant\u00edssima Virgem Maria. Na proximidade da Solenidade da Assun\u00e7\u00e3o de Nossa Senhora, \u00e9 significativo que meditemos sobre os ensinamentos da Igreja Cat\u00f3lica a respeito desse sublime e elevado mist\u00e9rio. Nesse sentido, as perguntas de nosso Leitor s\u00e3o muito oportunas:<\/p>\n<div id=\"attachment_7685\" style=\"width: 610px\" class=\"wp-caption aligncenter\"><a href=\"http:\/\/blog.cancaonova.com\/tododemaria\/files\/2017\/08\/Os-fundamentos-do-dogma-da-Assun\u00e7\u00e3o-de-Maria.jpg\"><img loading=\"lazy\" decoding=\"async\" aria-describedby=\"caption-attachment-7685\" class=\"size-full wp-image-7685\" src=\"http:\/\/blog.cancaonova.com\/tododemaria\/files\/2017\/08\/Os-fundamentos-do-dogma-da-Assun\u00e7\u00e3o-de-Maria.jpg\" alt=\"Saiba quais s\u00e3o os fundamentos b\u00edblicos e teol\u00f3gicos do dogma da Assun\u00e7\u00e3o da Beat\u00edssima Virgem Maria.\" width=\"600\" height=\"330\" srcset=\"https:\/\/blog.cancaonova.com\/tododemaria\/files\/2017\/08\/Os-fundamentos-do-dogma-da-Assun\u00e7\u00e3o-de-Maria.jpg 600w, https:\/\/blog.cancaonova.com\/tododemaria\/files\/2017\/08\/Os-fundamentos-do-dogma-da-Assun\u00e7\u00e3o-de-Maria-300x165.jpg 300w\" sizes=\"(max-width: 600px) 100vw, 600px\" \/><\/a><p id=\"caption-attachment-7685\" class=\"wp-caption-text\">Nossa Senhora da Assun\u00e7\u00e3o<\/p><\/div>\n<blockquote><p><span style=\"font-size: small\">Quais s\u00e3o os relatos (fontes, etc) nos quais s\u00e3o baseados o dogma mariano da Assun\u00e7\u00e3o de Nossa Senhora aos C\u00e9us e o fato Dela, Nossa Senhora, ter tido uma morte praticamente indolor (\u201cDormi\u00e7\u00e3o da Beat\u00edssima Virgem Maria\u201d)? Como a Igreja atestou a veracidade divina dos mesmos?<\/span><\/p><\/blockquote>\n<p style=\"text-align: left\">Para responder essas perguntas recorremos \u00e0 Tradi\u00e7\u00e3o da Igreja, ao testemunho de te\u00f3logos e santos, ao Magist\u00e9rio da Igreja e \u00e0s Sagradas Escrituras.<!--more Continue lendo...--><\/p>\n<p style=\"text-align: left\"><b>O dogma da Assun\u00e7\u00e3o e o testemunho dos Santos Padres<\/b><\/p>\n<p style=\"text-align: left\"><a href=\"https:\/\/santo.cancaonova.com\/santo\/sao-joao-damasceno-doutor-da-igreja-de-cristo\/\">S\u00e3o Jo\u00e3o Damasceno<\/a> (675-749), que \u00e9 considerado o \u00faltimo dos Santos Padres, se distingue entre os propagadores dessa tradi\u00e7\u00e3o ao comparar a Assun\u00e7\u00e3o gloriosa da M\u00e3e de Deus com as suas outras prerrogativas e privil\u00e9gios:<\/p>\n<blockquote><p><span style=\"font-size: small\">Convinha que aquela que no parto manteve ilibada virgindade conservasse o corpo incorrupto mesmo depois da morte. Convinha que aquela que trouxe no seio o Criador encarnado, habitasse entre os divinos tabern\u00e1culos. Convinha que morasse no t\u00e1lamo celestial aquela que o Eterno Pai desposara. Convinha que aquela que viu o seu Filho na cruz, com o cora\u00e7\u00e3o traspassado por uma espada de dor de que tinha sido imune no parto, contemplasse assentada \u00e0 direita do Pai. Convinha que a M\u00e3e de Deus possu\u00edsse o que era do Filho, e que fosse venerada por todas as criaturas como M\u00e3e e Serva do mesmo Deus<\/span><a href=\"#_ftn1\" name=\"_ftnref1\"><span style=\"font-family: Calibri, sans-serif\"><span style=\"font-size: small\">[1]<\/span><\/span><\/a><span style=\"font-size: small\">.<\/span><\/p><\/blockquote>\n<p style=\"text-align: left\">As palavras de Jo\u00e3o Damasceno combinam perfeitamente com as de muitos outros santos dos primeiros s\u00e9culos da Igreja, que afirmam a mesma doutrina. Ademais, n\u00e3o s\u00e3o menos expressivas, nem menos exatas, as palavras que se encontram nos serm\u00f5es dos Santos Padres mais antigos ou da mesma \u00e9poca, ordinariamente por ocasi\u00e3o da festividade da Assun\u00e7\u00e3o.<\/p>\n<p style=\"text-align: left\">S\u00e3o Germano de Constantinopla (635-733), grande panegirista de Maria Sant\u00edssima, julgava que a n\u00e3o corrup\u00e7\u00e3o do corpo de Nossa Senhora e a sua Assun\u00e7\u00e3o aos C\u00e9us s\u00e3o consequ\u00eancias necess\u00e1rias n\u00e3o s\u00f3 da sua maternidade divina, mas tamb\u00e9m da santidade singular do seu corpo virginal:<\/p>\n<blockquote><p><span style=\"font-size: small\">V\u00f3s, como est\u00e1 escrito, aparecestes \u201cem beleza\u201d; o vosso corpo virginal \u00e9 totalmente santo, totalmente casto, totalmente domic\u00edlio de Deus de forma que at\u00e9 por este motivo foi isento de desfazer-se em p\u00f3; foi, sim, transformado, enquanto era humano, para viver a vida alt\u00edssima da incorruptibilidade; mas agora est\u00e1 vivo, glorios\u00edssimo, inc\u00f3lume e participante da vida perfeita<\/span><a href=\"#_ftn2\" name=\"_ftnref2\"><span style=\"font-family: Calibri, sans-serif\"><span style=\"font-size: small\">[2]<\/span><\/span><\/a><span style=\"font-size: small\">.<\/span><\/p><\/blockquote>\n<p style=\"text-align: left\">Outro escritor antiqu\u00edssimo assegurava: \u201cA glorios\u00edssima M\u00e3e de Cristo, Deus e Salvador nosso, doador da vida e da imortalidade, foi glorificada e revestida do corpo na eterna incorruptibilidade, por aquele mesmo que a ressuscitou do sepulcro e a chamou a si duma forma que s\u00f3 ele sabe\u201d<a href=\"#_ftn3\" name=\"_ftnref3\"><span style=\"font-family: Calibri, sans-serif\"><span style=\"font-size: small\">[3]<\/span><\/span><\/a>.<\/p>\n<p style=\"text-align: left\">\u00c0 medida que a festa lit\u00fargica da Assun\u00e7\u00e3o da Sant\u00edssima Virgem se espalhava e era celebrada mais devotamente, aumentava o n\u00famero de bispos e oradores sagrados que julgaram ser seu dever explicar com toda a clareza esse mist\u00e9rio que se venerava nesta solenidade, e mostrar como este estava intimamente relacionado com outras verdades reveladas.<\/p>\n<p style=\"text-align: left\"><b>O dogma da Assun\u00e7\u00e3o e o testemunho dos te\u00f3logos e dos santos<\/b><\/p>\n<p style=\"text-align: left\">Muitos te\u00f3logos e pregadores, seguindo os passos dos Santos Padres serviram-se de fatos e textos das Sagradas Escrituras para explicar a sua f\u00e9 no mist\u00e9rio da Assun\u00e7\u00e3o da Virgem Maria. Nas palavras do Salmista: \u201cErguei-vos, Senhor, para o vosso repouso, v\u00f3s e a Arca de vossa santifica\u00e7\u00e3o\u201d (Sl 131, 8); e na Arca da Alian\u00e7a, feita de madeira incorrupt\u00edvel e colocada no templo de Deus, eles viam como que uma imagem do corpo pur\u00edssimo da M\u00e3e de Deus, preservado da corrup\u00e7\u00e3o do sepulcro e elevado gl\u00f3ria celeste.<\/p>\n<p style=\"text-align: left\">Da mesma forma, as Escrituras descrevem a entrada triunfal da Rainha M\u00e3e, e como se sentar\u00e1 a direita do seu Filho: \u201cFilhas de reis formam vosso cortejo; posta-se \u00e0 vossa direita a rainha, ornada de ouro de Ofir. [&#8230;] Toda formosa, entra a filha do rei, com vestes bordadas de ouro. [&#8230;] Levadas entre alegrias e j\u00fabilos, ingressam no pal\u00e1cio real.\u201d (Sl 44, 10.14-16). Al\u00e9m disso, recordam a esposa do C\u00e2ntico dos C\u00e2nticos, \u201cque sobe pelo deserto, como uma coluna de mirra e de incenso\u201d para ser coroada (Ct 3, 6; cf. 4, 8; 6, 9). Essas passagens s\u00e3o como que imagens daquela Rainha e Esposa celestial, que sobe aos C\u00e9us para encontrar-se com o seu divino Esposo.<\/p>\n<p style=\"text-align: left\">Os doutores escol\u00e1sticos vislumbram igualmente a Assun\u00e7\u00e3o da Sant\u00edssima Virgem n\u00e3o s\u00f3 em v\u00e1rias figuras do Antigo Testamento, mas tamb\u00e9m naquela \u201cmulher revestida de sol\u201d (Ap 12, 1ss.), que o ap\u00f3stolo S\u00e3o Jo\u00e3o contemplou na ilha de Patmos. Entre os textos do Novo Testamento, os te\u00f3logos consideraram e examinaram com particular cuidado as palavras do Anjo a Virgem de Nazar\u00e9: \u201cAve, cheia de gra\u00e7a, o Senhor \u00e9 convosco, bendita sois v\u00f3s entre as mulheres\u201d (Lc 1, 28); e viram no mist\u00e9rio da Assun\u00e7\u00e3o o complemento daquela plenitude de gra\u00e7a, concedida a Nossa Senhora, e uma b\u00ean\u00e7\u00e3o singular em oposi\u00e7\u00e3o \u00e0 maldi\u00e7\u00e3o de Eva (cf. Gn 3, 16).<\/p>\n<p style=\"text-align: left\">S\u00e3o Francisco de Sales nos ensina que n\u00e3o podemos duvidar que Jesus Cristo cumpriu do modo mais perfeito o divino mandamento que obriga os filhos a honrar os pais. A esse respeito, o Santo pergunta e nos ajuda a refletir: \u201cQue filho haveria, que, se pudesse, n\u00e3o ressuscitava a sua m\u00e3e e n\u00e3o a levava para o c\u00e9u?\u201d<a href=\"#_ftn4\" name=\"_ftnref4\"><span style=\"font-family: Calibri, sans-serif\"><span style=\"font-size: small\">[4]<\/span><\/span><\/a> Santo Afonso Maria de Lig\u00f3rio, por sua vez, afirma: \u201cJesus n\u00e3o quis que o corpo de Maria se corrompesse depois da morte, pois redundaria em seu desdouro que se transformasse em podrid\u00e3o aquela carne virginal de que ele mesmo tomara a pr\u00f3pria carne\u201d<a href=\"#_ftn5\" name=\"_ftnref5\"><span style=\"font-family: Calibri, sans-serif\"><span style=\"font-size: small\">[5]<\/span><\/span><\/a>.<\/p>\n<p style=\"text-align: left\">H\u00e1 quem seja da opini\u00e3o de que Nossa Senhora n\u00e3o morreu, mas apenas \u201cdormiu\u201d. H\u00e1 tamb\u00e9m quem diga que a M\u00e3e de Deus morreu, mas teve uma morte indolor. A Igreja n\u00e3o quis entrar no m\u00e9rito dessa \u00faltima quest\u00e3o, se a Virgem Maria passou pela dor ou n\u00e3o, mas a f\u00e9 da Igreja \u00e9 que ela passou pela morte. Pois, tanto o Filho de Deus quanto a sua M\u00e3e Sant\u00edssima possu\u00edam todas as caracter\u00edsticas da fragilidade de nossa condi\u00e7\u00e3o humana. Sendo assim, qual seria a causa da morte da M\u00e3e de Deus? S\u00e3o Francisco de Sales e Santo Afonso nos dizem que a Virgem Maria passou pela \u201cmorte de amor\u201d<a href=\"#_ftn6\" name=\"_ftnref6\"><span style=\"font-family: Calibri, sans-serif\"><span style=\"font-size: small\">[6]<\/span><\/span><\/a>.<\/p>\n<p><strong>Ou\u00e7a programa do Padre Paulo Ricardo sobre \u201c<a href=\"https:\/\/padrepauloricardo.org\/episodios\/a-morte-da-virgem-maria\" target=\"_blank\" rel=\"noopener\">A morte da Virgem Maria<\/a>\u201d:<\/strong><\/p>\n<iframe loading=\"lazy\" width=\"100%\" height=\"166\" scrolling=\"no\" frameborder=\"no\" src=\"https:\/\/w.soundcloud.com\/player\/?url=https%3A\/\/api.soundcloud.com\/tracks\/338428744&amp;color=ff5500\"><\/iframe>\n<p style=\"text-align: left\"><b>O dogma da Assun\u00e7\u00e3o e as Sagradas Escrituras<\/b><\/p>\n<p style=\"text-align: left\">Todos os argumentos e raz\u00f5es dos Santos Padres e dos te\u00f3logos e pregadores apoiam-se, em \u00faltima an\u00e1lise, nas Sagradas Escrituras. Estas nos apresentam a Virgem M\u00e3e de Deus extremamente unida ao seu Filho Jesus Cristo e sempre participante da sua sorte. Sendo assim, para quem tem f\u00e9, \u00e9 praticamente imposs\u00edvel pensar que aquela que concebeu, deu \u00e0 luz, alimentou com o seu leite o Verbo de Deus encarnado e o teve nos bra\u00e7os, apertou contra o peito, estivesse agora, depois dos indiz\u00edveis sofrimentos que passou na vida terrena, separada dele, se n\u00e3o quanto \u00e0 alma, ao menos quanto ao corpo. Pois, o Filho de Deus \u00e9 tamb\u00e9m filho de Maria e, como observador perfeit\u00edssimo da lei divina, n\u00e3o podia deixar de honrar a sua M\u00e3e amant\u00edssima, logo depois do Eterno Pai. Jesus Cristo, verdadeiro Deus e verdadeiro homem, podia adornar sua M\u00e3e Sant\u00edssima com a gl\u00f3ria da Assun\u00e7\u00e3o, preservando-a da corrup\u00e7\u00e3o do sepulcro, por isso, devemos crer que Ele realmente o fez.<\/p>\n<p style=\"text-align: left\">Devemos ter em mente que a partir do s\u00e9culo II os Santos Padres j\u00e1 apresentavam a Virgem Maria como nova Eva, sujeita sim, mas intimamente unida a Jesus Cristo, o novo Ad\u00e3o, na luta contra Satan\u00e1s. Essa luta, prevista no Protoevangelho (cf. Gn 3, 15), acabaria com a vit\u00f3ria completa sobre o pecado e sobre a morte, conforme podemos ler nos escritos do Ap\u00f3stolo S\u00e3o Paulo (cf. Rm 5; 6; 1 Cor 15, 21-26; 54-57). Da mesma forma que a ressurrei\u00e7\u00e3o gloriosa de Cristo constituiu parte essencial e coroamento desta vit\u00f3ria, assim tamb\u00e9m a vit\u00f3ria de Nossa Senhora, comum com a do seu Filho, devia terminar pela glorifica\u00e7\u00e3o do seu corpo virginal. Pois, como diz ainda o Ap\u00f3stolo dos gentios, \u201cquando este corpo corrupt\u00edvel estiver revestido da incorruptibilidade, e quando este corpo mortal estiver revestido da imortalidade, ent\u00e3o se cumprir\u00e1 a palavra da Escritura: \u2018A morte foi tragada pela vit\u00f3ria\u2019 (Is 25, 8)\u201d (1Cor 15,54-55a).<\/p>\n<p style=\"text-align: left\">Assim, a august\u00edssima M\u00e3e de Deus, associada a Jesus Cristo de modo insond\u00e1vel desde toda a eternidade \u201ccom um \u00fanico decreto\u201d<a href=\"#_ftn7\" name=\"_ftnref7\"><span style=\"font-family: Calibri, sans-serif\"><span style=\"font-size: small\">[7]<\/span><\/span><\/a> de predestina\u00e7\u00e3o, imaculada na sua concep\u00e7\u00e3o, sempre virgem, na sua maternidade divina, generosa companheira do divino Redentor, que obteve triunfo completo sobre o pecado e suas consequ\u00eancias, alcan\u00e7ou, por fim, como suprema coroa dos seus extraordin\u00e1rios privil\u00e9gios, que fosse preservada da corrup\u00e7\u00e3o do sepulcro, e que, \u00e0 semelhan\u00e7a do seu divino Filho, vencida a morte, fosse levada em corpo e alma ao Reino dos C\u00e9us, onde refulge como Rainha \u00e0 direita do seu Filho, Rei imortal dos s\u00e9culos (cf. 1 Tm 1, 17).<\/p>\n<p style=\"text-align: left\">Sendo esta a f\u00e9 da Igreja Cat\u00f3lica, no dia 1\u00ba de Novembro de 1950, o Papa Pio XII pronunciou, declarou e definiu ser dogma divinamente revelado que: \u201ca imaculada M\u00e3e de Deus, a sempre virgem Maria, terminado o curso da vida terrestre, foi assunta em corpo e alma \u00e0 gl\u00f3ria celestial\u201d<a href=\"#_ftn8\" name=\"_ftnref8\"><span style=\"font-family: Calibri, sans-serif\"><span style=\"font-size: small\">[8]<\/span><\/span><\/a>.<\/p>\n<p style=\"text-align: left\">Nossa Senhora da Assun\u00e7\u00e3o, rogai por n\u00f3s!<\/p>\n<p style=\"text-align: left\"><b>Links relacionados:<\/b><\/p>\n<p>TODO DE MARIA.&nbsp;<a href=\"https:\/\/blog.cancaonova.com\/tododemaria\/a-assuncao-de-nossa-senhora-aos-ceus\/\" target=\"_blank\" rel=\"noopener\">A Assun\u00e7\u00e3o de Nossa Senhora aos C\u00e9us<\/a>.<\/p>\n<p>TODO DE MARIA.&nbsp;<a href=\"https:\/\/blog.cancaonova.com\/tododemaria\/a-assuncao-da-virgem-maria-ao-reino-dos-ceus\/\" target=\"_blank\" rel=\"noopener\">A Assun\u00e7\u00e3o da Virgem Maria ao Reino dos C\u00e9us<\/a>.<\/p>\n<p>TODO DE MARIA.&nbsp;<a href=\"https:\/\/blog.cancaonova.com\/tododemaria\/o-misterio-da-assuncao-de-nossa-senhora\/\" target=\"_blank\" rel=\"noopener\">O mist\u00e9rio da Assun\u00e7\u00e3o de Nossa Senhora<\/a>.<\/p>\n<p style=\"text-align: left\"><b>Refer\u00eancias:<\/b><\/p>\n<hr align=\"left\" size=\"1\" width=\"250\"\/>\n<div id=\"ftn1\" dir=\"ltr\" style=\"text-align: left\">\n<p><a href=\"#_ftnref1\" name=\"_ftn1\"><span style=\"font-family: Calibri, sans-serif\"><span style=\"font-size: small\">[1]<\/span><\/span><\/a><span style=\"font-size: small\">&nbsp; S\u00c3O JO\u00c3O DAMASCENO. <\/span><span style=\"font-size: small\"><i>Encomium in Dormitionem Dei Genetricis semperque Virginis Mariae<\/i><\/span><span style=\"font-size: small\">, hom. II, 14. <\/span><span style=\"font-size: small\"><i>In<\/i><\/span><span style=\"font-size: small\"> PAPA PIO XII. <a href=\"http:\/\/w2.vatican.va\/content\/pius-xii\/pt\/apost_constitutions\/documents\/hf_p-xii_apc_19501101_munificentissimus-deus.html\">Constitui\u00e7\u00e3o Apost\u00f3lica <\/a><\/span><a href=\"http:\/\/w2.vatican.va\/content\/pius-xii\/pt\/apost_constitutions\/documents\/hf_p-xii_apc_19501101_munificentissimus-deus.html\"><span style=\"font-size: small\"><i>Munificentissimus Deus<\/i><\/span><\/a><span style=\"font-size: small\">, 21.<\/span><\/p>\n<\/div>\n<div id=\"ftn2\" dir=\"ltr\" style=\"text-align: left\">\n<p><a href=\"#_ftnref2\" name=\"_ftn2\"><span style=\"font-family: Calibri, sans-serif\"><span style=\"font-size: small\">[2]<\/span><\/span><\/a><span style=\"font-size: small\">&nbsp; S\u00c3O GERMANO. Const., <\/span><span style=\"font-size: small\"><i>In Sanctae Dei Genitricis Dormitionem<\/i><\/span><span style=\"font-size: small\">, sermo 1. In PAPA PIO XII. <\/span><span style=\"font-size: small\"><i>Op. cit<\/i><\/span><span style=\"font-size: small\">., 22.<\/span><\/p>\n<\/div>\n<div id=\"ftn3\" dir=\"ltr\" style=\"text-align: left\">\n<p><a href=\"#_ftnref3\" name=\"_ftn3\"><span style=\"font-family: Calibri, sans-serif\"><span style=\"font-size: small\">[3]<\/span><\/span><\/a><span style=\"font-size: small\">&nbsp; <\/span><span style=\"font-size: small\"><i>Encomium in Dormitionem Sanctissimae Dominae nostrae Deiparae semperque Virginis Mariae<\/i><\/span><span style=\"font-size: small\"> [atribu\u00eddo a S. Modesto de Jerusal\u00e9m] n. 14. <\/span><span style=\"font-size: small\"><i>In<\/i><\/span><span style=\"font-size: small\"> PAPA PIO XII. <\/span><span style=\"font-size: small\"><i>Op. cit<\/i><\/span><span style=\"font-size: small\">., 22.<\/span><\/p>\n<\/div>\n<div id=\"ftn4\" dir=\"ltr\" style=\"text-align: left\">\n<p><a href=\"#_ftnref4\" name=\"_ftn4\"><span style=\"font-family: Calibri, sans-serif\"><span style=\"font-size: small\">[4]<\/span><\/span><\/a><span style=\"font-size: small\">&nbsp; S\u00c3O FRANCISCO DE SALES. <\/span><span style=\"font-size: small\"><i>Oeuvres de S. Fran\u00e7ois de Sales, Sermon autographe pour la f\u00eate de l&#8217;Assomption. In<\/i><\/span><span style=\"font-size: small\"> PAPA PIO XII. <\/span><span style=\"font-size: small\"><i>Op. cit<\/i><\/span><span style=\"font-size: small\">., 35.<\/span><\/p>\n<\/div>\n<div id=\"ftn5\" dir=\"ltr\" style=\"text-align: left\">\n<p><a href=\"#_ftnref5\" name=\"_ftn5\"><span style=\"font-family: Calibri, sans-serif\"><span style=\"font-size: small\">[5]<\/span><\/span><\/a><span style=\"font-size: small\">&nbsp; SANTO AFONSO MARIA DE LIG\u00d3RIO. Gl\u00f3rias de Maria, parte II, disc. 1. <\/span><span style=\"font-size: small\"><i>In<\/i><\/span><span style=\"font-size: small\"> PAPA PIO XII. <\/span><span style=\"font-size: small\"><i>Op. cit<\/i><\/span><span style=\"font-size: small\">., 35. <\/span><\/p>\n<\/div>\n<div id=\"ftn6\" dir=\"ltr\" style=\"text-align: left\">\n<p><a href=\"#_ftnref6\" name=\"_ftn6\"><span style=\"font-family: Calibri, sans-serif\"><span style=\"font-size: small\">[6]<\/span><\/span><\/a><span style=\"font-size: small\">&nbsp; Cf. S\u00c3O FRANCISCO DE SALES. Tratado do Amor de Deus, livro 7, cap. 13-14; SANTO AFONSO MARIA DE LIG\u00d3RIO. Gl\u00f3rias de Maria. <\/span><span style=\"font-size: small\"><i>In <\/i><\/span><span style=\"font-size: small\">PADRE PAULO RICARDO. <a href=\"https:\/\/padrepauloricardo.org\/episodios\/nossa-senhora-da-gloria\">Nossa Senhora da Gl\u00f3ria<\/a>.<\/span><\/p>\n<\/div>\n<div id=\"ftn7\" dir=\"ltr\" style=\"text-align: left\">\n<p><a href=\"#_ftnref7\" name=\"_ftn7\"><span style=\"font-family: Calibri, sans-serif\"><span style=\"font-size: small\">[7]<\/span><\/span><\/a><span style=\"font-size: small\">&nbsp; PAPA PIO IX. Bula <\/span><span style=\"font-size: small\"><i>Ineffabilis Deus<\/i><\/span><span style=\"font-size: small\">, l.c, p. 599.<\/span><\/p>\n<\/div>\n<div id=\"ftn8\" dir=\"ltr\">\n<p style=\"text-align: left\"><a href=\"#_ftnref8\" name=\"_ftn8\"><span style=\"font-family: Calibri, sans-serif\"><span style=\"font-size: small\">[8]<\/span><\/span><\/a><span style=\"font-size: small\">&nbsp; PAPA PIO XII. <\/span><span style=\"font-size: small\"><i>Op. cit<\/i><\/span><span style=\"font-size: small\">., 44.<\/span><\/p>\n<\/div>\n","protected":false},"excerpt":{"rendered":"<p>Saiba quais s\u00e3o os fundamentos b\u00edblicos e teol\u00f3gicos do dogma da Assun\u00e7\u00e3o da Beat\u00edssima Virgem Maria. Neste artigo, respondemos as perguntas do leitor Kleber de Aguiar a respeito dos fundamentos do dogma da Assun\u00e7\u00e3o da Sant\u00edssima Virgem Maria. Na proximidade&#8230;<\/p>\n","protected":false},"author":4539,"featured_media":0,"comment_status":"open","ping_status":"open","sticky":false,"template":"","format":"standard","meta":{"_mi_skip_tracking":false,"_monsterinsights_sitenote_active":false,"_monsterinsights_sitenote_note":"","_monsterinsights_sitenote_category":0,"footnotes":""},"categories":[14931,13411],"tags":[],"_links":{"self":[{"href":"https:\/\/blog.cancaonova.com\/tododemaria\/wp-json\/wp\/v2\/posts\/7683"}],"collection":[{"href":"https:\/\/blog.cancaonova.com\/tododemaria\/wp-json\/wp\/v2\/posts"}],"about":[{"href":"https:\/\/blog.cancaonova.com\/tododemaria\/wp-json\/wp\/v2\/types\/post"}],"author":[{"embeddable":true,"href":"https:\/\/blog.cancaonova.com\/tododemaria\/wp-json\/wp\/v2\/users\/4539"}],"replies":[{"embeddable":true,"href":"https:\/\/blog.cancaonova.com\/tododemaria\/wp-json\/wp\/v2\/comments?post=7683"}],"version-history":[{"count":7,"href":"https:\/\/blog.cancaonova.com\/tododemaria\/wp-json\/wp\/v2\/posts\/7683\/revisions"}],"predecessor-version":[{"id":8935,"href":"https:\/\/blog.cancaonova.com\/tododemaria\/wp-json\/wp\/v2\/posts\/7683\/revisions\/8935"}],"wp:attachment":[{"href":"https:\/\/blog.cancaonova.com\/tododemaria\/wp-json\/wp\/v2\/media?parent=7683"}],"wp:term":[{"taxonomy":"category","embeddable":true,"href":"https:\/\/blog.cancaonova.com\/tododemaria\/wp-json\/wp\/v2\/categories?post=7683"},{"taxonomy":"post_tag","embeddable":true,"href":"https:\/\/blog.cancaonova.com\/tododemaria\/wp-json\/wp\/v2\/tags?post=7683"}],"curies":[{"name":"wp","href":"https:\/\/api.w.org\/{rel}","templated":true}]}}