{"id":7696,"date":"2017-08-21T03:00:32","date_gmt":"2017-08-21T06:00:32","guid":{"rendered":"http:\/\/blog.cancaonova.com\/tododemaria\/?p=7696"},"modified":"2017-08-21T00:34:37","modified_gmt":"2017-08-21T03:34:37","slug":"o-oficio-da-imaculada-e-o-terco-das-sete-dores-de-maria","status":"publish","type":"post","link":"https:\/\/blog.cancaonova.com\/tododemaria\/o-oficio-da-imaculada-e-o-terco-das-sete-dores-de-maria\/","title":{"rendered":"O Of\u00edcio da Imaculada e o Ter\u00e7o das Sete Dores de Maria"},"content":{"rendered":"<p style=\"text-align: left\"><b>Saiba mais sobre o Of\u00edcio da Imaculada Concei\u00e7\u00e3o e o Ter\u00e7o das Sete Dores da Virgem Maria.<\/b><\/p>\n<p style=\"text-align: left\">Neste artigo, respondemos as perguntas de Lu\u00eds Eduardo de Souza sobre o Of\u00edcio da Imaculada Concei\u00e7\u00e3o e o Ter\u00e7o das Sete Dores da Virgem Maria. As perguntas de nosso Leitor s\u00e3o muito oportunas, pois nos d\u00e3o a oportunidade de esclarecer algumas particularidades destas ora\u00e7\u00f5es que podem fazer grande diferen\u00e7a em nossa vida espiritual.<\/p>\n<div id=\"attachment_7698\" style=\"width: 610px\" class=\"wp-caption aligncenter\"><a href=\"http:\/\/blog.cancaonova.com\/tododemaria\/files\/2017\/08\/O-Of\u00edcio-da-Imaculada-e-o-Ter\u00e7o-das-Sete-Dores-de-Maria.jpg\"><img loading=\"lazy\" decoding=\"async\" aria-describedby=\"caption-attachment-7698\" class=\"size-full wp-image-7698\" src=\"http:\/\/blog.cancaonova.com\/tododemaria\/files\/2017\/08\/O-Of\u00edcio-da-Imaculada-e-o-Ter\u00e7o-das-Sete-Dores-de-Maria.jpg\" alt=\"Saiba mais sobre o Of\u00edcio da Imaculada Concei\u00e7\u00e3o e o Ter\u00e7o das Sete Dores da Virgem Maria.\" width=\"600\" height=\"330\" srcset=\"https:\/\/blog.cancaonova.com\/tododemaria\/files\/2017\/08\/O-Of\u00edcio-da-Imaculada-e-o-Ter\u00e7o-das-Sete-Dores-de-Maria.jpg 600w, https:\/\/blog.cancaonova.com\/tododemaria\/files\/2017\/08\/O-Of\u00edcio-da-Imaculada-e-o-Ter\u00e7o-das-Sete-Dores-de-Maria-300x165.jpg 300w\" sizes=\"(max-width: 600px) 100vw, 600px\" \/><\/a><p id=\"caption-attachment-7698\" class=\"wp-caption-text\">&#8220;<a href=\"http:\/\/www.abengoa.com\/export\/sites\/abengoa_corp\/resources\/gestion_noticias\/images\/20160707-img4-HR.jpg\" target=\"_blank\" rel=\"noopener\">Virgin of the Immaculate Conception<\/a>&#8220;, ca. 1670. Bartolom\u00e9 Esteban Murillo, (Spain 1617-1682).<\/p><\/div>\n<p style=\"text-align: left\">As perguntas que Lu\u00eds Eduardo nos enviou s\u00e3o as seguintes:<\/p>\n<p style=\"text-align: left\">1) Ganhamos indulg\u00eancias quando rezamos o Of\u00edcio da Imaculada Concei\u00e7\u00e3o?<\/p>\n<p style=\"text-align: left\">2) Quais santos, por exemplo, que tinham o h\u00e1bito de rezar o Of\u00edcio da Imaculada?<\/p>\n<p style=\"text-align: left\">3) Com qual ora\u00e7\u00e3o se inicia o Ter\u00e7o das Sete Dores de Nossa Senhora? J\u00e1 procurei em v\u00e1rios lugares e em cada lugar \u00e9 de uma forma.<\/p>\n<p style=\"text-align: left\">4) Em alguns livros o Ter\u00e7o das Sete Dores de Nossa Senhora pedem para se rezar um Pai-nosso, sete Ave-Marias e o Gl\u00f3ria. Reza-se o Gl\u00f3ria tamb\u00e9m?<!--more Continue lendo...--><\/p>\n<p style=\"text-align: center\"><strong><a href=\"http:\/\/feedburner.google.com\/fb\/a\/mailverify?uri=TodoDeMaria\" target=\"_blank\" rel=\"noopener\">Receba o conte\u00fado deste blog gratuitamente em seu e-mail.<\/a><\/strong><\/p>\n<p style=\"text-align: left\"><b>Ganhamos indulg\u00eancias quando rezamos o Of\u00edcio da Imaculada Concei\u00e7\u00e3o?<\/b><\/p>\n<p style=\"text-align: left\">Quando rezamos o Of\u00edcio da Imaculada Concei\u00e7\u00e3o podemos ganhar indulg\u00eancias. No entanto, isso n\u00e3o significa que todas as vezes que o rezamos ganhamos indulg\u00eancias. Pois, h\u00e1 algumas exig\u00eancias para que recebamos as indulg\u00eancias.<\/p>\n<p style=\"text-align: left\">Em primeiro lugar, esclarecemos que o Of\u00edcio da Imaculada Concei\u00e7\u00e3o \u00e9 enriquecido com indulg\u00eancia parcial<a href=\"#_ftn1\" name=\"_ftnref1\"><span style=\"font-family: Calibri, sans-serif\">[1]<\/span><\/a>, ou seja, libera-nos parcialmente da pena devida pelos pecados<a href=\"#_ftn2\" name=\"_ftnref2\"><span style=\"font-family: Calibri, sans-serif\">[2]<\/span><\/a>. Na indulg\u00eancia parcial, ao fiel que recita ou canta o Of\u00edcio \u201c\u00e9 concedida pela Igreja uma remiss\u00e3o de pena temporal igual \u00e0 que ele mesmo obt\u00e9m por sua a\u00e7\u00e3o\u201d<a href=\"#_ftn3\" name=\"_ftnref3\"><span style=\"font-family: Calibri, sans-serif\">[3]<\/span><\/a>, ou seja, a remiss\u00e3o \u00e9 proporcional ao valor espiritual da obra realizada.<\/p>\n<p style=\"text-align: left\">Para lucrar esta indulg\u00eancia parcial, \u00e9 necess\u00e1rio primeiramente desejar receb\u00ea-la, ou seja, rezar o Of\u00edcio com o desejo de receber a indulg\u00eancia. No entanto, para receber indulg\u00eancia parcial, n\u00e3o \u00e9 necess\u00e1rio fazer as tr\u00eas obras requeridas para lucrar as indulg\u00eancias plen\u00e1rias (Confiss\u00e3o, comunh\u00e3o e ora\u00e7\u00e3o pelo Santo Padre).<\/p>\n<p style=\"text-align: left\">Esta indulg\u00eancia parcial pode ser adquirida v\u00e1rias vezes no mesmo dia<a href=\"#_ftn4\" name=\"_ftnref4\"><span style=\"font-family: Calibri, sans-serif\">[4]<\/span><\/a>, desde que tenhamos as disposi\u00e7\u00f5es necess\u00e1rias para receb\u00ea-las. \u00c9 necess\u00e1rio estar em estado de gra\u00e7a ou, pelo menos, com o cora\u00e7\u00e3o contrito, arrependido, pelos pecados cometidos<a href=\"#_ftn5\" name=\"_ftnref5\"><span style=\"font-family: Calibri, sans-serif\">[5]<\/span><\/a>.<\/p>\n<p style=\"text-align: left\"><b>2) Quais santos por exemplo que tinham o h\u00e1bito de rezar o Oficio da Imaculada?<\/b><\/p>\n<p style=\"text-align: left\">O Of\u00edcio da Imaculada Concei\u00e7\u00e3o \u00e9 uma ora\u00e7\u00e3o do S\u00e9culo XV, escrita pelo franciscano Bernardino de Bustis com a finalidade de combater aqueles que se opunham \u00e0 doutrina da concep\u00e7\u00e3o imaculada da Virgem Maria. O Of\u00edcio foi aprovado oficialmente pelo Papa Inoc\u00eancio XI, em 1678. Desde ent\u00e3o, esta foi e continua a ser uma ora\u00e7\u00e3o muito popular principalmente entre os leigos, mas tamb\u00e9m presente entre os religiosos. \u201cMuitos santos rezavam este of\u00edcio todos os dias\u201d<a href=\"#_ftn6\" name=\"_ftnref6\"><span style=\"font-family: Calibri, sans-serif\">[6]<\/span><\/a>.<\/p>\n<p style=\"text-align: left\">Citamos como exemplo o eloquente testemunho de S\u00e3o Maximiliano Maria Kolbe, que nos ajuda a compreender a profundidade desta devo\u00e7\u00e3o. O Santo dizia em seus escritos: \u201cA Imaculada \u00e9 o nosso ideal\u201d<a href=\"#_ftn7\" name=\"_ftnref7\"><span style=\"font-family: Calibri, sans-serif\">[7]<\/span><\/a>. Com Esp\u00edrito Mission\u00e1rio, S\u00e3o Maximiliano foi ao encontro dos irm\u00e3os em terras distantes, como o Jap\u00e3o, para anunciar o Evangelho de Jesus Cristo e o amor filial para com a Sant\u00edssima Virgem.<\/p>\n<p style=\"text-align: left\">Durante a II Guerra Mundial, S\u00e3o Maximiliano foi preso e passou seus \u00faltimos dias no campo de concentra\u00e7\u00e3o de Auschwitz. Heroicamente, o Santo ofereceu-se para morrer no lugar de um pai de fam\u00edlia, que fora condenado \u00e0 morte. Deixado para morrer em um bunker \u2013 buraco escuro, sujo e frio onde eram deixados os condenados \u00e0 morte \u2013 Kolbe era ouvido a cantar, segundo testemunha um soldado: \u201cMuitas vezes se ouvia S\u00e3o Maximiliano cantando o Of\u00edcio da Imaculada\u201d<a href=\"#_ftn8\" name=\"_ftnref8\"><span style=\"font-family: Calibri, sans-serif\">[8]<\/span><\/a>.<\/p>\n<p style=\"text-align: left\">O corpo de S\u00e3o Maximiliano Maria Kolbe foi cremado e suas cinzas atiradas ao vento. Numa carta, quase que prevendo o seu fim, escreveu o Santo: \u201cQuero ser reduzido a p\u00f3 pela Imaculada e espalhado pelo vento do mundo\u201d<a href=\"#_ftn9\" name=\"_ftnref9\"><span style=\"font-family: Calibri, sans-serif\">[9]<\/span><\/a>.<\/p>\n<p><strong>Assista ou ou\u00e7a programa do Padre Paulo Ricardo sobre a \u201c<a href=\"https:\/\/padrepauloricardo.org\/episodios\/memoria-de-sao-maximiliano-maria-kolbe-mmxvii\" target=\"_blank\" rel=\"noopener\">Mem\u00f3ria de S\u00e3o Maximiliano Maria Kolbe<\/a>\u201d:<\/strong><\/p>\n<iframe loading=\"lazy\" width=\"640\" height=\"360\" src=\"https:\/\/www.youtube-nocookie.com\/embed\/b2NRYbnX-NY?rel=0&amp;showinfo=0\" frameborder=\"0\" allowfullscreen><\/iframe>\n<iframe loading=\"lazy\" width=\"100%\" height=\"166\" scrolling=\"no\" frameborder=\"no\" src=\"https:\/\/w.soundcloud.com\/player\/?url=https%3A\/\/api.soundcloud.com\/tracks\/337444123&amp;color=ff5500&amp;show_artwork=false\"><\/iframe>\n<p style=\"text-align: left\"><b>Com qual ora\u00e7\u00e3o se inicia o Ter\u00e7o das Sete Dores de Nossa Senhora?<\/b><\/p>\n<p style=\"text-align: left\">H\u00e1 v\u00e1rias f\u00f3rmulas de ora\u00e7\u00e3o do Ter\u00e7o das Sete Dores de Nossa Senhora. Encontramos vers\u00f5es mais longas e mais curtas e com ora\u00e7\u00f5es diferentes no in\u00edcio e no final. Todas elas s\u00e3o v\u00e1lidas apesar de as ora\u00e7\u00f5es serem diferentes.<\/p>\n<p style=\"text-align: left\">O mais importante na ora\u00e7\u00e3o do Ter\u00e7o das Sete Dores de Nossa Senhora, bem como na ora\u00e7\u00e3o do Santo Ros\u00e1rio, \u00e9 a medita\u00e7\u00e3o. No Ter\u00e7o das Sete Dores , devemos nos esfor\u00e7ar para meditar com f\u00e9 e devo\u00e7\u00e3o as dores de nossa M\u00e3e Sant\u00edssima.<\/p>\n<p style=\"text-align: left\">Nesta devo\u00e7\u00e3o, a medita\u00e7\u00e3o das sete dores da Virgem Maria pode ser feitas antes e\/ou enquanto rezamos as Ave-Marias. Nos links relacionados, indicamos a ora\u00e7\u00e3o do Ter\u00e7o das Sete Dores que foi revelado por Nossa Senhora em suas apari\u00e7\u00f5es em Kibeho, em Ruanda, que fica no cora\u00e7\u00e3o da \u00c1frica.<\/p>\n<p style=\"text-align: left\"><b>Reza-se o Gl\u00f3ria no Ter\u00e7o das Sete Dores de Nossa Senhora?<\/b><\/p>\n<p style=\"text-align: left\">No Ter\u00e7o das Sete Dores, durante a medita\u00e7\u00e3o de cada dor da Virgem Sant\u00edssima, rezamos um Pai-nosso e sete Ave-Marias, mas normalmente n\u00e3o rezamos o Gl\u00f3ria, como no Ter\u00e7o Mariano. No entanto, se voc\u00ea est\u00e1 rezando com uma f\u00f3rmula que prev\u00ea a ora\u00e7\u00e3o do Gl\u00f3ria, n\u00e3o h\u00e1 nenhum mal em rez\u00e1-lo. O mais importante \u00e9 rezar com f\u00e9 e devo\u00e7\u00e3o, meditando profundamente sobre as sete dores da Virgem Maria.<\/p>\n<p style=\"text-align: left\">Esperamos ter esclarecido pelo menos em parte as d\u00favidas de Lu\u00eds Eduardo a respeito do Of\u00edcio da Imaculada Concei\u00e7\u00e3o e do Ter\u00e7o das Sete Dores de Nossa Senhora.<\/p>\n<p style=\"text-align: left\">Aproveitamos a oportunidade para convidar voc\u00ea, nosso leitor, a mandar tamb\u00e9m suas perguntas. Teremos o maior prazer em receber sua mensagem e em tirar suas d\u00favidas. Desde j\u00e1, agradecemos a sua participa\u00e7\u00e3o no nosso tema: \u201cPerguntas e Respostas\u201d.<\/p>\n<p style=\"text-align: left\"><b>Links relacionados:<\/b><\/p>\n<p>TODO DE MARIA.\u00a0<a href=\"https:\/\/blog.cancaonova.com\/tododemaria\/rezemos-a-coroa-das-sete-dores-de-maria\/\" target=\"_blank\" rel=\"noopener\">Rezemos a Coroa das Sete Dores de Maria<\/a>.<\/p>\n<p>TODO DE MARIA.\u00a0<a href=\"https:\/\/blog.cancaonova.com\/tododemaria\/significado-do-oficio-da-imaculada-conceicao\/\" target=\"_blank\" rel=\"noopener\">Significado do Of\u00edcio da Imaculada Concei\u00e7\u00e3o<\/a>.<\/p>\n<p>TODO DE MARIA.\u00a0<a href=\"https:\/\/blog.cancaonova.com\/tododemaria\/terco-das-sete-dores-de-kibeho-para-o-mundo\/\" target=\"_blank\" rel=\"noopener\">Ter\u00e7o das Sete Dores: de Kibeho para o mundo<\/a>.<\/p>\n<p style=\"text-align: left\"><b>Refer\u00eancias:<\/b><\/p>\n<hr align=\"left\" size=\"1\" width=\"250\" \/>\n<div id=\"ftn1\" dir=\"ltr\" style=\"text-align: left\">\n<p><a href=\"#_ftnref1\" name=\"_ftn1\"><span style=\"font-family: Calibri, sans-serif\">[1]<\/span><\/a>\u00a0 CNBB. <a href=\"http:\/\/www.presbiteros.com.br\/site\/wp-content\/uploads\/2011\/12\/Manual-de-Indulg%C3%AAncias.pdf\">Manual das Indulg\u00eancias<\/a>, 36.<\/p>\n<\/div>\n<div id=\"ftn2\" dir=\"ltr\" style=\"text-align: left\">\n<p><a href=\"#_ftnref2\" name=\"_ftn2\"><span style=\"font-family: Calibri, sans-serif\">[2]<\/span><\/a>\u00a0 Cf. PAPA PAULO VI. <a href=\"https:\/\/w2.vatican.va\/content\/paul-vi\/pt\/apost_constitutions\/documents\/hf_p-vi_apc_01011967_indulgentiarum-doctrina.html\">Constitui\u00e7\u00e3o Apost\u00f3lica <\/a><a href=\"https:\/\/w2.vatican.va\/content\/paul-vi\/pt\/apost_constitutions\/documents\/hf_p-vi_apc_01011967_indulgentiarum-doctrina.html\"><i>Indulgentiarum Doctrina<\/i><\/a>, N. 2.<\/p>\n<\/div>\n<div id=\"ftn3\" dir=\"ltr\" style=\"text-align: left\">\n<p><a href=\"#_ftnref3\" name=\"_ftn3\"><span style=\"font-family: Calibri, sans-serif\">[3]<\/span><\/a>\u00a0 <i>Idem<\/i>, N. 5.<\/p>\n<\/div>\n<div id=\"ftn4\" dir=\"ltr\" style=\"text-align: left\">\n<p><a href=\"#_ftnref4\" name=\"_ftn4\"><span style=\"font-family: Calibri, sans-serif\">[4]<\/span><\/a>\u00a0 Cf. <i>idem<\/i>, N. 6.<\/p>\n<\/div>\n<div id=\"ftn5\" dir=\"ltr\" style=\"text-align: left\">\n<p><a href=\"#_ftnref5\" name=\"_ftn5\"><span style=\"font-family: Calibri, sans-serif\">[5]<\/span><\/a>\u00a0 Cf. <i>idem<\/i>, N. 5.<\/p>\n<\/div>\n<div id=\"ftn6\" dir=\"ltr\" style=\"text-align: left\">\n<p><a href=\"#_ftnref6\" name=\"_ftn6\"><span style=\"font-family: Calibri, sans-serif\">[6]<\/span><\/a>\u00a0 PROF. FELIPE AQUINO. <a href=\"https:\/\/loja.cancaonova.com\/livro-para-entender-o-oficio-da-imaculada\">Para entender o Of\u00edcio da Imaculada<\/a>, p. 11.<\/p>\n<\/div>\n<div id=\"ftn7\" dir=\"ltr\" style=\"text-align: left\">\n<p><a href=\"#_ftnref7\" name=\"_ftn7\"><span style=\"font-family: Calibri, sans-serif\">[7]<\/span><\/a>\u00a0 JO\u00c3O VITOR MARIANO. <a href=\"http:\/\/www.joaovictormariano.com\/blog\/vida-dos-santos\/o-louco-da-imaculada#sthash.oL5nkO8W.dpbs\">O louco da Imaculada<\/a>.<\/p>\n<\/div>\n<div id=\"ftn8\" dir=\"ltr\" style=\"text-align: left\">\n<p><a href=\"#_ftnref8\" name=\"_ftn8\"><span style=\"font-family: Calibri, sans-serif\">[8]<\/span><\/a>\u00a0 <i>Idem.<\/i><\/p>\n<\/div>\n<div id=\"ftn9\" dir=\"ltr\">\n<p style=\"text-align: left\"><a href=\"#_ftnref9\" name=\"_ftn9\"><span style=\"font-family: Calibri, sans-serif\">[9]<\/span><\/a>\u00a0 FORMA\u00c7\u00c3O CAN\u00c7\u00c3O NOVA. <a href=\"https:\/\/formacao.cancaonova.com\/igreja\/santos\/sao-maximiliano-kolbe-martir-da-caridade\/\">S\u00e3o Maximiliano Kolbe, m\u00e1rtir da caridade<\/a>.<\/p>\n<\/div>\n","protected":false},"excerpt":{"rendered":"<p>Saiba mais sobre o Of\u00edcio da Imaculada Concei\u00e7\u00e3o e o Ter\u00e7o das Sete Dores da Virgem Maria. Neste artigo, respondemos as perguntas de Lu\u00eds Eduardo de Souza sobre o Of\u00edcio da Imaculada Concei\u00e7\u00e3o e o Ter\u00e7o das Sete Dores da&#8230;<\/p>\n","protected":false},"author":4539,"featured_media":0,"comment_status":"open","ping_status":"open","sticky":false,"template":"","format":"standard","meta":{"_mi_skip_tracking":false,"_monsterinsights_sitenote_active":false,"_monsterinsights_sitenote_note":"","_monsterinsights_sitenote_category":0,"footnotes":""},"categories":[13411],"tags":[],"_links":{"self":[{"href":"https:\/\/blog.cancaonova.com\/tododemaria\/wp-json\/wp\/v2\/posts\/7696"}],"collection":[{"href":"https:\/\/blog.cancaonova.com\/tododemaria\/wp-json\/wp\/v2\/posts"}],"about":[{"href":"https:\/\/blog.cancaonova.com\/tododemaria\/wp-json\/wp\/v2\/types\/post"}],"author":[{"embeddable":true,"href":"https:\/\/blog.cancaonova.com\/tododemaria\/wp-json\/wp\/v2\/users\/4539"}],"replies":[{"embeddable":true,"href":"https:\/\/blog.cancaonova.com\/tododemaria\/wp-json\/wp\/v2\/comments?post=7696"}],"version-history":[{"count":4,"href":"https:\/\/blog.cancaonova.com\/tododemaria\/wp-json\/wp\/v2\/posts\/7696\/revisions"}],"predecessor-version":[{"id":7701,"href":"https:\/\/blog.cancaonova.com\/tododemaria\/wp-json\/wp\/v2\/posts\/7696\/revisions\/7701"}],"wp:attachment":[{"href":"https:\/\/blog.cancaonova.com\/tododemaria\/wp-json\/wp\/v2\/media?parent=7696"}],"wp:term":[{"taxonomy":"category","embeddable":true,"href":"https:\/\/blog.cancaonova.com\/tododemaria\/wp-json\/wp\/v2\/categories?post=7696"},{"taxonomy":"post_tag","embeddable":true,"href":"https:\/\/blog.cancaonova.com\/tododemaria\/wp-json\/wp\/v2\/tags?post=7696"}],"curies":[{"name":"wp","href":"https:\/\/api.w.org\/{rel}","templated":true}]}}