{"id":7702,"date":"2017-08-23T03:00:51","date_gmt":"2017-08-23T06:00:51","guid":{"rendered":"http:\/\/blog.cancaonova.com\/tododemaria\/?p=7702"},"modified":"2017-08-23T11:18:40","modified_gmt":"2017-08-23T14:18:40","slug":"quem-e-a-arca-da-nova-alianca","status":"publish","type":"post","link":"https:\/\/blog.cancaonova.com\/tododemaria\/quem-e-a-arca-da-nova-alianca\/","title":{"rendered":"Quem \u00e9 a Arca da Nova Alian\u00e7a?"},"content":{"rendered":"<p style=\"text-align: left\"><b>Neste artigo, Padre Francisco Amaral nos ajuda a compreender quem \u00e9 a Arca da Nova Alian\u00e7a e qual a sua import\u00e2ncia para a nossa f\u00e9.<\/b><\/p>\n<p>Na solenidade da Assun\u00e7\u00e3o da Virgem Maria, o livro do Apocalipse diz que o c\u00e9u se abriu e apareceu a Arca da Alian\u00e7a (cf. Ap 11, 19). Para o povo de Israel, a Arca de Alian\u00e7a era onde se conservava o que possu\u00eda de mais sagrado: as t\u00e1buas da lei, com a Palavra de Deus dirigida a Mois\u00e9s (cf. Ex 25, 10-22).<\/p>\n<div id=\"attachment_7709\" style=\"width: 610px\" class=\"wp-caption aligncenter\"><a href=\"http:\/\/blog.cancaonova.com\/tododemaria\/files\/2017\/08\/Quem-\u00e9-a-Arca-da-Nova-Alian\u00e7a4.jpg\"><img loading=\"lazy\" decoding=\"async\" aria-describedby=\"caption-attachment-7709\" class=\"wp-image-7709 size-full\" src=\"http:\/\/blog.cancaonova.com\/tododemaria\/files\/2017\/08\/Quem-\u00e9-a-Arca-da-Nova-Alian\u00e7a4.jpg\" alt=\"Neste artigo, Padre Francisco Amaral nos ajuda a compreender quem \u00e9 a Arca da Nova Alian\u00e7a e qual a sua import\u00e2ncia para a nossa f\u00e9.\" width=\"600\" height=\"330\" srcset=\"https:\/\/blog.cancaonova.com\/tododemaria\/files\/2017\/08\/Quem-\u00e9-a-Arca-da-Nova-Alian\u00e7a4.jpg 600w, https:\/\/blog.cancaonova.com\/tododemaria\/files\/2017\/08\/Quem-\u00e9-a-Arca-da-Nova-Alian\u00e7a4-300x165.jpg 300w\" sizes=\"(max-width: 600px) 100vw, 600px\" \/><\/a><p id=\"caption-attachment-7709\" class=\"wp-caption-text\"><a href=\"http:\/\/www.williamhenry.net\/2016\/12\/the-last-trumpdon-the-freakin-baptist-and-the-messiahs-space-ship\/\" target=\"_blank\" rel=\"noopener\">Nossa Senhora do Sinal, Arca da Miseric\u00f3rdia<\/a> &#8211; Igreja de Santo Estanislau Kostka &#8211; Chigado Illinois &#8211; EUA<\/p><\/div>\n<p style=\"text-align: left\">Onde a Arca entrava, o povo vencia as batalhas. Inclusive as \u00e1guas do Jord\u00e3o baixaram para o povo de Israel passar com a Arca (cf. Js 3, 7-17). Em certo momento, por\u00e9m, a Arca da Alian\u00e7a foi escondida e nunca mais foi encontrada (2 Cr 35, 3). Por\u00e9m, um mist\u00e9rio vai sendo revelado:<!--more Continue lendo...--><\/p>\n<p style=\"text-align: center\"><strong><a href=\"http:\/\/feedburner.google.com\/fb\/a\/mailverify?uri=TodoDeMaria\" target=\"_blank\" rel=\"noopener\">Receba o conte\u00fado deste blog gratuitamente em seu e-mail.<\/a><\/strong><\/p>\n<p style=\"text-align: left\">\u2014 No Antigo Testamento, Davi parte \u00e0s pressas, com a Arca da Alian\u00e7a, para a Judeia (cf.2Sm 6,2); no Novo Testamento, a Virgem Maria parte \u00e0s pressas para a Judeia para visitar sua prima (cf. Lc 1, 39).<\/p>\n<p style=\"text-align: left\">\u2014 No Antigo Testamento, a Arca da Alian\u00e7a permanece tr\u00eas meses na casa de um homem chamado Obed-Edon (cf. 2 Sm 6, 11); no Novo Testamento, a Virgem Maria permanece tr\u00eas meses na casa de Santa Isabel (cf. Lc 1, 56).<\/p>\n<p style=\"text-align: left\">\u2014 No Antigo Testamento, Davi pula de alegria diante da Arca de Alian\u00e7a (2 Sm 6, 16); no Novo Testamento, S\u00e3o Jo\u00e3o Batista pula no ventre de Santa Isabel diante da Virgem Maria (cf. Lc 1, 41).<\/p>\n<p style=\"text-align: left\">\u2014 No Antigo Testamento, a Arca da Alian\u00e7a porta no seu interior a Palavra de Deus escrita nas t\u00e1buas; no Novo Testamento, a Virgem Maria porta no seu Ventre a Palavra de Deus que se fez Carne (cf. Jo 1, 14).<\/p>\n<p><strong>Assista ou ou\u00e7a programa do Padre Paulo Ricardo\u00a0com o tema\u00a0\u201c<a href=\"https:\/\/padrepauloricardo.org\/episodios\/memoria-de-nossa-senhora-rainha-mmxvii\" target=\"_blank\" rel=\"noopener\">Mem\u00f3ria de Nossa Senhora Rainha<\/a>\u201d:<\/strong><\/p>\n<iframe loading=\"lazy\" width=\"640\" height=\"360\" src=\"https:\/\/www.youtube-nocookie.com\/embed\/t57fRjpgE3Q?rel=0&amp;showinfo=0\" frameborder=\"0\" allowfullscreen><\/iframe>\n<iframe loading=\"lazy\" width=\"100%\" height=\"166\" scrolling=\"no\" frameborder=\"no\" src=\"https:\/\/w.soundcloud.com\/player\/?url=https%3A\/\/api.soundcloud.com\/tracks\/338918051&amp;color=ff5500&amp;show_artwork=false\"><\/iframe>\n<p style=\"text-align: left\">A Arca da Nova Alian\u00e7a aparece no c\u00e9u (cf. Ap 11, 19), e \u00e9 uma Mulher Vestida de Sol, com a lua debaixo dos seus p\u00e9s e sobre a cabe\u00e7a uma coroa de doze estrelas, gerando no seu Ventre o Rei que reger\u00e1 as na\u00e7\u00f5es (cf. Ap 12, 1-5). Batalhava contra o drag\u00e3o, a antiga serpente que teria a sua cabe\u00e7a esmagada pela descend\u00eancia da Mulher (cf. Ap 12, 3.9; Gn 3, 15). Assunta ao C\u00e9u em Corpo e Alma, a Arca da Nova Alian\u00e7a \u00e9 coroada n\u00e3o pelos homens, mas pelo pr\u00f3prio Deus, como Rainha do c\u00e9u e da terra.<\/p>\n<p style=\"text-align: left\">Padre Francisco Amaral \u00e9 sacerdote da <a href=\"http:\/\/www.arquidiocesecuiaba.org.br\/\" target=\"_blank\" rel=\"noopener\">Arquidiocese de Cuiab\u00e1<\/a>-MT e vig\u00e1rio da Par\u00f3quia Santo Ant\u00f4nio de V\u00e1rzea Grande. Compartilha homilias no seu <a href=\"https:\/\/www.youtube.com\/channel\/UCy-rvaDFNamZF9qGjTFWiHw\" target=\"_blank\" rel=\"noopener\">canal do Youtube<\/a>.<\/p>\n<p style=\"text-align: left\"><strong>Links relacionados:<\/strong><\/p>\n<p>TODO DE MARIA.\u00a0<a href=\"https:\/\/blog.cancaonova.com\/tododemaria\/a-rainha-do-ceu-e-os-santos-anjos\/\" target=\"_blank\" rel=\"noopener\">A Rainha do C\u00e9u e os Santos Anjos<\/a>.<\/p>\n<p>TODO DE MARIA.\u00a0<a href=\"https:\/\/blog.cancaonova.com\/tododemaria\/os-fundamentos-do-dogma-da-assuncao-de-maria\/\" target=\"_blank\" rel=\"noopener\">Os fundamentos do dogma da Assun\u00e7\u00e3o de Maria<\/a>.<\/p>\n<p>TODO DE MARIA.\u00a0<a href=\"https:\/\/blog.cancaonova.com\/tododemaria\/por-que-chamamos-nossa-senhora-de-rainha\/\" target=\"_blank\" rel=\"noopener\">Por que chamamos Nossa Senhora de Rainha?<\/a><\/p>\n","protected":false},"excerpt":{"rendered":"<p>Neste artigo, Padre Francisco Amaral nos ajuda a compreender quem \u00e9 a Arca da Nova Alian\u00e7a e qual a sua import\u00e2ncia para a nossa f\u00e9. Na solenidade da Assun\u00e7\u00e3o da Virgem Maria, o livro do Apocalipse diz que o c\u00e9u&#8230;<\/p>\n","protected":false},"author":4539,"featured_media":0,"comment_status":"open","ping_status":"open","sticky":false,"template":"","format":"standard","meta":{"_mi_skip_tracking":false,"_monsterinsights_sitenote_active":false,"_monsterinsights_sitenote_note":"","_monsterinsights_sitenote_category":0,"footnotes":""},"categories":[186332],"tags":[],"_links":{"self":[{"href":"https:\/\/blog.cancaonova.com\/tododemaria\/wp-json\/wp\/v2\/posts\/7702"}],"collection":[{"href":"https:\/\/blog.cancaonova.com\/tododemaria\/wp-json\/wp\/v2\/posts"}],"about":[{"href":"https:\/\/blog.cancaonova.com\/tododemaria\/wp-json\/wp\/v2\/types\/post"}],"author":[{"embeddable":true,"href":"https:\/\/blog.cancaonova.com\/tododemaria\/wp-json\/wp\/v2\/users\/4539"}],"replies":[{"embeddable":true,"href":"https:\/\/blog.cancaonova.com\/tododemaria\/wp-json\/wp\/v2\/comments?post=7702"}],"version-history":[{"count":10,"href":"https:\/\/blog.cancaonova.com\/tododemaria\/wp-json\/wp\/v2\/posts\/7702\/revisions"}],"predecessor-version":[{"id":7715,"href":"https:\/\/blog.cancaonova.com\/tododemaria\/wp-json\/wp\/v2\/posts\/7702\/revisions\/7715"}],"wp:attachment":[{"href":"https:\/\/blog.cancaonova.com\/tododemaria\/wp-json\/wp\/v2\/media?parent=7702"}],"wp:term":[{"taxonomy":"category","embeddable":true,"href":"https:\/\/blog.cancaonova.com\/tododemaria\/wp-json\/wp\/v2\/categories?post=7702"},{"taxonomy":"post_tag","embeddable":true,"href":"https:\/\/blog.cancaonova.com\/tododemaria\/wp-json\/wp\/v2\/tags?post=7702"}],"curies":[{"name":"wp","href":"https:\/\/api.w.org\/{rel}","templated":true}]}}