{"id":7820,"date":"2017-10-05T03:00:50","date_gmt":"2017-10-05T06:00:50","guid":{"rendered":"http:\/\/blog.cancaonova.com\/tododemaria\/?p=7820"},"modified":"2017-10-05T00:08:21","modified_gmt":"2017-10-05T03:08:21","slug":"tres-motivos-para-a-reparacao-ao-imaculado-coracao-de-maria","status":"publish","type":"post","link":"https:\/\/blog.cancaonova.com\/tododemaria\/tres-motivos-para-a-reparacao-ao-imaculado-coracao-de-maria\/","title":{"rendered":"Tr\u00eas motivos para a repara\u00e7\u00e3o ao Imaculado Cora\u00e7\u00e3o de Maria"},"content":{"rendered":"<p style=\"text-align: left\"><b>Neste m\u00eas de outubro, conhe\u00e7a tr\u00eas bons motivos para repararmos as ofensas cometidas contra o Imaculado Cora\u00e7\u00e3o de Maria.<\/b><\/p>\n<p style=\"text-align: left\">Neste m\u00eas de outubro deste Ano Mariano especial\u00edssimo, temos pelo menos tr\u00eas bons motivos para que pratiquemos a devo\u00e7\u00e3o reparadora das ofensas cometidas contra o Imaculado Cora\u00e7\u00e3o de Maria. Primeiramente, o pr\u00f3prio m\u00eas de outubro \u2013 que \u00e9 um m\u00eas mariano no qual celebramos, entre outras festas, a de Nossa Senhora do Ros\u00e1rio, no dia 7, e a de Nossa Senhora Aparecida, no dia 12 \u2013 \u00e9 um excelente motivo para repararmos o Cora\u00e7\u00e3o Imaculado da Sant\u00edssima Virgem.<\/p>\n<div id=\"attachment_7821\" style=\"width: 610px\" class=\"wp-caption aligncenter\"><a href=\"http:\/\/blog.cancaonova.com\/tododemaria\/files\/2017\/10\/Tr\u00eas-motivos-para-a-repara\u00e7\u00e3o-ao-Imaculado-Cora\u00e7\u00e3o-de-Maria.jpg\"><img loading=\"lazy\" decoding=\"async\" aria-describedby=\"caption-attachment-7821\" class=\"size-full wp-image-7821\" src=\"http:\/\/blog.cancaonova.com\/tododemaria\/files\/2017\/10\/Tr\u00eas-motivos-para-a-repara\u00e7\u00e3o-ao-Imaculado-Cora\u00e7\u00e3o-de-Maria.jpg\" alt=\"Neste m\u00eas de outubro, conhe\u00e7a tr\u00eas bons motivos para repararmos as ofensas cometidas contra o Imaculado Cora\u00e7\u00e3o de Maria.\" width=\"600\" height=\"330\" srcset=\"https:\/\/blog.cancaonova.com\/tododemaria\/files\/2017\/10\/Tr\u00eas-motivos-para-a-repara\u00e7\u00e3o-ao-Imaculado-Cora\u00e7\u00e3o-de-Maria.jpg 600w, https:\/\/blog.cancaonova.com\/tododemaria\/files\/2017\/10\/Tr\u00eas-motivos-para-a-repara\u00e7\u00e3o-ao-Imaculado-Cora\u00e7\u00e3o-de-Maria-300x165.jpg 300w\" sizes=\"(max-width: 600px) 100vw, 600px\" \/><\/a><p id=\"caption-attachment-7821\" class=\"wp-caption-text\">Imaculado Cora\u00e7\u00e3o de Maria. Foto: Arquidiocese de Assun\u00e7\u00e3o.<\/p><\/div>\n<p style=\"text-align: left\">Em segundo lugar, no dia 11 deste m\u00eas encerra-se o Ano Nacional Mariano, institu\u00eddo pela Confer\u00eancia Nacional dos Bispos do Brasil (CNBB) em comemora\u00e7\u00e3o pelos 300 anos de Aparecida. Por isso, seria uma gra\u00e7a fechar esse ano jubilar com essa devo\u00e7\u00e3o. A terceira raz\u00e3o \u00e9 que, neste ano em que comemoramos os 100 anos das apari\u00e7\u00f5es de Nossa Senhora em F\u00e1tima, Portugal, no dia 13 deste m\u00eas aconteceu a \u00faltima dessas apari\u00e7\u00f5es, o que nos faz recordar a Mensagem de F\u00e1tima.<!--more Continue lendo...--><\/p>\n<p style=\"text-align: center\"><strong><a href=\"http:\/\/feedburner.google.com\/fb\/a\/mailverify?uri=TodoDeMaria\" target=\"_blank\" rel=\"noopener\">Receba o conte\u00fado deste blog gratuitamente em seu e-mail.<\/a><\/strong><\/p>\n<p style=\"text-align: left\"><b>O m\u00eas de outubro e a repara\u00e7\u00e3o ao Imaculado Cora\u00e7\u00e3o<\/b><\/p>\n<p style=\"text-align: left\">A devo\u00e7\u00e3o reparadora das ofensas cometidas contra o Imaculado Cora\u00e7\u00e3o de Maria, praticada nos primeiros s\u00e1bados de cinco meses seguidos ou permanentemente por muito fi\u00e9is devotos, pode ser iniciada em qualquer m\u00eas. Mas, come\u00e7ar esta pr\u00e1tica neste m\u00eas mariano especial\u00edssimo certamente agradar\u00e1 os Cora\u00e7\u00f5es de Jesus e de Maria. Al\u00e9m disso, o car\u00e1ter especial deste m\u00eas, em que encerramos o Ano Mariano e comemoramos a \u00faltima das apari\u00e7\u00f5es de F\u00e1tima, nos ajuda a intuir um maior derramamento de gra\u00e7as e b\u00ean\u00e7\u00e3os do C\u00e9u, pelas m\u00e3os da Virgem Maria. Por essas e outras raz\u00f5es, reparemos neste m\u00eas as ofensas cometidas contra o Imaculado Cora\u00e7\u00e3o de Maria.<\/p>\n<p style=\"text-align: left\"><b>Os 300 anos de Aparecida<\/b> <b>e a repara\u00e7\u00e3o ao Imaculado Cora\u00e7\u00e3o<\/b><\/p>\n<p style=\"text-align: left\">Neste ano em que celebramos os 300 anos do encontro da imagem de Nossa Senhora da Concei\u00e7\u00e3o nas \u00e1guas do Rio Para\u00edba do Sul, \u00e9 muito significativo que reparemos as ofensas cometidas contra o Imaculado Cora\u00e7\u00e3o, tendo em vista que nossa M\u00e3e Aparecida tem sido ultrajada de diversas formas em nossos dias.<\/p>\n<p style=\"text-align: left\">Em 1930, nosso Senhor Jesus Cristo revelou a Irm\u00e3 L\u00facia dos Santos que s\u00e3o cinco as esp\u00e9cies de ofensas e blasf\u00eamias contra o Imaculado Cora\u00e7\u00e3o de Maria. Entre estas, duas dizem respeito de modo particular a devo\u00e7\u00e3o a Nossa Senhora Aparecida.<\/p>\n<p style=\"text-align: left\">Em primeiro lugar, \u201cas blasf\u00eamias contra a Imaculada Concei\u00e7\u00e3o\u201d<a href=\"#_ftn1\" name=\"_ftnref1\"><span style=\"font-family: Calibri, sans-serif\">[1]<\/span><\/a>, pois a imagem encontrada milagrosamente nas \u00e1guas do Rio Para\u00edba \u00e9 de Nossa Senhora da Concei\u00e7\u00e3o! Depois, ofendem gravemente a Virgem Sant\u00edssima \u201cos que A ultrajam diretamente nas suas sagradas Imagens\u201d<a href=\"#_ftn2\" name=\"_ftnref2\"><span style=\"font-family: Calibri, sans-serif\">[2]<\/span><\/a>. Frequentemente vemos pessoas que proferem palavras desrespeitosas contra a Virgem Aparecida. Al\u00e9m disso, torna-se cada vez mais comum a pr\u00e1tica de atos de desrespeito, ultraje e at\u00e9 vandalismo contra a sagrada imagem de Nossa Senhora Aparecida.<\/p>\n<p style=\"text-align: left\">Sendo assim, no final deste Ano Jubilar dos 300 anos de Aparecida, reparemos estas e outras ofensas contra o Imaculado Cora\u00e7\u00e3o de Maria.<\/p>\n<p><strong>Assista ou ou\u00e7a programa&nbsp;do Padre Paulo Ricardo sobre \u201c<a href=\"https:\/\/padrepauloricardo.org\/episodios\/reparar-e-meditar\" target=\"_blank\" rel=\"noopener\">Reparar e meditar<\/a>\u201d:<\/strong><\/p>\n<iframe loading=\"lazy\" width=\"640\" height=\"360\" src=\"https:\/\/www.youtube-nocookie.com\/embed\/NHQfd22qU5Y?rel=0&amp;showinfo=0\" frameborder=\"0\" allowfullscreen><\/iframe>\n<iframe loading=\"lazy\" width=\"100%\" height=\"166\" scrolling=\"no\" frameborder=\"no\" src=\"https:\/\/w.soundcloud.com\/player\/?url=https%3A\/\/api.soundcloud.com\/tracks\/340503584&amp;color=ff5500&amp;show_artwork=false\"><\/iframe>\n<p style=\"text-align: left\"><b>Os 100 anos de F\u00e1tima e a repara\u00e7\u00e3o ao Imaculado Cora\u00e7\u00e3o de Maria<\/b><\/p>\n<p style=\"text-align: left\">Na proximidade do dia 13 de outubro, em que aconteceu a \u00faltima das apari\u00e7\u00f5es de F\u00e1tima, \u00e9 muito importante que fa\u00e7amos as obras de repara\u00e7\u00e3o ao Imaculado Cora\u00e7\u00e3o de Maria.<\/p>\n<p style=\"text-align: left\">Para compreender a urg\u00eancia dessa devo\u00e7\u00e3o reparadora, vejamos o que Nossa Senhora disse aos tr\u00eas Pastorinhos com bondade e tristeza, depois de lhes conceder uma vis\u00e3o do Inferno: \u201cVistes o Inferno, para onde v\u00e3o as almas dos pobres pecadores. Para as salvar, Deus quer estabelecer no mundo a devo\u00e7\u00e3o ao Meu Imaculado Cora\u00e7\u00e3o\u201d<a href=\"#_ftn3\" name=\"_ftnref3\"><span style=\"font-family: Calibri, sans-serif\">[3]<\/span><\/a>.<\/p>\n<p style=\"text-align: left\">A Virgem de F\u00e1tima revelou que seu Filho Jesus Cristo deseja esta devo\u00e7\u00e3o reparadora n\u00e3o somente para reparar as ofensas contra ela, mas tamb\u00e9m para salvar as almas dos pecadores. Pois, segundo essas mesmas apari\u00e7\u00f5es, muitas almas v\u00e3o para o inferno porque n\u00e3o t\u00eam quem reze por elas.<\/p>\n<p style=\"text-align: left\">Assim, reparemos as ofensas e os ultrajes cometidos contra o Cora\u00e7\u00e3o Imaculado da Virgem Maria. Pois, estaremos agradando os Cora\u00e7\u00f5es de Jesus e de Maria ao praticar esta devo\u00e7\u00e3o. Ao fazer isso, colaboraremos com a salva\u00e7\u00e3o das almas de muitos pecadores da condena\u00e7\u00e3o eterna no \u201cfogo\u201d do Inferno.<\/p>\n<p style=\"text-align: left\">Pratiquemos essa devo\u00e7\u00e3o com muita confian\u00e7a, pois Nossa Senhora de F\u00e1tima prometeu: \u201cPor fim, o meu Imaculado Cora\u00e7\u00e3o Triunfar\u00e1!\u201d<\/p>\n<p class=\"western\" align=\"justify\"><strong>Links relacionados:<\/strong><\/p>\n<p class=\"western\">TODO DE MARIA.&nbsp;<a href=\"http:\/\/blog.cancaonova.com\/tododemaria\/a-devocao-aos-coracoes-de-jesus-e-de-maria\/\" target=\"_blank\" rel=\"noopener\">A devo\u00e7\u00e3o aos Cora\u00e7\u00f5es de Jesus e de Maria<\/a>.<br \/>\nTODO DE MARIA.&nbsp;<a href=\"http:\/\/blog.cancaonova.com\/tododemaria\/a-devocao-dos-cinco-primeiros-sabados\/\" target=\"_blank\" rel=\"noopener\">A devo\u00e7\u00e3o dos cinco primeiros s\u00e1bados<\/a>.<br \/>\nTODO DE MARIA.&nbsp;<a href=\"http:\/\/blog.cancaonova.com\/tododemaria\/o-desagravo-ao-imaculado-coracao-de-maria\/\" target=\"_blank\" rel=\"noopener\">O desagravo ao Imaculado Cora\u00e7\u00e3o de Maria<\/a>.<\/p>\n<p class=\"western\" align=\"justify\"><strong>Refer\u00eancias:<\/strong><\/p>\n<hr align=\"left\" size=\"1\" width=\"250\"\/>\n<div id=\"ftn1\" dir=\"ltr\" style=\"text-align: left\">\n<p><a href=\"#_ftnref1\" name=\"_ftn1\"><span style=\"font-family: Calibri, sans-serif\">[1]<\/span><\/a>&nbsp; SANTU\u00c1RIO DE F\u00c1TIMA. <a href=\"http:\/\/www.santuario-fatima.pt\/pt\/news\/devocao-cinco-primeiros-sabados\">Comunh\u00e3o Reparadora nos Primeiros S\u00e1bados<\/a>.<br \/>\n<a href=\"#_ftnref2\" name=\"_ftn2\"><span style=\"font-family: Calibri, sans-serif\">[2]<\/span><\/a>&nbsp; <i>Idem, ibidem.<br \/>\n<\/i><a href=\"#_ftnref3\" name=\"_ftn3\"><span style=\"font-family: Calibri, sans-serif\">[3]<\/span><\/a>&nbsp; SANTU\u00c1RIO DE F\u00c1TIMA. <a href=\"http:\/\/www.fatima.pt\/files\/upload\/estudos\/E006_A%20terceira%20aparicao%20de%20Nossa%20Senhora.pdf\">A terceira Apari\u00e7\u00e3o de Nossa Senhora na Cova da Iria em 13 de julho de 1917<\/a>, p. 6.<\/p>\n<\/div>\n","protected":false},"excerpt":{"rendered":"<p>Neste m\u00eas de outubro, conhe\u00e7a tr\u00eas bons motivos para repararmos as ofensas cometidas contra o Imaculado Cora\u00e7\u00e3o de Maria. Neste m\u00eas de outubro deste Ano Mariano especial\u00edssimo, temos pelo menos tr\u00eas bons motivos para que pratiquemos a devo\u00e7\u00e3o reparadora das&#8230;<\/p>\n","protected":false},"author":4539,"featured_media":0,"comment_status":"open","ping_status":"open","sticky":false,"template":"","format":"standard","meta":{"_mi_skip_tracking":false,"_monsterinsights_sitenote_active":false,"_monsterinsights_sitenote_note":"","_monsterinsights_sitenote_category":0,"footnotes":""},"categories":[193780],"tags":[],"_links":{"self":[{"href":"https:\/\/blog.cancaonova.com\/tododemaria\/wp-json\/wp\/v2\/posts\/7820"}],"collection":[{"href":"https:\/\/blog.cancaonova.com\/tododemaria\/wp-json\/wp\/v2\/posts"}],"about":[{"href":"https:\/\/blog.cancaonova.com\/tododemaria\/wp-json\/wp\/v2\/types\/post"}],"author":[{"embeddable":true,"href":"https:\/\/blog.cancaonova.com\/tododemaria\/wp-json\/wp\/v2\/users\/4539"}],"replies":[{"embeddable":true,"href":"https:\/\/blog.cancaonova.com\/tododemaria\/wp-json\/wp\/v2\/comments?post=7820"}],"version-history":[{"count":4,"href":"https:\/\/blog.cancaonova.com\/tododemaria\/wp-json\/wp\/v2\/posts\/7820\/revisions"}],"predecessor-version":[{"id":7825,"href":"https:\/\/blog.cancaonova.com\/tododemaria\/wp-json\/wp\/v2\/posts\/7820\/revisions\/7825"}],"wp:attachment":[{"href":"https:\/\/blog.cancaonova.com\/tododemaria\/wp-json\/wp\/v2\/media?parent=7820"}],"wp:term":[{"taxonomy":"category","embeddable":true,"href":"https:\/\/blog.cancaonova.com\/tododemaria\/wp-json\/wp\/v2\/categories?post=7820"},{"taxonomy":"post_tag","embeddable":true,"href":"https:\/\/blog.cancaonova.com\/tododemaria\/wp-json\/wp\/v2\/tags?post=7820"}],"curies":[{"name":"wp","href":"https:\/\/api.w.org\/{rel}","templated":true}]}}