{"id":7843,"date":"2017-10-09T03:00:07","date_gmt":"2017-10-09T06:00:07","guid":{"rendered":"http:\/\/blog.cancaonova.com\/tododemaria\/?p=7843"},"modified":"2017-10-16T23:27:18","modified_gmt":"2017-10-17T01:27:18","slug":"o-rosario-na-configuracao-a-cristo-e-no-anuncio-do-evangelho","status":"publish","type":"post","link":"https:\/\/blog.cancaonova.com\/tododemaria\/o-rosario-na-configuracao-a-cristo-e-no-anuncio-do-evangelho\/","title":{"rendered":"O Ros\u00e1rio na configura\u00e7\u00e3o a Cristo e no an\u00fancio do Evangelho"},"content":{"rendered":"<p style=\"text-align: left\"><b>Saiba como se d\u00e1 a configura\u00e7\u00e3o a Jesus Cristo e o an\u00fancio do Evangelho atrav\u00e9s do Santo Ros\u00e1rio da Virgem Maria.<\/b><\/p>\n<p style=\"text-align: left\">O Santo Ros\u00e1rio da Sant\u00edssima Virgem Maria tem particular import\u00e2ncia na nossa configura\u00e7\u00e3o a nosso Senhor Jesus Cristo e no an\u00fancio do Evangelho. Pois, ao contemplarmos o rosto de Cristo na ora\u00e7\u00e3o do Ros\u00e1rio, configuramo-nos gradativamente a Ele. Al\u00e9m disso, o Ros\u00e1rio \u00e9 um itiner\u00e1rio de an\u00fancio e aprofundamento da f\u00e9, no qual somos formados, em companhia da Virgem do Ros\u00e1rio. Mas, podemos nos perguntar: o que significa configurar-nos a Cristo? Como se d\u00e1 essa configura\u00e7\u00e3o atrav\u00e9s do Ros\u00e1rio?<\/p>\n<div id=\"attachment_7848\" style=\"width: 610px\" class=\"wp-caption aligncenter\"><a href=\"http:\/\/blog.cancaonova.com\/tododemaria\/files\/2017\/10\/O-Ros\u00e1rio-na-configura\u00e7\u00e3o-a-Cristo-e-no-an\u00fancio-do-Evangelho.jpg\"><img loading=\"lazy\" decoding=\"async\" aria-describedby=\"caption-attachment-7848\" class=\"size-full wp-image-7848\" src=\"http:\/\/blog.cancaonova.com\/tododemaria\/files\/2017\/10\/O-Ros\u00e1rio-na-configura\u00e7\u00e3o-a-Cristo-e-no-an\u00fancio-do-Evangelho.jpg\" alt=\"Saiba como se d\u00e1 a configura\u00e7\u00e3o a Jesus Cristo e o an\u00fancio do Evangelho atrav\u00e9s do Santo Ros\u00e1rio da Virgem Maria.\" width=\"600\" height=\"330\" srcset=\"https:\/\/blog.cancaonova.com\/tododemaria\/files\/2017\/10\/O-Ros\u00e1rio-na-configura\u00e7\u00e3o-a-Cristo-e-no-an\u00fancio-do-Evangelho.jpg 600w, https:\/\/blog.cancaonova.com\/tododemaria\/files\/2017\/10\/O-Ros\u00e1rio-na-configura\u00e7\u00e3o-a-Cristo-e-no-an\u00fancio-do-Evangelho-300x165.jpg 300w\" sizes=\"(max-width: 600px) 100vw, 600px\" \/><\/a><p id=\"caption-attachment-7848\" class=\"wp-caption-text\">Papa S\u00e3o Jo\u00e3o Paulo II<\/p><\/div>\n<p style=\"text-align: left\">A espiritualidade cat\u00f3lica tem como caracter\u00edstica fundamental o empenho de configurar-nos sempre mais com o nosso Mestre (cf. Rm 8, 29; Fl 3, 10.21). A efus\u00e3o do Esp\u00edrito Santo no Batismo nos introduz como ramo na videira, que \u00e9 Cristo (cf. Jo 15, 5), constitui-nos membros do seu Corpo m\u00edstico (cf. 1 Cor 12, 12; Rm 12, 5). Entretanto, esta unidade inicial com Cristo deve continuar em um caminho de assimila\u00e7\u00e3o progressiva a Ele, que oriente sempre mais o nosso comportamento de disc\u00edpulo, conforme a \u201cl\u00f3gica\u201d de Cristo: \u201cTende entre v\u00f3s os mesmos sentimentos que havia em Cristo Jesus\u201d (Fl 2, 5); ou seja, \u00e9 necess\u00e1rio, segundo as palavras de S\u00e3o Paulo, revestir-nos de Cristo (cf. Rm 13, 14; Gal 3, 27).<!--more Continue lendo...--><\/p>\n<p style=\"text-align: center\"><strong><a href=\"http:\/\/feedburner.google.com\/fb\/a\/mailverify?uri=TodoDeMaria\" target=\"_blank\" rel=\"noopener\">Inscreva-se e receba o conte\u00fado deste blog gratuitamente em seu e-mail.<\/a><\/strong><\/p>\n<p style=\"text-align: left\"><b>Configurar-se a Cristo com Maria<\/b><\/p>\n<p style=\"text-align: left\">No caminho espiritual do Ros\u00e1rio, fundado na incessante contempla\u00e7\u00e3o do rosto de Cristo na companhia de Maria, alcan\u00e7amos este ideal exigente de configura\u00e7\u00e3o a Ele, atrav\u00e9s de um trato, podemos dizer, de profunda amizade. Esta nos introduz de modo natural na vida de Cristo e faz com que tenhamos os Seus sentimentos. A este respeito, o Beato Bartolo Longo nos diz:<\/p>\n<p style=\"text-align: left\">Tal como dois amigos, que se encontram constantemente, costumam configurar-se at\u00e9 mesmo nos h\u00e1bitos, assim tamb\u00e9m n\u00f3s, conversando familiarmente com Jesus e a Virgem, ao meditar os mist\u00e9rios do Ros\u00e1rio, vivendo unidos uma mesma vida pela Comunh\u00e3o, podemos vir a ser, por quanto poss\u00edvel \u00e0 nossa pequenez, semelhantes a Eles, e aprender destes supremos modelos a vida humilde, pobre, escondida, paciente e perfeita<a href=\"#_ftn1\" name=\"_ftnref1\"><span style=\"font-family: Calibri, sans-serif\">[1]<\/span><\/a>.<\/p>\n<p style=\"text-align: left\">Neste processo de configura\u00e7\u00e3o a Cristo atrav\u00e9s do Ros\u00e1rio, confiamo-nos, de modo particular, \u00e0 a\u00e7\u00e3o maternal da Virgem Sant\u00edssima. Aquela que \u00e9 M\u00e3e de Cristo e pertence \u00e0 Igreja como seu \u201cmembro eminente e inteiramente singular\u201d<a href=\"#_ftn2\" name=\"_ftnref2\"><span style=\"font-family: Calibri, sans-serif\">[2]<\/span><\/a> \u00e9, ao mesmo tempo, a \u201cM\u00e3e da Igreja\u201d<a href=\"#_ftn3\" name=\"_ftnref3\"><span style=\"font-family: Calibri, sans-serif\">[3]<\/span><\/a>. Como tal, \u201cgera\u201d continuamente filhos para o Corpo m\u00edstico do Filho, mediante a intercess\u00e3o, implorando para eles a efus\u00e3o inesgot\u00e1vel do Esp\u00edrito. Dessa forma, ela \u00e9 o perfeito \u00edcone da maternidade da Igreja.<\/p>\n<p style=\"text-align: left\"><b>O Ros\u00e1rio da Virgem Maria e a consagra\u00e7\u00e3o a Jesus Cristo<\/b><\/p>\n<p style=\"text-align: left\">A medita\u00e7\u00e3o do Santo Ros\u00e1rio transporta-nos misticamente para junto da Virgem Maria, totalmente dedicada a acompanhar o crescimento humano de seu Filho Jesus Cristo, na humilde casa de Nazar\u00e9. Esta uni\u00e3o m\u00edstica permite-lhe educar-nos e plasmar-nos, com a mesma solicitude, at\u00e9 que Cristo esteja plenamente formado em n\u00f3s (cf. Gl 4, 19). Esta a\u00e7\u00e3o de Nossa Senhora, profunda e totalmente fundada sobre a a\u00e7\u00e3o de Cristo e a esta radicalmente subordinada, \u201cn\u00e3o impede minimamente a uni\u00e3o imediata dos crentes com Cristo, antes a facilita\u201d<a href=\"#_ftn4\" name=\"_ftnref4\"><span style=\"font-family: Calibri, sans-serif\">[4]<\/span><\/a>. Este \u00e9 o princ\u00edpio luminoso, expresso pelo Conc\u00edlio Vaticano II, que o Papa S\u00e3o Jo\u00e3o Paulo II provou com tanta for\u00e7a na sua vida a ponto de coloc\u00e1-lo na base do seu lema episcopal: \u201c<i>Totus Tuus<\/i>\u201d, que foi inspirado na doutrina de S\u00e3o Lu\u00eds Maria Grignion de Montfort, que assim explica o papel de Maria no processo de configura\u00e7\u00e3o a Cristo de cada um de n\u00f3s:<\/p>\n<p style=\"text-align: left\">Toda a nossa perfei\u00e7\u00e3o consiste em sermos configurados, unidos e consagrados a Jesus Cristo. Portanto, a mais perfeita de todas as devo\u00e7\u00f5es \u00e9 incontestavelmente aquela que nos configura, une e consagra mais perfeitamente a Jesus Cristo. Ora, sendo Maria entre todas as criaturas a mais configurada a Jesus Cristo, da\u00ed se conclui que de todas as devo\u00e7\u00f5es, a que melhor consagra e configura uma alma a Nosso Senhor \u00e9 a devo\u00e7\u00e3o a Maria, sua santa M\u00e3e; e quanto mais uma alma for consagrada a Maria, tanto mais ser\u00e1 a Jesus Cristo<a href=\"#_ftn5\" name=\"_ftnref5\"><span style=\"font-family: Calibri, sans-serif\">[5]<\/span><\/a>.<\/p>\n<p style=\"text-align: left\">Em nenhuma outra devo\u00e7\u00e3o o caminho de Cristo e o de Maria aparecem unidos t\u00e3o profundamente como na ora\u00e7\u00e3o do Ros\u00e1rio. Pois, a Virgem Maria s\u00f3 vive em Cristo e em fun\u00e7\u00e3o de Cristo!<\/p>\n<p><strong>Assista palestra do Padre Paulo Ricardo com o tema &#8220;<a title=\"O Papa de Maria!\" href=\"https:\/\/www.youtube.com\/watch?v=pvjoFXPZzP0\" target=\"_blank\" rel=\"noopener\">O Papa de Maria!<\/a>&#8220;:<\/strong> <iframe loading=\"lazy\" width=\"640\" height=\"360\" src=\"https:\/\/www.youtube-nocookie.com\/embed\/pvjoFXPZzP0?rel=0&amp;showinfo=0\" frameborder=\"0\" allowfullscreen><\/iframe>&nbsp;<\/p>\n<p><strong>Ou\u00e7a&nbsp;palestra do Padre Paulo Ricardo com o tema &#8220;<a href=\"https:\/\/www.mixcloud.com\/tododemaria\/o-papa-de-maria\/\" target=\"_blank\" rel=\"noopener\">O Papa de Maria!<\/a>&#8220;:<\/strong> <iframe loading=\"lazy\" width=\"100%\" height=\"120\" src=\"https:\/\/www.mixcloud.com\/widget\/iframe\/?hide_cover=1&light=1&hide_artwork=1&feed=%2Ftododemaria%2Fo-papa-de-maria%2F\" frameborder=\"0\" ><\/iframe><\/p>\n<p style=\"text-align: left\"><b>O Ros\u00e1rio e o an\u00fancio de Cristo com Maria<\/b><\/p>\n<p style=\"text-align: left\">O Santo Ros\u00e1rio \u00e9 um itiner\u00e1rio de an\u00fancio e aprofundamento da f\u00e9, no qual o mist\u00e9rio de Cristo \u00e9 continuamente oferecido aos diversos n\u00edveis da experi\u00eancia crist\u00e3. Trata-se de uma apresenta\u00e7\u00e3o orante e contemplativa do Ter\u00e7o, que visa plasmar o disc\u00edpulo segundo o Cora\u00e7\u00e3o de Cristo. De fato, se na recita\u00e7\u00e3o do Ros\u00e1rio todos os elementos para uma medita\u00e7\u00e3o eficaz forem devidamente valorizados, \u2013 especialmente na celebra\u00e7\u00e3o comunit\u00e1ria nas par\u00f3quias e nos santu\u00e1rios \u2013 este torna-se uma significativa oportunidade catequ\u00e9tica que devemos saber aproveitar, especialmente os Pastores de almas. Dessa forma, a Virgem do Ros\u00e1rio continua tamb\u00e9m a sua obra de an\u00fancio de Cristo.<\/p>\n<p style=\"text-align: left\">A hist\u00f3ria do Ros\u00e1rio mostra como esta ora\u00e7\u00e3o foi muito importante num momento dif\u00edcil para a Igreja, por causa da difus\u00e3o da heresia. Como outrora, hoje encontramo-nos diante de novos desafios. Por isso, ou\u00e7amos o que nos diz o Papa S\u00e3o Jo\u00e3o Paulo II: \u201cPorque n\u00e3o retomar na m\u00e3o o Ter\u00e7o com a f\u00e9 dos que nos precederam? O Ros\u00e1rio conserva toda a sua for\u00e7a e permanece um recurso n\u00e3o descur\u00e1vel na bagagem pastoral de todo o bom evangelizador\u201d<a href=\"#_ftn6\" name=\"_ftnref6\"><span style=\"font-family: Calibri, sans-serif\">[6]<\/span><\/a>.<\/p>\n<p style=\"text-align: left\">Nossa Senhora do Ros\u00e1rio, rogai por n\u00f3s!<\/p>\n<p>Obs.: Este artigo \u00e9 a segunda parte da resposta \u00e0 mensagem de Paulo Glic\u00e9rio de C. Reis, que tem uma d\u00favida teol\u00f3gica sobre o Santo Ros\u00e1rio. A primeira parte e a terceira podem ser acessadas nos seguintes links:&nbsp;<\/p>\n<p>TODO DE MARIA.&nbsp;<a href=\"https:\/\/blog.cancaonova.com\/tododemaria\/o-terco-e-uma-oracao-mariana-ou-cristologica\/\">O Ter\u00e7o \u00e9 uma ora\u00e7\u00e3o mariana ou cristol\u00f3gica?<\/a><br \/>\nTODO DE MARIA.&nbsp;<a href=\"https:\/\/blog.cancaonova.com\/tododemaria\/o-rosario-a-suplica-a-cristo-com-maria-e-a-meditacao\/\" target=\"_blank\" rel=\"noopener\">O Ros\u00e1rio, a s\u00faplica a Cristo com Maria e a medita\u00e7\u00e3o<\/a>.<\/p>\n<p><strong>Links relacionados:<\/strong><\/p>\n<p>TODO DE MARIA.&nbsp;<a href=\"https:\/\/blog.cancaonova.com\/tododemaria\/a-origem-do-rosario-de-nossa-senhora\/\" target=\"_blank\" rel=\"noopener noreferrer\">A origem do Ros\u00e1rio de Nossa Senhora<\/a>.<br \/>\nTODO DE MARIA.&nbsp;<a href=\"https:\/\/blog.cancaonova.com\/tododemaria\/nossa-senhora-e-o-santissimo-rosario\/\" target=\"_blank\" rel=\"noopener noreferrer\">Nossa Senhora e o sant\u00edssimo Ros\u00e1rio<\/a>.<br \/>\nTODO DE MARIA.&nbsp;<a href=\"https:\/\/blog.cancaonova.com\/tododemaria\/um-homem-transformado-pelo-rosario\/\" target=\"_blank\" rel=\"noopener noreferrer\">Um homem transformado pelo Ros\u00e1rio<\/a>.<\/p>\n<p><strong>Refer\u00eancias:<\/strong><\/p>\n<div id=\"ftn1\" dir=\"ltr\" style=\"text-align: left\">\n<p><a href=\"#_ftnref1\" name=\"_ftn1\"><span style=\"font-family: Calibri, sans-serif\">[1]<\/span><\/a>&nbsp; BEATO BARTOLO LONGO. Os Quinze S\u00e1bados do Sant\u00edssimo Ros\u00e1rio, 27, ed. Pompeia, 1916, p. 27. <i>In <\/i>PAPA S\u00c3O JO\u00c3O PAULO II. <a href=\"http:\/\/w2.vatican.va\/content\/john-paul-ii\/pt\/apost_letters\/2002\/documents\/hf_jp-ii_apl_20021016_rosarium-virginis-mariae.html#fnref18\">Carta Apost\u00f3lica <\/a><a href=\"http:\/\/w2.vatican.va\/content\/john-paul-ii\/pt\/apost_letters\/2002\/documents\/hf_jp-ii_apl_20021016_rosarium-virginis-mariae.html#fnref18\"><i>Rosarium Virginis Mariae<\/i><\/a>, 15.&nbsp;<br \/>\n<a href=\"#_ftnref2\" name=\"_ftn2\"><span style=\"font-family: Calibri, sans-serif\">[2]<\/span><\/a> &nbsp;CONC\u00cdLIO VATICANO II. <a href=\"http:\/\/www.vatican.va\/archive\/hist_councils\/ii_vatican_council\/documents\/vat-ii_const_19641121_lumen-gentium_po.html\">Constitui\u00e7\u00e3o Dogm\u00e1tica <\/a><a href=\"http:\/\/www.vatican.va\/archive\/hist_councils\/ii_vatican_council\/documents\/vat-ii_const_19641121_lumen-gentium_po.html\"><i>Lumen Gentium<\/i><\/a><i>, <\/i>53.<br \/>\n<a href=\"#_ftnref3\" name=\"_ftn3\"><span style=\"font-family: Calibri, sans-serif\">[3]<\/span><\/a>&nbsp; PAPA PAULO VI. <a href=\"http:\/\/w2.vatican.va\/content\/paul-vi\/pt\/apost_exhortations\/documents\/hf_p-vi_exh_19740202_marialis-cultus.html\">Exorta\u00e7\u00e3o Apost\u00f3lica <\/a><a href=\"http:\/\/w2.vatican.va\/content\/paul-vi\/pt\/apost_exhortations\/documents\/hf_p-vi_exh_19740202_marialis-cultus.html\"><i>Marialis Cultus<\/i><\/a>.}<br \/>\n<a href=\"#_ftnref4\" name=\"_ftn4\"><span style=\"font-family: Calibri, sans-serif\">[4]<\/span><\/a>&nbsp; CONC\u00cdLIO VATICANO II.<i> <\/i><i>Op. cit.,<\/i> 60.<br \/>\n<a href=\"#_ftnref5\" name=\"_ftn5\"><span style=\"font-family: Calibri, sans-serif\">[5]<\/span><\/a>&nbsp; S\u00c3O LU\u00cdS MARIA GRIGNION DE MONTFORT. <a href=\"http:\/\/loja.cancaonova.com\/products\/31884-livro-tratado-da-verdadeira-devocao-a-santissima-virgem\" target=\"_blank\" rel=\"noopener\">Tratado da Verdadeira Devo\u00e7\u00e3o a Sant\u00edssima Virgem<\/a>, 120.<br \/>\n<a href=\"#_ftnref6\" name=\"_ftn6\"><span style=\"font-family: Calibri, sans-serif\">[6]<\/span><\/a>&nbsp; PAPA S\u00c3O JO\u00c3O PAULO II. Carta Apost\u00f3lica <i>Rosarium Virginis Mariae<\/i>, 17.<\/p>\n<\/div>\n","protected":false},"excerpt":{"rendered":"<p>Saiba como se d\u00e1 a configura\u00e7\u00e3o a Jesus Cristo e o an\u00fancio do Evangelho atrav\u00e9s do Santo Ros\u00e1rio da Virgem Maria. O Santo Ros\u00e1rio da Sant\u00edssima Virgem Maria tem particular import\u00e2ncia na nossa configura\u00e7\u00e3o a nosso Senhor Jesus Cristo e&#8230;<\/p>\n","protected":false},"author":4539,"featured_media":0,"comment_status":"open","ping_status":"open","sticky":false,"template":"","format":"standard","meta":{"_mi_skip_tracking":false,"_monsterinsights_sitenote_active":false,"_monsterinsights_sitenote_note":"","_monsterinsights_sitenote_category":0,"footnotes":""},"categories":[145718,13411],"tags":[],"_links":{"self":[{"href":"https:\/\/blog.cancaonova.com\/tododemaria\/wp-json\/wp\/v2\/posts\/7843"}],"collection":[{"href":"https:\/\/blog.cancaonova.com\/tododemaria\/wp-json\/wp\/v2\/posts"}],"about":[{"href":"https:\/\/blog.cancaonova.com\/tododemaria\/wp-json\/wp\/v2\/types\/post"}],"author":[{"embeddable":true,"href":"https:\/\/blog.cancaonova.com\/tododemaria\/wp-json\/wp\/v2\/users\/4539"}],"replies":[{"embeddable":true,"href":"https:\/\/blog.cancaonova.com\/tododemaria\/wp-json\/wp\/v2\/comments?post=7843"}],"version-history":[{"count":8,"href":"https:\/\/blog.cancaonova.com\/tododemaria\/wp-json\/wp\/v2\/posts\/7843\/revisions"}],"predecessor-version":[{"id":7886,"href":"https:\/\/blog.cancaonova.com\/tododemaria\/wp-json\/wp\/v2\/posts\/7843\/revisions\/7886"}],"wp:attachment":[{"href":"https:\/\/blog.cancaonova.com\/tododemaria\/wp-json\/wp\/v2\/media?parent=7843"}],"wp:term":[{"taxonomy":"category","embeddable":true,"href":"https:\/\/blog.cancaonova.com\/tododemaria\/wp-json\/wp\/v2\/categories?post=7843"},{"taxonomy":"post_tag","embeddable":true,"href":"https:\/\/blog.cancaonova.com\/tododemaria\/wp-json\/wp\/v2\/tags?post=7843"}],"curies":[{"name":"wp","href":"https:\/\/api.w.org\/{rel}","templated":true}]}}