{"id":7889,"date":"2017-10-18T03:00:47","date_gmt":"2017-10-18T05:00:47","guid":{"rendered":"http:\/\/blog.cancaonova.com\/tododemaria\/?p=7889"},"modified":"2017-10-17T22:25:16","modified_gmt":"2017-10-18T00:25:16","slug":"a-figura-da-virgem-maria-na-biblia","status":"publish","type":"post","link":"https:\/\/blog.cancaonova.com\/tododemaria\/a-figura-da-virgem-maria-na-biblia\/","title":{"rendered":"A figura da Virgem Maria na B\u00edblia"},"content":{"rendered":"<p style=\"text-align: left\"><b>Descubra qual a import\u00e2ncia da figura da Virgem Maria para compreender a B\u00edblia e o mist\u00e9rio de Jesus Cristo e da Igreja Cat\u00f3lica.<\/b><\/p>\n<p style=\"text-align: left\">N\u00e3o procure a figura da Sant\u00edssima Virgem Maria na B\u00edblia, na Palavra de Deus. Procure a Palavra em Maria, pois Ela gera Jesus Cristo, a Palavra de Deus que se fez Carne (cf. Jo 1, 14).<\/p>\n<div id=\"attachment_7893\" style=\"width: 610px\" class=\"wp-caption aligncenter\"><a href=\"http:\/\/blog.cancaonova.com\/tododemaria\/files\/2017\/10\/A-figura-da-Virgem-Maria-na-B\u00edblia.jpg\"><img loading=\"lazy\" decoding=\"async\" aria-describedby=\"caption-attachment-7893\" class=\"size-full wp-image-7893\" src=\"http:\/\/blog.cancaonova.com\/tododemaria\/files\/2017\/10\/A-figura-da-Virgem-Maria-na-B\u00edblia.jpg\" alt=\"Descubra qual a import\u00e2ncia da figura da Virgem Maria para compreender a B\u00edblia e o mist\u00e9rio de Jesus Cristo e da Igreja Cat\u00f3lica.\" width=\"600\" height=\"330\" srcset=\"https:\/\/blog.cancaonova.com\/tododemaria\/files\/2017\/10\/A-figura-da-Virgem-Maria-na-B\u00edblia.jpg 600w, https:\/\/blog.cancaonova.com\/tododemaria\/files\/2017\/10\/A-figura-da-Virgem-Maria-na-B\u00edblia-300x165.jpg 300w\" sizes=\"(max-width: 600px) 100vw, 600px\" \/><\/a><p id=\"caption-attachment-7893\" class=\"wp-caption-text\">Bartolom\u00e9 Esteban Murillo (1617-1682) &#8211; <a href=\"https:\/\/commons.wikimedia.org\/wiki\/File:Bartolom%C3%A9_Esteban_Murillo_-_La_Anunciaci%C3%B3n_(Rijksmuseum).jpg\" target=\"_blank\" rel=\"noopener\">La Anunciaci\u00f3n<\/a> (Rijksmuseum &#8211;&nbsp;Amsterdam).<\/p><\/div>\n<p style=\"text-align: left\">Por outro lado, saibamos que as refer\u00eancias b\u00edblicas \u00e0 Virgem Maria s\u00e3o numerosas. Elas se encontram, sobretudo, nas narrativas evang\u00e9licas. Sendo Cristo o centro do Evangelho, as refer\u00eancias a Maria s\u00e3o sempre referidas a Cristo. Por\u00e9m, ela aparece nos momentos principais que constituem o mist\u00e9rio crist\u00e3o, que s\u00e3o: a Encarna\u00e7\u00e3o, a P\u00e1scoa e o Pentecostes<a href=\"#_ftn1\" name=\"_ftnref1\"><span style=\"font-family: Calibri, sans-serif\">[1]<\/span><\/a>.<!--more Continue lendo...--><\/p>\n<p style=\"text-align: center\"><a href=\"http:\/\/feedburner.google.com\/fb\/a\/mailverify?uri=TodoDeMaria\" target=\"_blank\" rel=\"noopener\"><strong>Inscreva-se e receba o conte\u00fado deste blog gratuitamente em seu e-mail.<\/strong><\/a><\/p>\n<p style=\"text-align: left\">Nos Evangelhos sin\u00f3ticos, Mateus apresenta Maria, prometida em casamento a Jos\u00e9, como m\u00e3e de Jesus, em uma gravidez que se d\u00e1 por obra do Esp\u00edrito Santo (cf. Mt 1,18). O evangelista v\u00ea em Maria o cumprimento da profecia de Isa\u00edas (cf. Is 7, 14), que uma virgem conceberia um filho que seria chamado de Emanuel, que significa Deus Conosco (cf. Mt 1, 22-23). Mateus menciona Maria nos relatos referentes ao nascimento de Jesus (cf. Mt 2, 1-12) e sua fuga para o Egito durante o massacre dos inocentes (cf. Mt 2, 13-23). Mateus, Marcos e Lucas referem-se a Maria como m\u00e3e biol\u00f3gica de Jesus (cf. Mt 12, 46-47; 13, 53-56; Mc 3, 31-35; 6, 1-3; Lc 8, 19-20).<\/p>\n<p style=\"text-align: left\">Lucas, por\u00e9m, al\u00e9m de mostrar Maria nos relatos referentes ao nascimento de Jesus (cf. 2,1-20), apresenta os fatos que o antecederam. Maria foi visitada pelo anjo Gabriel ainda jovem, antes de coabitar com Jos\u00e9 (cf. Lc 1, 26-38). Gabriel revela a primazia da gra\u00e7a de Deus sobre a exist\u00eancia de Maria (cf. Lc 1, 28), pois o Esp\u00edrito Santo geraria nela Aquele que seria chamado Filho do Alt\u00edssimo (cf. Lc 1, 32). A atitude de Maria, dando o seu sim e entregando-se como serva do Senhor (cf. Lc 1, 38) j\u00e1 antecipa o seguimento do seu Filho. Maria mostra sua disposi\u00e7\u00e3o ao servi\u00e7o, quando, gr\u00e1vida, foi auxiliar a sua prima Isabel, que por sua vez estava com a gravidez mais adiantada (cf. Lc 1, 39-45.56).<\/p>\n<p style=\"text-align: left\">O hino do <i>M<\/i><i>agnificat<\/i>, proclamado por Maria ao Isabel manifestar a alegria de receb\u00ea-la, revela a sua humildade e espiritualidade profunda, proclamando as maravilhas que Deus realizou nela e a miseric\u00f3rdia que Ele estende sobre o povo, dispersando os orgulhosos e exaltando os humildes (cf. 1, 46-55); Assim, Maria \u00e9 Virgem entregue \u00e0 ora\u00e7\u00e3o, que antecipa voz da Igreja (cf. <em>Marialis Cultus<\/em> 18), exaltando e glorificando a Deus. Fez-se disc\u00edpula de Cristo, proclamando a respeito de si mesma que todas as gera\u00e7\u00f5es a chamariam de bem-aventurada (cf. 1,48), sendo que a bem-aventuran\u00e7a no Evangelho \u00e9 qualidade daqueles que seguem a Cristo e seu Reino (cf. Mt 5,1-11; Lc 6, 20-23). Era fiel na tradi\u00e7\u00e3o religiosa do seu povo, apresentando Jesus no templo conforme a lei de Mois\u00e9s (cf. Lc 22,22-38) e o levando todos os anos para Jerusal\u00e9m por ocasi\u00e3o da P\u00e1scoa (cf. Lc 2, 41).<\/p>\n<p><strong>Assista ou ou\u00e7a ao programa&nbsp;do Padre Paulo Ricardo sobre \u201c<a href=\"https:\/\/padrepauloricardo.org\/episodios\/por-que-nos-chamamos-a-virgem-maria-de-rainha-e-de-senhora\" target=\"_blank\" rel=\"noopener\">Por que n\u00f3s chamamos a Virgem Maria de Rainha e de Senhora?<\/a>\u201d:<\/strong><\/p>\n<iframe loading=\"lazy\" width=\"640\" height=\"360\" src=\"https:\/\/www.youtube-nocookie.com\/embed\/THqzMvSokpc?rel=0&amp;showinfo=0\" frameborder=\"0\" allowfullscreen><\/iframe>\n<iframe loading=\"lazy\" width=\"100%\" height=\"166\" scrolling=\"no\" frameborder=\"no\" src=\"https:\/\/w.soundcloud.com\/player\/?url=https%3A\/\/api.soundcloud.com\/tracks\/107504947&amp;color=%23ff5500&amp;auto_play=false&amp;hide_related=false&amp;show_comments=true&amp;show_user=true&amp;show_reposts=false&amp;show_teaser=true\"><\/iframe>\n<p style=\"text-align: left\">Jo\u00e3o apresenta o in\u00edcio dos sinais realizados por Jesus nas bodas de Can\u00e1, quando, durante uma festa de casamento, transforma a \u00e1gua em vinho diante da s\u00faplica de Maria (cf. Jo 2, 1-11). Como disc\u00edpula, ela aponta o seguimento de seu Filho e Mestre, dizendo: \u201cFazei tudo o que ele vos disser!\u201d (cf. Jo 2, 5). Neste discipulado, seguiu Cristo no Calv\u00e1rio at\u00e9 a Cruz (cf. Jo 19, 25), quando a maioria dos disc\u00edpulos fugiu. Jo\u00e3o mostra que, aos p\u00e9s da cruz, Jesus entrega Maria ao pr\u00f3prio Ap\u00f3stolo e evangelista (cf. Jo 19, 26-27), indicando, a partir da pessoa dele, a maternidade de Maria sobre a Igreja nascente<a href=\"#_ftn2\" name=\"_ftnref2\"><span style=\"font-family: Calibri, sans-serif\">[2]<\/span><\/a>. Este fato encontra eco nos Atos dos Ap\u00f3stolos, onde Maria aparece em ora\u00e7\u00e3o com os Ap\u00f3stolos na expectativa da vinda do Esp\u00edrito Santo em Pentecostes (cf. At 1, 12-14).<\/p>\n<p style=\"text-align: left\">S\u00e3o Paulo menciona Maria em sua maternidade, quando afirma que Deus enviou o seu Filho nascido de uma mulher (cf. Gl 4,4). O livro do Apocalipse apresenta o sinal da mulher vestida de sol que gera um Filho var\u00e3o que regeria as na\u00e7\u00f5es (cf. Ap 12, 1-5) e a reflex\u00e3o teol\u00f3gica<a href=\"#_ftn3\" name=\"_ftnref3\"><span style=\"font-family: Calibri, sans-serif\">[3]<\/span><\/a> &nbsp;v\u00ea neste sinal n\u00e3o somente o antigo Israel o qual gerou Cristo, nem somente a Igreja que gera Cristo no mundo, mas tamb\u00e9m Maria que, por sua vez, \u00e9 figura da Igreja<a href=\"#_ftn4\" name=\"_ftnref4\"><span style=\"font-family: Calibri, sans-serif\">[4]<\/span><\/a>, Novo Israel (cf. Rm 11, 17-18). A mulher aparece em um embate contra o drag\u00e3o (cf. Ap 12, 3-6), identificado como a antiga serpente do livro do G\u00eanesis (cf. Ap 12, 9), que por sua vez menciona um embate entre a descend\u00eancia de uma mulher e a descend\u00eancia da serpente (cf. Gn 3,15). Esta luta \u00e9 vencida pela descend\u00eancia da mulher; sendo Jesus a descend\u00eancia da mulher, \u00e9 poss\u00edvel ver j\u00e1 no G\u00eanesis (cf. Gn 3, 15) uma figura de Maria<a href=\"#_ftn5\" name=\"_ftnref5\"><span style=\"font-family: Calibri, sans-serif\">[5]<\/span><\/a>.<\/p>\n<p style=\"text-align: left\">No Antigo Testamento, as santas mulheres do povo hebreu, como Judite e Ester, tamb\u00e9m antecipam a figura de Maria, ao mesmo tempo que, sendo Maria figura da Igreja<a href=\"#_ftn6\" name=\"_ftnref6\"><span style=\"font-family: Calibri, sans-serif\">[6]<\/span><\/a>, se identifica com a esposa no livro do C\u00e2ntico dos C\u00e2nticos, chamada de pomba sem defeito e preferida (cf. Ct 6, 9). Tamb\u00e9m o termo filha de Si\u00e3o, que se refere primeiramente a Jerusal\u00e9m (cf. Sf 3, 14), personifica-se em Maria, figura da Igreja, que \u00e9 o Novo Israel (cf. Rm 11, 17-18).<\/p>\n<p style=\"text-align: left\"><strong>Autor:<\/strong>&nbsp;Padre Francisco Amaral, sacerdote da&nbsp;<a href=\"http:\/\/www.arquidiocesecuiaba.org.br\/\" target=\"_blank\" rel=\"noopener\">Arquidiocese de Cuiab\u00e1<\/a>-MT e vig\u00e1rio da Par\u00f3quia Santo Ant\u00f4nio de V\u00e1rzea Grande. O Sacerdote compartilha algumas de suas homilias em seu&nbsp;<a href=\"https:\/\/www.youtube.com\/channel\/UCy-rvaDFNamZF9qGjTFWiHw\" target=\"_blank\" rel=\"noopener\">canal do Youtube<\/a>.<\/p>\n<p style=\"text-align: left\"><b>Bibliografia:<\/b><\/p>\n<p style=\"text-align: left\">B\u00cdBLIA DE JERUSAL\u00c9M. 3\u00aa Ed. S\u00e3o Paulo: Paulus, 2004.<br \/>\nCANTALAMESSA, Raniero. Maria, um espelho para a Igreja. Aparecida: Santu\u00e1rio, 2012.<br \/>\nPAULO VI, Papa. Carta Enc\u00edclica <i>Marialis Cultus<\/i>. S\u00e3o Paulo: Paulinas, 1974.<\/p>\n<p class=\"western\" align=\"JUSTIFY\"><strong>Links relacionados:<\/strong><\/p>\n<p class=\"western\" align=\"JUSTIFY\">TODO DE MARIA.&nbsp;<a href=\"https:\/\/blog.cancaonova.com\/tododemaria\/a-biblia-e-a-fe-de-abraao-e-maria-para-a-igreja\/\" target=\"_blank\" rel=\"noopener\">A B\u00edblia e a f\u00e9 de Abra\u00e3o e Maria para a Igreja<\/a>.<br \/>\nTODO DE MARIA.&nbsp;<a href=\"http:\/\/blog.cancaonova.com\/tododemaria\/a-crise-de-fe-na-igreja-e-no-mundo\/\" target=\"_blank\" rel=\"noopener\">A crise de f\u00e9 na Igreja e no mundo<\/a>.<br \/>\nTODO DE MARIA.&nbsp;<a href=\"http:\/\/blog.cancaonova.com\/tododemaria\/fe-e-caridade-virtudes-que-nao-se-separam\/\" target=\"_blank\" rel=\"noopener\">F\u00e9 e caridade: virtudes que n\u00e3o se separam<\/a>.<\/p>\n<p class=\"western\" align=\"JUSTIFY\"><strong>Refer\u00eancias:<\/strong><\/p>\n<div id=\"ftn1\" dir=\"ltr\">\n<p style=\"text-align: left\"><a href=\"#_ftnref1\" name=\"_ftn1\"><span style=\"font-family: Calibri, sans-serif\">[1]<\/span><\/a>&nbsp; Cf. RANIERO CANTALAMESSA. <a href=\"http:\/\/ecclesiae.com.br\/maria-um-espelho-para-a-igreja\">Maria, um espelho para a Igreja<\/a>. Aparecida: Santu\u00e1rio, 2012, p. 6.<br \/>\n<a href=\"#_ftnref2\" name=\"_ftn2\"><span style=\"font-family: Calibri, sans-serif\">[2]<\/span><\/a>&nbsp; Cf. PAPA S\u00c3O JO\u00c3O PAULO II. <a href=\"http:\/\/www.vatican.va\/archive\/cathechism_po\/index_new\/p1s2cap3_683-1065_po.html\">Catecismo da Igreja Cat\u00f3lica<\/a>, 968.<br \/>\n<a href=\"#_ftnref3\" name=\"_ftn3\"><span style=\"font-family: Calibri, sans-serif\">[3]<\/span><\/a>&nbsp; Cf. CONC\u00cdLIO VATICANO II. <a href=\"http:\/\/www.vatican.va\/archive\/hist_councils\/ii_vatican_council\/documents\/vat-ii_const_19641121_lumen-gentium_po.html\">Constitui\u00e7\u00e3o Dogm\u00e1tica <\/a><a href=\"http:\/\/www.vatican.va\/archive\/hist_councils\/ii_vatican_council\/documents\/vat-ii_const_19641121_lumen-gentium_po.html\"><i>Lumen Gentium<\/i><\/a>, 55.<br \/>\n<a href=\"#_ftnref4\" name=\"_ftn4\"><span style=\"font-family: Calibri, sans-serif\">[4]<\/span><\/a>&nbsp; Cf. <i>idem<\/i>, 63.<br \/>\n<a href=\"#_ftnref5\" name=\"_ftn5\"><span style=\"font-family: Calibri, sans-serif\">[5]<\/span><\/a>&nbsp; Cf. B\u00cdBLIA DE JERUSAL\u00c9M. 3\u00aa Ed. S\u00e3o Paulo: Paulus, 2004, p. 38.<br \/>\n<a href=\"#_ftnref6\" name=\"_ftn6\"><span style=\"font-family: Calibri, sans-serif\">[6]<\/span><\/a>&nbsp; Cf. CONC\u00cdLIO VATICANO II. <i>Op. cit<\/i>., 63.<\/p>\n<\/div>\n","protected":false},"excerpt":{"rendered":"<p>Descubra qual a import\u00e2ncia da figura da Virgem Maria para compreender a B\u00edblia e o mist\u00e9rio de Jesus Cristo e da Igreja Cat\u00f3lica. N\u00e3o procure a figura da Sant\u00edssima Virgem Maria na B\u00edblia, na Palavra de Deus. Procure a Palavra&#8230;<\/p>\n","protected":false},"author":4539,"featured_media":0,"comment_status":"open","ping_status":"open","sticky":false,"template":"","format":"standard","meta":{"_mi_skip_tracking":false,"_monsterinsights_sitenote_active":false,"_monsterinsights_sitenote_note":"","_monsterinsights_sitenote_category":0,"footnotes":""},"categories":[186083],"tags":[],"_links":{"self":[{"href":"https:\/\/blog.cancaonova.com\/tododemaria\/wp-json\/wp\/v2\/posts\/7889"}],"collection":[{"href":"https:\/\/blog.cancaonova.com\/tododemaria\/wp-json\/wp\/v2\/posts"}],"about":[{"href":"https:\/\/blog.cancaonova.com\/tododemaria\/wp-json\/wp\/v2\/types\/post"}],"author":[{"embeddable":true,"href":"https:\/\/blog.cancaonova.com\/tododemaria\/wp-json\/wp\/v2\/users\/4539"}],"replies":[{"embeddable":true,"href":"https:\/\/blog.cancaonova.com\/tododemaria\/wp-json\/wp\/v2\/comments?post=7889"}],"version-history":[{"count":6,"href":"https:\/\/blog.cancaonova.com\/tododemaria\/wp-json\/wp\/v2\/posts\/7889\/revisions"}],"predecessor-version":[{"id":7896,"href":"https:\/\/blog.cancaonova.com\/tododemaria\/wp-json\/wp\/v2\/posts\/7889\/revisions\/7896"}],"wp:attachment":[{"href":"https:\/\/blog.cancaonova.com\/tododemaria\/wp-json\/wp\/v2\/media?parent=7889"}],"wp:term":[{"taxonomy":"category","embeddable":true,"href":"https:\/\/blog.cancaonova.com\/tododemaria\/wp-json\/wp\/v2\/categories?post=7889"},{"taxonomy":"post_tag","embeddable":true,"href":"https:\/\/blog.cancaonova.com\/tododemaria\/wp-json\/wp\/v2\/tags?post=7889"}],"curies":[{"name":"wp","href":"https:\/\/api.w.org\/{rel}","templated":true}]}}