{"id":7991,"date":"2017-11-16T03:00:45","date_gmt":"2017-11-16T05:00:45","guid":{"rendered":"http:\/\/blog.cancaonova.com\/tododemaria\/?p=7991"},"modified":"2017-11-23T21:53:56","modified_gmt":"2017-11-23T23:53:56","slug":"nossa-senhora-das-gracas-e-as-almas-do-purgatorio","status":"publish","type":"post","link":"https:\/\/blog.cancaonova.com\/tododemaria\/nossa-senhora-das-gracas-e-as-almas-do-purgatorio\/","title":{"rendered":"Nossa Senhora das Gra\u00e7as e as almas do purgat\u00f3rio"},"content":{"rendered":"<p style=\"text-align: left\"><b>Neste m\u00eas, no qual celebramos Nossa Senhora das Gra\u00e7as, rezemos pelas almas do purgat\u00f3rio, que tanto necessitam das gra\u00e7as divinas.<\/b><\/p>\n<p style=\"text-align: left\">\u00c9 significativo que em novembro celebremos a festa de Nossa Senhora das Gra\u00e7as e este m\u00eas seja dedicado \u00e0 ora\u00e7\u00e3o pelas almas do purgat\u00f3rio. Em uma de suas apari\u00e7\u00f5es na rue du Bac, em Paris, na Fran\u00e7a, que aconteceu justamente no dia 27 de novembro de 1830, Nossa Senhora revelou a Santa Catarina Labour\u00e9 algo muito surpreendente, que nos ajuda a compreender a import\u00e2ncia da ora\u00e7\u00e3o pelas almas do purgat\u00f3rio.<a href=\"http:\/\/blog.cancaonova.com\/tododemaria\/files\/2017\/11\/nossa-senhora-das-gracas-e-as-almas-do-purgatorio.jpg\"><img loading=\"lazy\" decoding=\"async\" class=\"size-full wp-image-7997 aligncenter\" src=\"http:\/\/blog.cancaonova.com\/tododemaria\/files\/2017\/11\/nossa-senhora-das-gracas-e-as-almas-do-purgatorio.jpg\" alt=\"\" width=\"600\" height=\"330\" srcset=\"https:\/\/blog.cancaonova.com\/tododemaria\/files\/2017\/11\/nossa-senhora-das-gracas-e-as-almas-do-purgatorio.jpg 600w, https:\/\/blog.cancaonova.com\/tododemaria\/files\/2017\/11\/nossa-senhora-das-gracas-e-as-almas-do-purgatorio-300x165.jpg 300w\" sizes=\"(max-width: 600px) 100vw, 600px\" \/><\/a><\/p>\n<p style=\"text-align: left\">Nesta apari\u00e7\u00e3o, a Sant\u00edssima Virgem apareceu vestida de branco, com indiz\u00edvel beleza, trazendo nas m\u00e3os uma esfera de ouro que representava o globo terrestre, o mundo inteiro e cada pessoa em particular, que est\u00e3o sob os seus cuidados maternos. Nos dedos da Virgem Maria, Catarina v\u00ea an\u00e9is revestidos de bel\u00edssimas pedras preciosas, das quais sa\u00edam raios muito brilhantes. \u201cEstes (raios) s\u00e3o o s\u00edmbolo das gra\u00e7as que Eu derramo sobre as pessoas que mas pedem\u201d<a href=\"#_ftn1\" name=\"_ftnref1\"><span style=\"font-family: Calibri, sans-serif\">[1]<\/span><\/a>, explicou Nossa Senhora. Mas, havia tamb\u00e9m an\u00e9is dos quais n\u00e3o partiam raios, a respeito dos quais a Sant\u00edssima Virgem disse: \u201cOs an\u00e9is dos quais n\u00e3o partem raios simbolizam as gra\u00e7as que se esquecem de me pedir\u201d<a href=\"#_ftn2\" name=\"_ftnref2\"><span style=\"font-family: Calibri, sans-serif\">[2]<\/span><\/a>.<\/p>\n<p style=\"text-align: left\">Certamente que muitas dessas gra\u00e7as, que nos esquecemos de pedir, seriam destinadas \u00e0s almas do purgat\u00f3rio. Isto \u00e9 uma grande falta de caridade, pois essas almas muito padecem e n\u00e3o t\u00eam mais como rezar por si mesmas nem como adquirir m\u00e9ritos, que poderiam livr\u00e1-las desse sofrimento.<!--more Continue lendo...--><\/p>\n<p style=\"text-align: center\"><strong><a href=\"http:\/\/feedburner.google.com\/fb\/a\/mailverify?uri=TodoDeMaria\" target=\"_blank\" rel=\"noopener\">Inscreva-se e receba o conte\u00fado deste blog gratuitamente em seu e-mail.<\/a><\/strong><\/p>\n<p style=\"text-align: left\"><b>Os benef\u00edcios da ora\u00e7\u00e3o pelas almas do purgat\u00f3rio<\/b><\/p>\n<p style=\"text-align: left\">Neste m\u00eas de novembro, somos convidados a adquirir o costume de rezar todos os dias pelas almas do purgat\u00f3rio. Pois, para todas essas almas \u00e9 necess\u00e1ria a ora\u00e7\u00e3o e a gra\u00e7a, para chegarem a Deus e ao seu amor infinito. Com isso, tamb\u00e9m n\u00f3s, filhos queridos de Deus e da Virgem Maria, receberemos novos intercessores, que nos ajudar\u00e3o a compreender que as coisas da Terra n\u00e3o s\u00e3o importantes e que s\u00f3 o Reino dos C\u00e9us \u00e9 a meta para a qual devemos nos encaminhar com todas as nossas for\u00e7as. Por isso, rezemos sem cessar, a fim de ajudar a n\u00f3s mesmos e tamb\u00e9m aos outros, especialmente as almas benditas do purgat\u00f3rio, para os quais as ora\u00e7\u00f5es trar\u00e3o o conforto e a alegria.<\/p>\n<p style=\"text-align: left\"><b>A entrega dos sofrimentos nas m\u00e3os de Nossa Senhora<\/b><\/p>\n<p style=\"text-align: left\">Nos momentos dif\u00edceis, a coisa mais importante a fazer \u00e9 unir os nossos sofrimentos aos de Jesus Cristo e deposit\u00e1-los nas m\u00e3os de sua M\u00e3e Sant\u00edssima, a Virgem Maria. Pois, certamente ela saber\u00e1 como utilizar melhor do que n\u00f3s os valores de nossos sofrimentos.<\/p>\n<p style=\"text-align: left\">N\u00f3s mesmos n\u00e3o conhecemos as necessidades mais urgentes para n\u00f3s e para o pr\u00f3ximo. Mas, Nossa Senhora sabe quais s\u00e3o essas necessidades e, por isso, saber\u00e1 utilizar do valor de nossos sofrimentos para aquelas almas mais necessitadas. Al\u00e9m disso, por tudo o que fizermos pelas almas do purgat\u00f3rio, a Virgem Maria, nossa M\u00e3e Sant\u00edssima, saber\u00e1 nos recompensar nas nossas maiores necessidades, principalmente na hora da nossa morte.<\/p>\n<p style=\"text-align: left\"><b>A ora\u00e7\u00e3o do Santo Ros\u00e1rio pelas almas do purgat\u00f3rio<\/b><\/p>\n<p style=\"text-align: left\">Uma ajuda muito importante que podemos prestar \u00e0s almas do purgat\u00f3rio \u00e9 a r\u00e9cita do Santo Ros\u00e1rio na inten\u00e7\u00e3o dessas almas benditas. Por meio do Ros\u00e1rio, podemos crer que numerosas almas s\u00e3o libertadas das terr\u00edveis penas do purgat\u00f3rio.<\/p>\n<p style=\"text-align: left\">Para termos uma no\u00e7\u00e3o do sofrimento das almas do purgat\u00f3rio, vejamos o que Santo Tom\u00e1s de Aquino, o Doutor Ang\u00e9lico, diz a respeito: \u201ca menor pena do Purgat\u00f3rio exceder\u00e1 a maior pena desta vida\u201d<a href=\"#_ftn3\" name=\"_ftnref3\"><span style=\"font-family: Calibri, sans-serif\">[3]<\/span><\/a>. Nesse mesmo sentido, Santo Agostinho tamb\u00e9m nos ensina: \u201caquele fogo (do purgat\u00f3rio) ser\u00e1 mais violento do que qualquer coisa que possa padecer o homem nesta vida\u201d<a href=\"#_ftn4\" name=\"_ftnref4\"><span style=\"font-family: Calibri, sans-serif\">[4]<\/span><\/a>.<\/p>\n<p><strong>Assista ou ou\u00e7a ao programa&nbsp;do Padre Paulo Ricardo sobre \u201c<a href=\"https:\/\/padrepauloricardo.org\/episodios\/por-que-as-pessoas-nao-estao-mais-rezando-pelas-almas-do-purgatorio\" target=\"_blank\" rel=\"noopener\">Por que as pessoas n\u00e3o est\u00e3o mais rezando pelas almas do Purgat\u00f3rio?<\/a>\u201d:<\/strong><\/p>\n<iframe loading=\"lazy\" width=\"640\" height=\"360\" src=\"https:\/\/www.youtube-nocookie.com\/embed\/_31VyqU6Kkg?rel=0&amp;showinfo=0\" frameborder=\"0\" allowfullscreen><\/iframe>\n<iframe loading=\"lazy\" width=\"100%\" height=\"166\" scrolling=\"no\" frameborder=\"no\" src=\"https:\/\/w.soundcloud.com\/player\/?url=https%3A\/\/api.soundcloud.com\/tracks\/137246440&amp;color=%23ff5500&amp;auto_play=false&amp;hide_related=false&amp;show_comments=true&amp;show_user=true&amp;show_reposts=false&amp;show_teaser=true\"><\/iframe>\n<p><strong>As indulg\u00eancias em sufr\u00e1gio das almas do purgat\u00f3rio<\/strong><\/p>\n<p>H\u00e1 v\u00e1rias ora\u00e7\u00f5es, algumas que muitos de n\u00f3s rezamos todos os dias, a Nossa Senhora que s\u00e3o enriquecidas com indulg\u00eancias, como o Ter\u00e7o ou Ros\u00e1rio e o Of\u00edcio da Imaculada Concei\u00e7\u00e3o.<\/p>\n<p>Indulg\u00eancia \u00e9 a remiss\u00e3o, diante de Deus, da pena temporal \u2013 devida pelos pecados j\u00e1 perdoados quanto \u00e0 culpa no sacramento da Confiss\u00e3o \u2013 que devidamente dispostos e em certas e determinadas condi\u00e7\u00f5es, alcan\u00e7amos por meio da Santa Igreja Cat\u00f3lica. Enquanto dispensadora da reden\u00e7\u00e3o, a Igreja distribui e aplica, com sua autoridade, o tesouro das satisfa\u00e7\u00f5es e dos m\u00e9ritos de Jesus Cristo e dos Santos.<\/p>\n<p>A indulg\u00eancia concedida em uma ora\u00e7\u00e3o pode ser parcial ou plen\u00e1ria, conforme nos livra, parcial ou plenamente, da pena devida pelos nossos pecados. Essas indulg\u00eancias, parciais ou plen\u00e1rias, podem ser sempre aplicadas, por modo de sufr\u00e1gio, especialmente \u00e0s almas do purgat\u00f3rio.<\/p>\n<p>As indulg\u00eancias s\u00e3o de suma import\u00e2ncia para a remiss\u00e3o das penas devidas pelos pecados cometidos. Podemos aplic\u00e1-las a n\u00f3s mesmos e tamb\u00e9m \u00e0quelas pessoas que partiram desta vida, pelas quais podemos e devemos rezar e aplicar as indulg\u00eancias. Pois, as almas do purgat\u00f3rio n\u00e3o podem mais alcan\u00e7ar,&nbsp;por si mesmas, a remiss\u00e3o das penas devidas pelos seus pecados.<\/p>\n<p style=\"text-align: left\"><b>Ora\u00e7\u00e3o de Santo Afonso pelas almas do purgat\u00f3rio<\/b><\/p>\n<blockquote>\n<p style=\"text-align: left\">Meu amabil\u00edssimo Jesus, \u201cDeus Criador e Redentor de todos os fi\u00e9is, concedei \u00e0s almas dos vossos servos e servas a remiss\u00e3o de todos os seus pecados, para conseguirem com pias s\u00faplicas a indulg\u00eancia, que sempre desejaram. \u2014 \u00d3 Senhor, dai-lhes o descanso eterno e a luz perp\u00e9tua lhes resplande\u00e7a\u201d<a href=\"#_ftn5\" name=\"_ftnref5\"><span style=\"font-family: Calibri, sans-serif\">[5]<\/span><\/a>. \u2014 Pe\u00e7o-vos tamb\u00e9m esta gra\u00e7a, \u00f3 Maria, grande M\u00e3e de Deus e M\u00e3e daquelas almas que padecem tanto. \u2014 Almas benditas, roguei por v\u00f3s e sempre por v\u00f3s rogarei; mas j\u00e1 que sois t\u00e3o queridas por Deus e estais certas de que n\u00e3o o podeis mais perder, rogai por mim, miser\u00e1vel, que estou ainda em perigo de me condenar e de perder a Deus para sempre<a href=\"#_ftn6\" name=\"_ftnref6\"><span style=\"font-family: Calibri, sans-serif\">[6]<\/span><\/a>.<\/p>\n<\/blockquote>\n<p class=\"western\"><strong>Links relacionados:<\/strong><\/p>\n<p class=\"western\">PADRE PAULO RICARDO. <a href=\"https:\/\/padrepauloricardo.org\/episodios\/indulgencias\" target=\"_blank\" rel=\"noopener\">Indulg\u00eancias<\/a>.&nbsp;<br \/>\nTODO DE MARIA.&nbsp;<a href=\"https:\/\/blog.cancaonova.com\/tododemaria\/nossa-senhora-das-gracas-e-a-medalha-milagrosa\/\" target=\"_blank\" rel=\"noopener\">Nossa Senhora das Gra\u00e7as e a Medalha Milagrosa<\/a>.<br \/>\nTODO DE MARIA.&nbsp;<a href=\"https:\/\/blog.cancaonova.com\/tododemaria\/nossa-senhora-das-gracas-e-o-comunismo\/\" target=\"_blank\" rel=\"noopener\">Nossa Senhora das Gra\u00e7as e o Comunismo<\/a><br \/>\nTODO DE MARIA.&nbsp;<a href=\"https:\/\/blog.cancaonova.com\/tododemaria\/oracoes-a-nossa-senhora-com-indulgencias\/\" target=\"_blank\" rel=\"noopener\">Ora\u00e7\u00f5es a Nossa Senhora com indulg\u00eancias<\/a><\/p>\n<p class=\"western\"><strong>Refer\u00eancias:<\/strong><\/p>\n<hr align=\"left\" size=\"1\" width=\"250\"\/>\n<div id=\"ftn1\" dir=\"ltr\" style=\"text-align: left\">\n<p><a href=\"#_ftnref1\" name=\"_ftn1\">[1]<\/a>&nbsp; ARAUTOS. <a href=\"http:\/\/www.arautos.org\/secoes\/artigos\/especiais\/nossa-senhora-das-gracas-e-a-medalha-milagrosa-144232\">Nossa Senhora das Gra\u00e7as e a Medalha Milagrosa<\/a>.<br \/>\n<a href=\"#_ftnref2\" name=\"_ftn2\">[2]<\/a>&nbsp; <i>Idem.<br \/>\n<\/i><a href=\"#_ftnref3\" name=\"_ftn3\">[3]<\/a>&nbsp; S\u00c3O TOM\u00c1S DE AQUINO. Super Sent. L.IV, ap.I, a.3.<br \/>\n<a href=\"#_ftnref4\" name=\"_ftn4\">[4]<\/a> &nbsp;SANTO AGOSTINHO. <i>De cura pro mortuis gerenda<\/i>, XVIII, 22. <span lang=\"en-US\"><i>In<\/i><\/span> <span lang=\"en-US\">Obras. Madrid: BAC, 1995, v.XL, p. 473-474.<br \/>\n<\/span><a href=\"#_ftnref5\" name=\"_ftn5\">[5]<\/a>&nbsp; <i>Or. festi.<br \/>\n<\/i><a href=\"#_ftnref6\" name=\"_ftn6\">[6]<\/a>&nbsp; SANTO AFONSO MARIA DE LIG\u00d3RIO. <a href=\"http:\/\/alexandriacatolica.blogspot.com.br\/2011\/03\/fonte-meditacoes-para-todos-os-dias-e.html\" target=\"_blank\" rel=\"noopener\">Medita\u00e7\u00f5es para todos os dias e festas do ano<\/a>: Tomo III, p. 389-390.<\/p>\n<\/div>\n","protected":false},"excerpt":{"rendered":"<p>Neste m\u00eas, no qual celebramos Nossa Senhora das Gra\u00e7as, rezemos pelas almas do purgat\u00f3rio, que tanto necessitam das gra\u00e7as divinas. \u00c9 significativo que em novembro celebremos a festa de Nossa Senhora das Gra\u00e7as e este m\u00eas seja dedicado \u00e0 ora\u00e7\u00e3o&#8230;<\/p>\n","protected":false},"author":4539,"featured_media":0,"comment_status":"open","ping_status":"open","sticky":false,"template":"","format":"standard","meta":{"_mi_skip_tracking":false,"_monsterinsights_sitenote_active":false,"_monsterinsights_sitenote_note":"","_monsterinsights_sitenote_category":0,"footnotes":""},"categories":[185271,14931],"tags":[],"_links":{"self":[{"href":"https:\/\/blog.cancaonova.com\/tododemaria\/wp-json\/wp\/v2\/posts\/7991"}],"collection":[{"href":"https:\/\/blog.cancaonova.com\/tododemaria\/wp-json\/wp\/v2\/posts"}],"about":[{"href":"https:\/\/blog.cancaonova.com\/tododemaria\/wp-json\/wp\/v2\/types\/post"}],"author":[{"embeddable":true,"href":"https:\/\/blog.cancaonova.com\/tododemaria\/wp-json\/wp\/v2\/users\/4539"}],"replies":[{"embeddable":true,"href":"https:\/\/blog.cancaonova.com\/tododemaria\/wp-json\/wp\/v2\/comments?post=7991"}],"version-history":[{"count":12,"href":"https:\/\/blog.cancaonova.com\/tododemaria\/wp-json\/wp\/v2\/posts\/7991\/revisions"}],"predecessor-version":[{"id":8021,"href":"https:\/\/blog.cancaonova.com\/tododemaria\/wp-json\/wp\/v2\/posts\/7991\/revisions\/8021"}],"wp:attachment":[{"href":"https:\/\/blog.cancaonova.com\/tododemaria\/wp-json\/wp\/v2\/media?parent=7991"}],"wp:term":[{"taxonomy":"category","embeddable":true,"href":"https:\/\/blog.cancaonova.com\/tododemaria\/wp-json\/wp\/v2\/categories?post=7991"},{"taxonomy":"post_tag","embeddable":true,"href":"https:\/\/blog.cancaonova.com\/tododemaria\/wp-json\/wp\/v2\/tags?post=7991"}],"curies":[{"name":"wp","href":"https:\/\/api.w.org\/{rel}","templated":true}]}}