{"id":8112,"date":"2017-12-23T21:16:01","date_gmt":"2017-12-23T23:16:01","guid":{"rendered":"http:\/\/blog.cancaonova.com\/tododemaria\/?p=8112"},"modified":"2017-12-23T23:17:26","modified_gmt":"2017-12-24T01:17:26","slug":"maria-e-jose-no-misterio-do-natal-de-jesus","status":"publish","type":"post","link":"https:\/\/blog.cancaonova.com\/tododemaria\/maria-e-jose-no-misterio-do-natal-de-jesus\/","title":{"rendered":"Maria e Jos\u00e9 no mist\u00e9rio do Natal de Jesus"},"content":{"rendered":"<p style=\"text-align: left\"><b>Meditemos sobre a import\u00e2ncia da Virgem Maria e de S\u00e3o Jos\u00e9 no mist\u00e9rio da salva\u00e7\u00e3o, especialmente no Natal de Jesus Cristo. <\/b><\/p>\n<p style=\"text-align: left\">No mist\u00e9rio do Natal de nosso Senhor Jesus Cristo, bem como no mist\u00e9rio da salva\u00e7\u00e3o como um todo, a Virgem Maria e S\u00e3o Jos\u00e9 t\u00eam particular import\u00e2ncia. Tanto que, no pres\u00e9pio, outros personagens podem ficar de fora, mas Jesus, Maria e Jos\u00e9 n\u00e3o podem faltar. Este fato nos ajuda a compreender o mist\u00e9rio da Sagrada Fam\u00edlia no des\u00edgnio divino da salva\u00e7\u00e3o.<\/p>\n<div id=\"attachment_8114\" style=\"width: 610px\" class=\"wp-caption aligncenter\"><a href=\"http:\/\/blog.cancaonova.com\/tododemaria\/files\/2017\/12\/maria-e-jose-no-misterio-do-natal-de-jesus.jpg\"><img loading=\"lazy\" decoding=\"async\" aria-describedby=\"caption-attachment-8114\" class=\"size-full wp-image-8114\" src=\"http:\/\/blog.cancaonova.com\/tododemaria\/files\/2017\/12\/maria-e-jose-no-misterio-do-natal-de-jesus.jpg\" alt=\"Meditemos sobre a import\u00e2ncia da Virgem Maria e de S\u00e3o Jos\u00e9 no mist\u00e9rio da salva\u00e7\u00e3o, especialmente no Natal de Jesus Cristo.\" width=\"600\" height=\"330\" srcset=\"https:\/\/blog.cancaonova.com\/tododemaria\/files\/2017\/12\/maria-e-jose-no-misterio-do-natal-de-jesus.jpg 600w, https:\/\/blog.cancaonova.com\/tododemaria\/files\/2017\/12\/maria-e-jose-no-misterio-do-natal-de-jesus-300x165.jpg 300w\" sizes=\"(max-width: 600px) 100vw, 600px\" \/><\/a><p id=\"caption-attachment-8114\" class=\"wp-caption-text\">A Sagrada Fam\u00edlia: Jesus, Maria e Jos\u00e9.<\/p><\/div>\n<p style=\"text-align: left\">Jesus Cristo \u00e9 o Salvador da humanidade, \u00e9 a Chave de Davi, que veio ao mundo para nos libertar dos grilh\u00f5es da escravid\u00e3o do pecado. No entanto, Ele n\u00e3o quis realizar a salva\u00e7\u00e3o da humanidade sem a participa\u00e7\u00e3o algumas almas escolhidas. Nesse sentido, as coopera\u00e7\u00f5es especial\u00edssimas de Nossa Senhora e S\u00e3o Jos\u00e9 s\u00e3o indispens\u00e1veis no mist\u00e9rio da salva\u00e7\u00e3o.<!--more Continue lendo...--><\/p>\n<p style=\"text-align: center\"><strong><a href=\"http:\/\/feedburner.google.com\/fb\/a\/mailverify?uri=TodoDeMaria\" target=\"_blank\" rel=\"noopener\">Receba o conte\u00fado deste blog gratuitamente em seu e-mail.<\/a><\/strong><\/p>\n<p style=\"text-align: left\"><b>A import\u00e2ncia da Virgem Maria no mist\u00e9rio da salva\u00e7\u00e3o<\/b><\/p>\n<p style=\"text-align: left\">N\u00f3s estamos na prepara\u00e7\u00e3o pr\u00f3xima para o santo Natal de nosso Senhor Jesus Cristo. E exatamente nessa prepara\u00e7\u00e3o para o Natal de Jesus o olhar da Igreja se volta para a Virgem Maria. Se a primeira parte de Advento \u00e9 marcada pela figura de Jo\u00e3o Batista, a segunda parte \u00e9 marcada com a da Virgem Maria. Eles s\u00e3o os dois precursores, que prepararam imediatamente a vinda de Jesus. E em que a Virgem Maria pode preparar o nascimento de nosso Deus em nossos cora\u00e7\u00f5es?<\/p>\n<p style=\"text-align: left\">Em primeir\u00edssimo lugar, \u00e9 necess\u00e1rio reconhecer que Deus confiou a ela uma fun\u00e7\u00e3o salvadora. \u00c9 importante que n\u00f3s cat\u00f3licos n\u00e3o tenhamos medo de dizer isso. O Salvador \u00e9 Jesus, mas Maria tem uma fun\u00e7\u00e3o salvadora. Por isso, a Tradi\u00e7\u00e3o chama a Virgem Sant\u00edssima de corredentora, no sentido de que a reden\u00e7\u00e3o vem totalmente de Jesus, mas a totalidade dessa reden\u00e7\u00e3o de Jesus vem por Maria.<\/p>\n<p style=\"text-align: left\">Deus, ao entrar neste mundo, pediu o consentimento, a colabora\u00e7\u00e3o, de uma criatura humana: a Virgem Maria. Assim como a maldade, a morte, o dem\u00f4nio, o poder das trevas entraram neste mundo atrav\u00e9s de consentimento de uma mulher, que foi Eva, a Salva\u00e7\u00e3o, que \u00e9 o pr\u00f3prio Deus, e a remiss\u00e3o dos pecados, entraram no mundo atrav\u00e9s do consentimento de uma Mulher, a Virgem Maria. Isto significa que Nossa Senhora exerce esta fun\u00e7\u00e3o salvadora ainda hoje nas nossas vidas. Por isso, voltemos o olhar para a Virgem Maria, pe\u00e7amos a ela que realize a entrada de Jesus em nossas vidas, que atrav\u00e9s do consentimento dela, da sua a\u00e7\u00e3o, da sua intercess\u00e3o, aconte\u00e7a a salva\u00e7\u00e3o em nossas casas, em nossas fam\u00edlias, em nossas vidas.<\/p>\n<p style=\"text-align: left\"><b>A import\u00e2ncia de S\u00e3o Jos\u00e9 no mist\u00e9rio da salva\u00e7\u00e3o<\/b><\/p>\n<p style=\"text-align: left\">Outra figura importante, \u00e0s vezes esquecida, que tamb\u00e9m marca esses dias de expecta\u00e7\u00e3o do parto de nosso divino Salvador \u00e9 a figura de S\u00e3o Jos\u00e9, porque ele tamb\u00e9m tem uma fun\u00e7\u00e3o salvadora. A fun\u00e7\u00e3o de Jos\u00e9 \u00e9 ser guardi\u00e3o, ser aquele que d\u00e1 seguran\u00e7a a Sagrada Fam\u00edlia. Por isso, ele tamb\u00e9m est\u00e1 presente para guardar o tesouro precioso que \u00e9 o estado de gra\u00e7a, a presen\u00e7a de Jesus em nossos cora\u00e7\u00f5es.<\/p>\n<p style=\"text-align: left\">Ent\u00e3o, n\u00f3s temos o pres\u00e9pio essencial: Maria, Jos\u00e9 e Jesus. Essas tr\u00eas figuras n\u00e3o podem faltar no pres\u00e9pio. Podem faltar: a vaca, o jumentinho, os pastores, a estrela e o anjo, os reis magos, mas Jesus, Maria e Jos\u00e9 n\u00e3o podem faltar, sen\u00e3o o pres\u00e9pio estar\u00e1 incompleto.<\/p>\n<p style=\"text-align: left\">Nesses dias que antecedem o Natal, nosso olhar se volta para essas tr\u00eas pessoas: Jesus, Maria e Jos\u00e9, para a Sagrada Fam\u00edlia de Nazar\u00e9, que t\u00eam uma fun\u00e7\u00e3o salvadora. Cristo \u00e9 o Salvador, mas \u00e9 atrav\u00e9s de Maria que Ele entra no mundo e, uma vez que Ele entra em nossas vidas, S\u00e3o Jos\u00e9 deve guardar essa presen\u00e7a do Cristo, como defensor contra os ataques no inimigo. Sendo assim, essas tr\u00eas pessoas t\u00eam uma fun\u00e7\u00e3o importante em nossa vida espiritual.<\/p>\n<p><strong>Assista ou ou\u00e7a ao programa do Padre Paulo Ricardo sobre \u201c<a title=\"Miss\u00e3o \u00e0s avessas\" href=\"https:\/\/padrepauloricardo.org\/episodios\/o-amor-de-maria-ao-menino-jesus\" target=\"_blank\" rel=\"noopener\">O amor de Maria ao Menino Jesus<\/a>\u201d:<\/strong><\/p>\n<iframe loading=\"lazy\" width=\"640\" height=\"360\" src=\"https:\/\/www.youtube-nocookie.com\/embed\/b6hTjwGl5-0?rel=0&amp;showinfo=0\" frameborder=\"0\" gesture=\"media\" allow=\"encrypted-media\" allowfullscreen><\/iframe>\n<iframe loading=\"lazy\" width=\"100%\" height=\"166\" scrolling=\"no\" frameborder=\"no\" src=\"https:\/\/w.soundcloud.com\/player\/?url=https%3A\/\/api.soundcloud.com\/tracks\/373197668&amp;color=ff5500\"><\/iframe>\n<p style=\"text-align: left\"><b>O Natal de Jesus e o mist\u00e9rio da liberta\u00e7\u00e3o do pecado<\/b><\/p>\n<p style=\"text-align: left\">Na \u201cAnt\u00edfona do \u00d3\u201d do dia 20 de dezembro, Jesus \u00e9 chamado de \u201cChave de Davi\u201d, <i>Clavis David<\/i> em latim:<\/p>\n<blockquote>\n<p style=\"text-align: left\">\u00d3 Chave de Davi,<br \/>\no cetro da casa de Israel,<br \/>\nque abris e ningu\u00e9m fecha;<br \/>\nfechais e ningu\u00e9m abre:<br \/>\nVinde e libertai da pris\u00e3o o cativo<br \/>\nassentado nas trevas e \u00e0 sombra da morte.<\/p>\n<\/blockquote>\n<p style=\"text-align: left\">A ideia que est\u00e1 por tr\u00e1s desse t\u00edtulo de Jesus: \u201cChave de Davi\u201d, \u00e9 que Ele, de fato, vem para abrir os cadeados, os grilh\u00f5es, as pris\u00f5es nas quais nos encontramos por causa de nosso pecado. Ele abre e ningu\u00e9m fecha; Ele fecha e ningu\u00e9m abre e, exatamente porque Jesus tem esse poder de abrir e de fechar, n\u00f3s clamamos: \u201cVinde e libertai da pris\u00e3o o cativo assentado nas trevas e \u00e0 sombra da morte\u201d. Ent\u00e3o, que isso aconte\u00e7a.<\/p>\n<p style=\"text-align: left\">O Natal n\u00e3o \u00e9 o anivers\u00e1rio de Jesus, mas \u00e9 o mist\u00e9rio de nossa liberta\u00e7\u00e3o. \u00c9 claro que Jesus nasceu no Natal e podemos dizer: \u201cParab\u00e9ns pra voc\u00ea, nesta data querida&#8230;\u201d. Mas, dizer que o Natal \u00e9 o anivers\u00e1rio de Jesus \u00e9 esvaziar esse mist\u00e9rio profundo.<\/p>\n<p style=\"text-align: left\">No Natal, comemoramos n\u00e3o somente o nascimento de Jesus, mas tamb\u00e9m a entrada da Salva\u00e7\u00e3o neste mundo, o mist\u00e9rio de Deus que veio habitar conosco, o mist\u00e9rio do Libertador, que vem para, como diz a Ant\u00edfona, abrir os grilh\u00f5es, para nos libertar da escravid\u00e3o do dem\u00f4nio. Todo ser humano nasce escravo de Satan\u00e1s e somos arrancados dessa escravid\u00e3o pelo Batismo, Mas, reca\u00edmos nessa escravid\u00e3o quando cometemos um pecado mortal. Por isso, devemos recordar que, para uma santa e frutuosa prepara\u00e7\u00e3o para o Natal, n\u00f3s devemos estar em estado de gra\u00e7a. Assim, aquelas pessoas que est\u00e3o h\u00e1 muito tempo sem confessar, sem receber a gra\u00e7a desta Chave que abre, que liberta, devem procurar o sacramento da Confiss\u00e3o, para que possamos celebrar bem o mist\u00e9rio do santo Natal.<\/p>\n<p><strong>Fonte:<\/strong> PADRE PAULO RICARDO.&nbsp;<a href=\"https:\/\/www.mixcloud.com\/tododemaria\/a-virgem-maria-e-s\u00e3o-jos\u00e9-no-natal-de-jesus-cristo\/\" target=\"_blank\" rel=\"noopener\">A Virgem Maria e S\u00e3o Jos\u00e9 no Natal de Jesus Cristo<\/a>.<\/p>\n<p><strong>Links relacionados:<\/strong><\/p>\n<p>PADRE PAULO RICARDO.&nbsp;<a href=\"https:\/\/padrepauloricardo.org\/episodios\/o-glorioso-sao-jose\" target=\"_blank\" rel=\"noopener\">O glorioso S\u00e3o Jos\u00e9<\/a>.<br \/>\nTODO DE MARIA.&nbsp;<a href=\"https:\/\/blog.cancaonova.com\/tododemaria\/nossa-senhora-de-guadalupe-e-a-segunda-vinda-cristo\/\" target=\"_blank\" rel=\"noopener\">Nossa Senhora de Guadalupe e a segunda vinda Cristo<\/a>.<br \/>\nTODO DE MARIA.&nbsp;<a href=\"https:\/\/blog.cancaonova.com\/tododemaria\/o-melhor-presente-de-natal-para-jesus-cristo\/\" target=\"_blank\" rel=\"noopener\">O melhor presente de Natal para Jesus Cristo<\/a>.<br \/>\nTODO DE MARIA.&nbsp;<a href=\"https:\/\/blog.cancaonova.com\/tododemaria\/o-natal-e-o-amor-a-jesus-cristo\/\" target=\"_blank\" rel=\"noopener\">O Natal e o amor a Jesus Cristo<\/a>.<\/p>\n","protected":false},"excerpt":{"rendered":"<p>Meditemos sobre a import\u00e2ncia da Virgem Maria e de S\u00e3o Jos\u00e9 no mist\u00e9rio da salva\u00e7\u00e3o, especialmente no Natal de Jesus Cristo. No mist\u00e9rio do Natal de nosso Senhor Jesus Cristo, bem como no mist\u00e9rio da salva\u00e7\u00e3o como um todo, a&#8230;<\/p>\n","protected":false},"author":4539,"featured_media":0,"comment_status":"open","ping_status":"open","sticky":false,"template":"","format":"standard","meta":{"_mi_skip_tracking":false,"_monsterinsights_sitenote_active":false,"_monsterinsights_sitenote_note":"","_monsterinsights_sitenote_category":0,"footnotes":""},"categories":[14931],"tags":[],"_links":{"self":[{"href":"https:\/\/blog.cancaonova.com\/tododemaria\/wp-json\/wp\/v2\/posts\/8112"}],"collection":[{"href":"https:\/\/blog.cancaonova.com\/tododemaria\/wp-json\/wp\/v2\/posts"}],"about":[{"href":"https:\/\/blog.cancaonova.com\/tododemaria\/wp-json\/wp\/v2\/types\/post"}],"author":[{"embeddable":true,"href":"https:\/\/blog.cancaonova.com\/tododemaria\/wp-json\/wp\/v2\/users\/4539"}],"replies":[{"embeddable":true,"href":"https:\/\/blog.cancaonova.com\/tododemaria\/wp-json\/wp\/v2\/comments?post=8112"}],"version-history":[{"count":6,"href":"https:\/\/blog.cancaonova.com\/tododemaria\/wp-json\/wp\/v2\/posts\/8112\/revisions"}],"predecessor-version":[{"id":8119,"href":"https:\/\/blog.cancaonova.com\/tododemaria\/wp-json\/wp\/v2\/posts\/8112\/revisions\/8119"}],"wp:attachment":[{"href":"https:\/\/blog.cancaonova.com\/tododemaria\/wp-json\/wp\/v2\/media?parent=8112"}],"wp:term":[{"taxonomy":"category","embeddable":true,"href":"https:\/\/blog.cancaonova.com\/tododemaria\/wp-json\/wp\/v2\/categories?post=8112"},{"taxonomy":"post_tag","embeddable":true,"href":"https:\/\/blog.cancaonova.com\/tododemaria\/wp-json\/wp\/v2\/tags?post=8112"}],"curies":[{"name":"wp","href":"https:\/\/api.w.org\/{rel}","templated":true}]}}