{"id":8251,"date":"2018-02-02T03:00:49","date_gmt":"2018-02-02T05:00:49","guid":{"rendered":"http:\/\/blog.cancaonova.com\/tododemaria\/?p=8251"},"modified":"2018-02-27T22:11:14","modified_gmt":"2018-02-28T01:11:14","slug":"como-meditar-com-maria-nos-primeiros-sabados","status":"publish","type":"post","link":"https:\/\/blog.cancaonova.com\/tododemaria\/como-meditar-com-maria-nos-primeiros-sabados\/","title":{"rendered":"Como meditar com Maria nos primeiros s\u00e1bados?"},"content":{"rendered":"<p style=\"text-align: left\"><b>Aprendamos a meditar na devo\u00e7\u00e3o reparadora dos cinco primeiros s\u00e1bados em repara\u00e7\u00e3o ao Imaculado Cora\u00e7\u00e3o de Maria.<\/b><\/p>\n<p style=\"text-align: left\">Uma das pr\u00e1ticas da devo\u00e7\u00e3o dos cinco primeiros s\u00e1bados \u2013 em repara\u00e7\u00e3o das ofensas cometidas contra o Imaculado Cora\u00e7\u00e3o da Sant\u00edssima Virgem Maria \u2013 \u00e9 a medita\u00e7\u00e3o dos mist\u00e9rios do Santo Ros\u00e1rio. No dia 10 de dezembro de 1925, em Pontevedra, na Espanha, Nossa Senhora revelou \u00e0 Irm\u00e3 L\u00facia a devo\u00e7\u00e3o reparadora dos cinco primeiros s\u00e1bados:<\/p>\n<div id=\"attachment_8256\" style=\"width: 610px\" class=\"wp-caption aligncenter\"><a href=\"http:\/\/blog.cancaonova.com\/tododemaria\/files\/2018\/02\/como-meditar-com-maria-nos-primeiros-sabados.jpg\"><img loading=\"lazy\" decoding=\"async\" aria-describedby=\"caption-attachment-8256\" class=\"size-full wp-image-8256\" src=\"http:\/\/blog.cancaonova.com\/tododemaria\/files\/2018\/02\/como-meditar-com-maria-nos-primeiros-sabados.jpg\" alt=\"Aprendamos a meditar na devo\u00e7\u00e3o reparadora dos cinco primeiros s\u00e1bados em repara\u00e7\u00e3o ao Imaculado Cora\u00e7\u00e3o de Maria.\" width=\"600\" height=\"330\" srcset=\"https:\/\/blog.cancaonova.com\/tododemaria\/files\/2018\/02\/como-meditar-com-maria-nos-primeiros-sabados.jpg 600w, https:\/\/blog.cancaonova.com\/tododemaria\/files\/2018\/02\/como-meditar-com-maria-nos-primeiros-sabados-300x165.jpg 300w\" sizes=\"(max-width: 600px) 100vw, 600px\" \/><\/a><p id=\"caption-attachment-8256\" class=\"wp-caption-text\">A Apresenta\u00e7\u00e3o do Menino Jesus no Templo.<\/p><\/div>\n<blockquote>\n<p style=\"text-align: left\">Olha, minha filha, o Meu Cora\u00e7\u00e3o cercado de espinhos que os homens ingratos a todos os momentos Me cravam, com blasf\u00eamias e ingratid\u00f5es. Tu, ao menos, v\u00ea de Me consolar e diz que todos aqueles que durante 5 meses, ao 1.\u00b0 s\u00e1bado, se confessarem, recebendo a Sagrada Comunh\u00e3o, rezarem um Ter\u00e7o e Me fizerem 15 minutos de companhia, meditando nos 15 mist\u00e9rios do Ros\u00e1rio, com o fim de Me desagravar, Eu prometo assistir-lhes, na hora da morte, com todas as gra\u00e7as necess\u00e1rias para a salva\u00e7\u00e3o dessas almas<a href=\"#_ftn1\" name=\"_ftnref1\"><span style=\"font-family: Calibri, sans-serif\">[1]<\/span><\/a>.<!--more Continue lendo...--><\/p>\n<\/blockquote>\n<p style=\"text-align: center\"><strong><a href=\"http:\/\/feedburner.google.com\/fb\/a\/mailverify?uri=TodoDeMaria\" target=\"_blank\" rel=\"noopener\">Inscreva-se e receba o conte\u00fado deste blog gratuitamente em seu e-mail.<\/a><\/strong><\/p>\n<p style=\"text-align: left\"><b>O que \u00e9 a medita\u00e7\u00e3o dos mist\u00e9rios do Ros\u00e1rio?<\/b><\/p>\n<p style=\"text-align: left\">A medita\u00e7\u00e3o \u00e9 a aplica\u00e7\u00e3o racional da nossa intelig\u00eancia a uma verdade de f\u00e9, com a finalidade de nos convencermos dela e de nos mover a amar e a praticar essa verdade com a ajuda da gra\u00e7a.<\/p>\n<p style=\"text-align: left\">A medita\u00e7\u00e3o dos mist\u00e9rios do Ros\u00e1rio consiste na aplica\u00e7\u00e3o da nossa mente sobre as verdades reveladas nos mist\u00e9rios gozosos, luminosos, dolorosos e gloriosos. (A medita\u00e7\u00e3o dos mist\u00e9rios luminosos \u00e9 facultativa, como explicitou o Papa S\u00e3o Jo\u00e3o Paulo II em sua Carta Apost\u00f3lica <i>Rosarium Virginis Mariae<\/i>)<a href=\"#_ftn2\" name=\"_ftnref2\"><span style=\"font-family: Calibri, sans-serif\">[2]<\/span><\/a>. Trata-se de abrirmos a nossa mente e o nosso cora\u00e7\u00e3o para os mist\u00e9rios de Jesus Cristo, Filho de Deus encarnado. Devemos pensar, ruminar, refletir sobre as verdades f\u00e9 que est\u00e3o presentes no Ros\u00e1rio e que nos foram reveladas pela Tradi\u00e7\u00e3o da Igreja e palas Sagradas Escrituras.<\/p>\n<p style=\"text-align: left\"><b>Como meditar por 15 minutos os mist\u00e9rios do Ros\u00e1rio? <\/b><\/p>\n<p style=\"text-align: left\">Nossa Senhora pediu que fiz\u00e9ssemos companhia a ela durante, pelo menos, 15 minutos, meditando sobre os 15 mist\u00e9rios do Ros\u00e1rio, na inten\u00e7\u00e3o da repara\u00e7\u00e3o ao seu Imaculado Cora\u00e7\u00e3o. Devemos sempre recordar de tr\u00eas condi\u00e7\u00f5es importantes pra a validade da devo\u00e7\u00e3o:<\/p>\n<p style=\"text-align: left\">1. A medita\u00e7\u00e3o deve ser feita na companhia da Virgem Maria, ou seja, devemos ter nossa M\u00e3e Sant\u00edssima em nossa mente e em nosso cora\u00e7\u00e3o, para que, pela f\u00e9, ela esteja realmente presente;<\/p>\n<p style=\"text-align: left\">2. A medita\u00e7\u00e3o dos 15 mist\u00e9rios do Ros\u00e1rio deve ser de, pelo menos, 15 minutos;<\/p>\n<p style=\"text-align: left\">3. A medita\u00e7\u00e3o precisa ser feita na inten\u00e7\u00e3o da repara\u00e7\u00e3o das ofensas cometidas contra o Imaculado Cora\u00e7\u00e3o de Maria.<\/p>\n<p style=\"text-align: left\">A medita\u00e7\u00e3o n\u00e3o precisa ser de todos os 15 ou 20 mist\u00e9rios do Ros\u00e1rio. A Sant\u00edssima Virgem disse a Irm\u00e3 L\u00facia que podemos meditar apenas um, dois, tr\u00eas ou mais mist\u00e9rios, conforme a nossa escolha pessoal. Sendo assim, podemos tamb\u00e9m meditar os mist\u00e9rios do Ros\u00e1rio conforme o tempo lit\u00fargico.<\/p>\n<p style=\"text-align: left\">No tempo do Advento, podemos meditar os mist\u00e9rios Gozosos; no tempo da Quaresma, os Mist\u00e9rios Dolorosos; no Tempo Pascal, os Mist\u00e9rios Gloriosos; e no Tempo Comum, podemos meditar aqueles mist\u00e9rios que mais dizem respeito \u00e0s leituras do s\u00e1bado ou do domingo. Podemos tamb\u00e9m meditar sobre um mist\u00e9rio celebrado em data pr\u00f3xima do primeiro s\u00e1bado, como o mist\u00e9rio da <a href=\"https:\/\/blog.cancaonova.com\/tododemaria\/purificacao-de-maria-e-apresentacao-de-jesus\/\" target=\"_blank\" rel=\"noopener\">Apresenta\u00e7\u00e3o do Senhor e da Purifica\u00e7\u00e3o de Maria<\/a>, que comemoramos no dia 2 de fevereiro. Enfim, podemos meditar sobre um mist\u00e9rio que nos ajude a rezar, que nos ajude a meditar sobre a Verdade revelada.<\/p>\n<p style=\"text-align: left\"><b>Podemos usar textos para meditar os mist\u00e9rios do Ros\u00e1rio?<\/b><\/p>\n<p style=\"text-align: left\">A medita\u00e7\u00e3o dos mist\u00e9rios do Ros\u00e1rio pode n\u00e3o ser t\u00e3o f\u00e1cil, principalmente para os principiantes. Mas, independente da etapa de nossa vida espiritual, sempre \u00e9 poss\u00edvel enriquecer a medita\u00e7\u00e3o com textos sobre os mist\u00e9rios do Ros\u00e1rio, especialmente se estes forem escritos pelos santos, pelos doutores da Igreja e pelos grandes te\u00f3logos de todos os tempos.<\/p>\n<p style=\"text-align: left\">Para ajudar na escolha dos textos, citamos alguns exemplos de obras que podem ser usadas para a medita\u00e7\u00e3o dos mist\u00e9rios do Ros\u00e1rio:<\/p>\n<p style=\"text-align: left\">1. Apelos da Mensagem de F\u00e1tima, de Irm\u00e3 L\u00facia de Jesus e do Cora\u00e7\u00e3o Imaculado;<\/p>\n<p style=\"text-align: left\">2. Gl\u00f3rias de Maria, de Santo Afonso Maria de Lig\u00f3rio;<\/p>\n<p style=\"text-align: left\">3. Intimidade Divina: Medita\u00e7\u00f5es sobre a vida interior para todos os dias do ano, de Padre Gabriel de Santa Maria Madalena;<\/p>\n<p style=\"text-align: left\">4. Tratado da Verdadeira Devo\u00e7\u00e3o a Sant\u00edssima Virgem, de S\u00e3o Lu\u00eds Maria Grignion de Montfort.<\/p>\n<p style=\"text-align: left\">Estes e muitos outros livros podem ajudar-nos a meditar sobre os mist\u00e9rios de Jesus Cristo e reparar as ofensas cometidas contra o Imaculado Cora\u00e7\u00e3o da Virgem Maria. Mas, lembramos que o que Nossa Senhora pediu n\u00e3o foi a leitura de textos, mas a medita\u00e7\u00e3o dos mist\u00e9rios em sua companhia. Sendo assim, que essas leituras nos ajudem a meditar sobre as verdades contidas nos mist\u00e9rios do Ros\u00e1rio, na companhia de Jesus Cristo e da Virgem Maria.<\/p>\n<p class=\"western\" align=\"JUSTIFY\"><b>Links relacionados:<\/b><\/p>\n<p class=\"western\" align=\"JUSTIFY\">PADRE PAULO RICARDO.&nbsp;<a href=\"https:\/\/padrepauloricardo.org\/aulas\/como-fazer-a-leitura-meditada\" target=\"_blank\" rel=\"noopener\">Como fazer a leitura meditada?<\/a><br \/>\nTODO DE MARIA.&nbsp;<a href=\"https:\/\/blog.cancaonova.com\/tododemaria\/a-devocao-dos-cinco-primeiros-sabados\/\" target=\"_blank\" rel=\"noopener\">A devo\u00e7\u00e3o dos cinco primeiros s\u00e1bados<\/a>.<br \/>\nTODO DE MARIA.&nbsp;<a href=\"http:\/\/blog.cancaonova.com\/tododemaria\/o-desagravo-ao-imaculado-coracao-de-maria\/\" target=\"_blank\" rel=\"noopener\">O desagravo ao Imaculado Cora\u00e7\u00e3o de Maria<\/a>.<br \/>\nTODO DE MARIA.&nbsp;<a href=\"http:\/\/blog.cancaonova.com\/tododemaria\/o-triunfo-do-imaculado-coracao-de-maria\/\" target=\"_blank\" rel=\"noopener\">O triunfo do Imaculado Cora\u00e7\u00e3o de Maria<\/a>.<\/p>\n<p class=\"western\" align=\"JUSTIFY\"><b>Refer\u00eancias:<\/b><\/p>\n<hr align=\"left\" size=\"1\" width=\"250\"\/>\n<div id=\"ftn1\" dir=\"ltr\" style=\"text-align: left\">\n<p><a href=\"#_ftnref1\" name=\"_ftn1\"><span style=\"font-family: Calibri, sans-serif\">[1]<\/span><\/a> &nbsp;PADRE LU\u00cdS KONDOR. <a href=\"http:\/\/www.pastorinhos.com\/_wp\/wp-content\/uploads\/MemoriasI_pt1.pdf\" target=\"_blank\" rel=\"noopener\">Mem\u00f3rias da Irm\u00e3 L\u00facia<\/a>, p. 192.<br \/>\n<a href=\"#_ftnref2\" name=\"_ftn2\"><span style=\"font-family: Calibri, sans-serif\">[2]<\/span><\/a>&nbsp; PAPA S\u00c3O JO\u00c3O PAULO II. Carta Apost\u00f3lica <i>Rosarium Virginis Mariae<\/i>, 19.<\/p>\n<\/div>\n","protected":false},"excerpt":{"rendered":"<p>Aprendamos a meditar na devo\u00e7\u00e3o reparadora dos cinco primeiros s\u00e1bados em repara\u00e7\u00e3o ao Imaculado Cora\u00e7\u00e3o de Maria. Uma das pr\u00e1ticas da devo\u00e7\u00e3o dos cinco primeiros s\u00e1bados \u2013 em repara\u00e7\u00e3o das ofensas cometidas contra o Imaculado Cora\u00e7\u00e3o da Sant\u00edssima Virgem Maria&#8230;<\/p>\n","protected":false},"author":4539,"featured_media":0,"comment_status":"open","ping_status":"open","sticky":false,"template":"","format":"standard","meta":{"_mi_skip_tracking":false,"_monsterinsights_sitenote_active":false,"_monsterinsights_sitenote_note":"","_monsterinsights_sitenote_category":0,"footnotes":""},"categories":[193780],"tags":[],"_links":{"self":[{"href":"https:\/\/blog.cancaonova.com\/tododemaria\/wp-json\/wp\/v2\/posts\/8251"}],"collection":[{"href":"https:\/\/blog.cancaonova.com\/tododemaria\/wp-json\/wp\/v2\/posts"}],"about":[{"href":"https:\/\/blog.cancaonova.com\/tododemaria\/wp-json\/wp\/v2\/types\/post"}],"author":[{"embeddable":true,"href":"https:\/\/blog.cancaonova.com\/tododemaria\/wp-json\/wp\/v2\/users\/4539"}],"replies":[{"embeddable":true,"href":"https:\/\/blog.cancaonova.com\/tododemaria\/wp-json\/wp\/v2\/comments?post=8251"}],"version-history":[{"count":7,"href":"https:\/\/blog.cancaonova.com\/tododemaria\/wp-json\/wp\/v2\/posts\/8251\/revisions"}],"predecessor-version":[{"id":8341,"href":"https:\/\/blog.cancaonova.com\/tododemaria\/wp-json\/wp\/v2\/posts\/8251\/revisions\/8341"}],"wp:attachment":[{"href":"https:\/\/blog.cancaonova.com\/tododemaria\/wp-json\/wp\/v2\/media?parent=8251"}],"wp:term":[{"taxonomy":"category","embeddable":true,"href":"https:\/\/blog.cancaonova.com\/tododemaria\/wp-json\/wp\/v2\/categories?post=8251"},{"taxonomy":"post_tag","embeddable":true,"href":"https:\/\/blog.cancaonova.com\/tododemaria\/wp-json\/wp\/v2\/tags?post=8251"}],"curies":[{"name":"wp","href":"https:\/\/api.w.org\/{rel}","templated":true}]}}