{"id":8320,"date":"2018-02-23T03:00:42","date_gmt":"2018-02-23T06:00:42","guid":{"rendered":"http:\/\/blog.cancaonova.com\/tododemaria\/?p=8320"},"modified":"2018-02-22T23:15:02","modified_gmt":"2018-02-23T02:15:02","slug":"montfort-e-a-associacao-maria-rainha-dos-coracoes","status":"publish","type":"post","link":"https:\/\/blog.cancaonova.com\/tododemaria\/montfort-e-a-associacao-maria-rainha-dos-coracoes\/","title":{"rendered":"Montfort e a Associa\u00e7\u00e3o Maria Rainha dos Cora\u00e7\u00f5es"},"content":{"rendered":"<p style=\"text-align: left\"><b>A Associa\u00e7\u00e3o Maria Rainha dos Cora\u00e7\u00f5es como confraria desejada por S\u00e3o Lu\u00eds de Montfort para os consagrados a Jesus por Maria.<\/b><\/p>\n<p style=\"text-align: left\">S\u00e3o Lu\u00eds Maria Grignion de Montfort foi o grande inspirador da Associa\u00e7\u00e3o ou Confraria \u201cMaria Rainha dos Cora\u00e7\u00f5es\u201d. Este grande Ap\u00f3stolo da Sant\u00edssima Virgem se preocupava em oferecer os meios para garantir a perseveran\u00e7a daqueles que, durante as miss\u00f5es que pregava, renovavam, pelas m\u00e3os de Maria, seus votos e promessas batismais.<\/p>\n<div id=\"attachment_8324\" style=\"width: 610px\" class=\"wp-caption aligncenter\"><a href=\"http:\/\/blog.cancaonova.com\/tododemaria\/files\/2018\/02\/montfort-e-a-associacao-maria-rainha-dos-coracoes.jpg\"><img loading=\"lazy\" decoding=\"async\" aria-describedby=\"caption-attachment-8324\" class=\"size-full wp-image-8324\" src=\"http:\/\/blog.cancaonova.com\/tododemaria\/files\/2018\/02\/montfort-e-a-associacao-maria-rainha-dos-coracoes.jpg\" alt=\"A Associa\u00e7\u00e3o Maria Rainha dos Cora\u00e7\u00f5es como confraria desejada por S\u00e3o Lu\u00eds de Montfort para os consagrados a Jesus por Maria.\" width=\"600\" height=\"330\" srcset=\"https:\/\/blog.cancaonova.com\/tododemaria\/files\/2018\/02\/montfort-e-a-associacao-maria-rainha-dos-coracoes.jpg 600w, https:\/\/blog.cancaonova.com\/tododemaria\/files\/2018\/02\/montfort-e-a-associacao-maria-rainha-dos-coracoes-300x165.jpg 300w\" sizes=\"(max-width: 600px) 100vw, 600px\" \/><\/a><p id=\"caption-attachment-8324\" class=\"wp-caption-text\"><a href=\"https:\/\/www.flickr.com\/photos\/62133749@N07\/7132738053\" target=\"_blank\" rel=\"noopener\">Bergamo &#8211; Santuario Maria Regina dei Cuori<\/a><\/p><\/div>\n<p style=\"text-align: left\">S\u00e3o Lu\u00eds tinha um profundo senso de Igreja. Ele sabia perfeitamente que o cat\u00f3lico n\u00e3o deve ser um solit\u00e1rio. Ao contr\u00e1rio, deve fazer parte de uma comunidade, da qual necessita e com a qual tem certos deveres. O Santo tamb\u00e9m tinha consci\u00eancia de que o batismo consagra-nos a Jesus Cristo e a seu servi\u00e7o: \u201co batismo nos converteu em verdadeiros escravos de Jesus Cristo a tal ponto que n\u00e3o devemos mais viver, trabalhar nem morrer sen\u00e3o para dar frutos para esse Deus-homem&#8230;\u201d<a href=\"#_ftn1\" name=\"_ftnref1\"><span style=\"font-family: Calibri, sans-serif\"><span style=\"font-size: small\">[1]<\/span><\/span><\/a>.<!--more Continue lendo...--><\/p>\n<p style=\"text-align: center\"><strong><a href=\"http:\/\/feedburner.google.com\/fb\/a\/mailverify?uri=TodoDeMaria\" target=\"_blank\" rel=\"noopener\">Inscreva-se e receba o conte\u00fado deste blog gratuitamente em seu e-mail.<\/a><\/strong><\/p>\n<p style=\"text-align: left\"><b>A dimens\u00e3o comunit\u00e1ria do apostolado cat\u00f3lico<\/b><\/p>\n<p style=\"text-align: left\">A comunidade eclesial \u2013 em seus diferentes n\u00edveis: paroquial, diocesano, nacional, universal \u2013 percebeu que seus membros formam grupos, associa\u00e7\u00f5es ou movimentos \u00fateis para a sua vida espiritual e para uma a\u00e7\u00e3o apost\u00f3lica para a qual se sentem chamados. No tempo de S\u00e3o Lu\u00eds Maria, os fi\u00e9is se organizavam em confrarias, adaptadas \u00e0s diferentes categorias de pessoas: Associa\u00e7\u00e3o de Mo\u00e7as, de S\u00e3o Miguel para os soldados ou grupos de batizados de acordo com suas afinidades espirituais, como Confraria do Ros\u00e1rio, que Montfort muito estimava. Ele insistiu muito na dimens\u00e3o comunit\u00e1ria da a\u00e7\u00e3o apost\u00f3lica.<\/p>\n<p style=\"text-align: left\">O grupo dos ap\u00f3stolos, que estava sempre com Jesus, era para Montfort o modelo de todos os que se sentem chamados a continuar a miss\u00e3o. Isso vale de modo particular para os mission\u00e1rios da Companhia de Maria ou Monfortinos, que tem como carisma viver ao estilo dos ap\u00f3stolos, tendo por modelo o grupo dos ap\u00f3stolos, em seu modo de viver e de agir, compartilhando a mesma confian\u00e7a filial de Jesus para com o Pai, num abandono total \u00e0 Provid\u00eancia, pondo tudo em comum, e livres de qualquer empecilho para dedicar-se totalmente \u00e0 miss\u00e3o, \u00e0 vinda do Reino de Jesus Cristo e da Virgem Maria<a href=\"#_ftn2\" name=\"_ftnref2\"><span style=\"font-family: Calibri, sans-serif\"><span style=\"font-size: small\">[2]<\/span><\/span><\/a>.<\/p>\n<p style=\"text-align: left\"><b>A dimens\u00e3o comunit\u00e1ria da consagra\u00e7\u00e3o e a Associa\u00e7\u00e3o<\/b><\/p>\n<p style=\"text-align: left\">Todos os consagrados a Jesus por Maria s\u00e3o convidados a reunir-se ao aconchego do manto de Nossa Senhora, de acordo com seu estado de vida e suas possibilidades para, dirigidos por ela, se comprometerem no servi\u00e7o da miss\u00e3o confiada \u00e0 Igreja. Montfort esperava \u201cum esquadr\u00e3o de bravos e valorosos soldados de Jesus e de Maria de ambos os sexos&#8230;\u201d<a href=\"#_ftn3\" name=\"_ftnref3\"><span style=\"font-family: Calibri, sans-serif\"><span style=\"font-size: small\">[3]<\/span><\/span><\/a>. Esta passagem mostra claramente que seu convite e esperan\u00e7a n\u00e3o estavam somente nos sacerdotes da Companhia. Por sua biografia e seus escritos, sabemos que ele tamb\u00e9m chamou leigos para sua miss\u00e3o apost\u00f3lica.<\/p>\n<p style=\"text-align: left\">Muitos movimentos, grupos, inclusive institutos \u2013 estes \u00e0s vezes vinculados de algum modo \u00e0 Companhia de Maria ou independentes dela \u2013 adotaram o caminho experimentado por S\u00e3o Lu\u00eds Maria de Montfort para chegar a Jesus por Maria, como \u00e9 o caso particular da Legi\u00e3o de Maria. O Santo mission\u00e1rio desejava tamb\u00e9m que os consagrados a Jesus por Maria encontrassem uma confraria na qual pudessem se inscrever: \u201cAqueles que quiserem entrar nesta devo\u00e7\u00e3o particular, n\u00e3o erigida ainda como confraria, embora isso fosse desej\u00e1vel&#8230;\u201d<a href=\"#_ftn4\" name=\"_ftnref4\"><span style=\"font-family: Calibri, sans-serif\"><span style=\"font-size: small\">[4]<\/span><\/span><\/a>. Este desejo do Santo foi realizado, a Confraria foi erigida e os que fazem a consagra\u00e7\u00e3o podem ingressar na Associa\u00e7\u00e3o Maria Rainha dos Cora\u00e7\u00f5es.<\/p>\n<p style=\"text-align: left\"><b>O que \u00e9 a Associa\u00e7\u00e3o Maria Rainha dos Cora\u00e7\u00f5es?<\/b><\/p>\n<p style=\"text-align: left\">A perten\u00e7a \u00e0 Confraria, a consagra\u00e7\u00e3o ou a inscri\u00e7\u00e3o n\u00e3o imp\u00f5em nenhum apostolado espec\u00edfico, a n\u00e3o ser de viver e propagar, pelo exemplo e pela palavra, o Reino de Jesus por Maria. Al\u00e9m disso, o associado permanece no estado de vida e nas condi\u00e7\u00f5es em que se encontra no momento de sua ades\u00e3o, ou seja, n\u00e3o se trata de fazer um voto religioso. O associado n\u00e3o abandona o conv\u00edvio familiar, o trabalho, a vida social, mas se esfor\u00e7a para levar o bom odor de Cristo aonde quer que v\u00e1 (cf. 2 Cor 1, 15). Deste modo, favorece-se a propaga\u00e7\u00e3o, a a\u00e7\u00e3o com profundidade, da espiritualidade monfortina em todos os meios, em todas as esferas da vida humana, em todas as formas de apostolado silencioso e de atividade apost\u00f3lica.<\/p>\n<p style=\"text-align: left\">A expans\u00e3o da espiritualidade monfortina, da consagra\u00e7\u00e3o total, o mist\u00e9rio de Jesus que vive e reina em Maria, esta prepara\u00e7\u00e3o ao reinado de Jesus por Maria em todos os \u00e2mbitos da sociedade \u00e9 a alma de todo apostolado dos membros da Associa\u00e7\u00e3o.<\/p>\n<p style=\"text-align: left\">A Associa\u00e7\u00e3o \u00e9 uma escola de vida profundamente crist\u00e3 sob a prote\u00e7\u00e3o materna de Maria, um caminho para viver em plenitude a alian\u00e7a batismal aonde o Senhor nos chama.<\/p>\n<p style=\"text-align: left\"><b>As indulg\u00eancias concedidas aos membros da Associa\u00e7\u00e3o<\/b><\/p>\n<p style=\"text-align: left\">A fim de que os membros da Associa\u00e7\u00e3o Maria Rainha dos Cora\u00e7\u00f5es recebam os mais abundantes frutos nos dias de piedade e caridade, consagrando-se a Cristo por Maria, sua dulc\u00edssima M\u00e3e, segundo o esp\u00edrito e o preclaro exemplo de S\u00e3o Lu\u00eds Maria Grignion de Montfort, a Penitenciaria Apost\u00f3lica concedeu a todos os associados \u201cIndulg\u00eancia Plen\u00e1ria\u201d em algumas datas, desde que se cumpram as exig\u00eancias habituais:<\/p>\n<ul style=\"text-align: left\">\n<li>Confiss\u00e3o sacramental, comunh\u00e3o eucar\u00edstica e ora\u00e7\u00e3o pelas inten\u00e7\u00f5es do Santo Padre;<\/li>\n<li>N\u00e3o ter nenhum afeto para com o pecado;<\/li>\n<li>Fazer ou renovar, pelo menos privadamente, a promessa de observar fielmente as regras dos estatutos da Associa\u00e7\u00e3o.<\/li>\n<\/ul>\n<p style=\"text-align: left\">As datas em que \u00e9 concedida a Indulg\u00eancia Plen\u00e1ria s\u00e3o as seguintes:<\/p>\n<ul style=\"text-align: left\">\n<li>O dia da inscri\u00e7\u00e3o na Associa\u00e7\u00e3o Maria Rainha dos Cora\u00e7\u00f5es;<\/li>\n<li>A Quinta-feira Santa;<\/li>\n<li>As festas lit\u00fargicas de Natal e da Anuncia\u00e7\u00e3o, da Imaculada Concei\u00e7\u00e3o da Sant\u00edssima Virgem e de S\u00e3o Lu\u00eds Maria Grignion de Montfort;<\/li>\n<li>O primeiro s\u00e1bado de cada m\u00eas.<\/li>\n<\/ul>\n<p style=\"text-align: left\"><b>Como fazer a inscri\u00e7\u00e3o na Associa\u00e7\u00e3o Maria Rainha dos Cora\u00e7\u00f5es?<\/b><\/p>\n<p style=\"text-align: left\">Os consagrados a Jesus por Maria segundo o m\u00e9todo de S\u00e3o Lu\u00eds Maria que desejarem fazer parte da Associa\u00e7\u00e3o Maria Rainha dos Cora\u00e7\u00f5es podem enviar uma mensagem por e-mail ou carta contando suas experi\u00eancias como consagrados e suas motiva\u00e7\u00f5es para tornarem-se membros da Confraria. Segue abaixo um link para mais informa\u00e7\u00f5es, bem como o endere\u00e7o de e-mail e de correspond\u00eancia dos Mission\u00e1rios Monfortinos:<\/p>\n<ul style=\"text-align: left\">\n<li>Mais informa\u00e7\u00f5es no site: <a href=\"http:\/\/www.monfortinos.com\/sitenovo\/index.php\/associacao-maria-rainha-dos-coracoes\">monfortinos.com<\/a><\/li>\n<li>Endere\u00e7o de e-mail: esp&#105;&#114;&#x69;&#x74;&#x75;&#x61;&#x6c;ida&#100;&#101;&#x6d;&#x6f;&#x6e;&#x66;&#x6f;rti&#110;&#97;&#x40;&#x68;&#x6f;&#x74;&#x6d;ail&#46;&#99;&#x6f;&#x6d;<\/li>\n<li>Endere\u00e7o para correspond\u00eancia:<br \/>\nMission\u00e1rios Monfortinos<br \/>\nCaixa postal 52<br \/>\nCEP: 35930-970 \u2013 Jo\u00e3o Monlevade-MG<\/li>\n<\/ul>\n<p><strong>Links relacionados:<\/strong><\/p>\n<p>TODO DE MARIA.&nbsp;<a href=\"https:\/\/blog.cancaonova.com\/tododemaria\/a-oracao-abrasada-de-sao-luis-maria\/\" target=\"_blank\" rel=\"noopener\">A Ora\u00e7\u00e3o Abrasada de S\u00e3o Lu\u00eds Maria<\/a>.<br \/>\nTODO DE MARIA. <a href=\"https:\/\/blog.cancaonova.com\/tododemaria\/a-origem-do-tratado\/\" target=\"_blank\" rel=\"noopener\">A origem do Tratado<\/a>.<br \/>\nTODO DE MARIA.&nbsp;<a href=\"http:\/\/blog.cancaonova.com\/tododemaria\/o-inicio-da-missao-de-sao-luis-maria\/\" target=\"_blank\" rel=\"noopener\">O in\u00edcio da miss\u00e3o de S\u00e3o Lu\u00eds Maria<\/a>.<br \/>\nTODO DE MARIA.&nbsp;<a href=\"http:\/\/blog.cancaonova.com\/tododemaria\/sao-luis-maria-missionario-ate-a-morte\/\" target=\"_blank\" rel=\"noopener\">S\u00e3o Lu\u00eds Maria, mission\u00e1rio at\u00e9 a morte<\/a>.<\/p>\n<p><strong>Refer\u00eancias:<\/strong><\/p>\n<hr align=\"left\" size=\"1\" width=\"250\"\/>\n<div id=\"ftn1\" dir=\"ltr\">\n<p style=\"text-align: left\"><a href=\"#_ftnref1\" name=\"_ftn1\"><span style=\"font-family: Calibri, sans-serif\"><span style=\"font-size: small\">[1]<\/span><\/span><\/a><span style=\"font-size: small\">&nbsp; S\u00c3O LU\u00cdS MARIA GRIGNION DE MONTFORT. <a href=\"http:\/\/www.monfortinos.com\/sitenovo\/index.php\/livros\" target=\"_blank\" rel=\"noopener\">Tratado da Verdadeira Devo\u00e7\u00e3o a Sant\u00edssima Virgem<\/a>, 68.<br \/>\n<\/span><a href=\"#_ftnref2\" name=\"_ftn2\"><span style=\"font-family: Calibri, sans-serif\"><span style=\"font-size: small\">[2]<\/span><\/span><\/a><span style=\"font-size: small\">&nbsp; Cf. MISSION\u00c1RIOS MONFORTINOS. <a href=\"http:\/\/www.monfortinos.com\/sitenovo\/index.php\/livros\" target=\"_blank\" rel=\"noopener\">Estatutos da Associa\u00e7\u00e3o Maria, Rainha dos Cora\u00e7\u00f5es<\/a>, p. 11-12.<br \/>\n<\/span><a href=\"#_ftnref3\" name=\"_ftn3\"><span style=\"font-family: Calibri, sans-serif\"><span style=\"font-size: small\">[3]<\/span><\/span><\/a><span style=\"font-size: small\">&nbsp; S\u00c3O LU\u00cdS MARIA GRIGNION DE MONTFORT. Op. cit., 114.<br \/>\n<\/span><a href=\"#_ftnref4\" name=\"_ftn4\"><span style=\"font-family: Calibri, sans-serif\"><span style=\"font-size: small\">[4]<\/span><\/span><\/a><span style=\"font-size: small\">&nbsp; <\/span><span style=\"font-size: small\"><i>Idem,<\/i><\/span><span style=\"font-size: small\"> 227.<\/span><\/p>\n<\/div>\n","protected":false},"excerpt":{"rendered":"<p>A Associa\u00e7\u00e3o Maria Rainha dos Cora\u00e7\u00f5es como confraria desejada por S\u00e3o Lu\u00eds de Montfort para os consagrados a Jesus por Maria. S\u00e3o Lu\u00eds Maria Grignion de Montfort foi o grande inspirador da Associa\u00e7\u00e3o ou Confraria \u201cMaria Rainha dos Cora\u00e7\u00f5es\u201d. Este&#8230;<\/p>\n","protected":false},"author":4539,"featured_media":0,"comment_status":"open","ping_status":"open","sticky":false,"template":"","format":"standard","meta":{"_mi_skip_tracking":false,"_monsterinsights_sitenote_active":false,"_monsterinsights_sitenote_note":"","_monsterinsights_sitenote_category":0,"footnotes":""},"categories":[185532,126725],"tags":[],"_links":{"self":[{"href":"https:\/\/blog.cancaonova.com\/tododemaria\/wp-json\/wp\/v2\/posts\/8320"}],"collection":[{"href":"https:\/\/blog.cancaonova.com\/tododemaria\/wp-json\/wp\/v2\/posts"}],"about":[{"href":"https:\/\/blog.cancaonova.com\/tododemaria\/wp-json\/wp\/v2\/types\/post"}],"author":[{"embeddable":true,"href":"https:\/\/blog.cancaonova.com\/tododemaria\/wp-json\/wp\/v2\/users\/4539"}],"replies":[{"embeddable":true,"href":"https:\/\/blog.cancaonova.com\/tododemaria\/wp-json\/wp\/v2\/comments?post=8320"}],"version-history":[{"count":5,"href":"https:\/\/blog.cancaonova.com\/tododemaria\/wp-json\/wp\/v2\/posts\/8320\/revisions"}],"predecessor-version":[{"id":8326,"href":"https:\/\/blog.cancaonova.com\/tododemaria\/wp-json\/wp\/v2\/posts\/8320\/revisions\/8326"}],"wp:attachment":[{"href":"https:\/\/blog.cancaonova.com\/tododemaria\/wp-json\/wp\/v2\/media?parent=8320"}],"wp:term":[{"taxonomy":"category","embeddable":true,"href":"https:\/\/blog.cancaonova.com\/tododemaria\/wp-json\/wp\/v2\/categories?post=8320"},{"taxonomy":"post_tag","embeddable":true,"href":"https:\/\/blog.cancaonova.com\/tododemaria\/wp-json\/wp\/v2\/tags?post=8320"}],"curies":[{"name":"wp","href":"https:\/\/api.w.org\/{rel}","templated":true}]}}