{"id":8405,"date":"2018-03-19T03:00:10","date_gmt":"2018-03-19T06:00:10","guid":{"rendered":"http:\/\/blog.cancaonova.com\/tododemaria\/?p=8405"},"modified":"2018-03-17T22:12:40","modified_gmt":"2018-03-18T01:12:40","slug":"sao-jose-guardiao-e-patrono-da-igreja-catolica","status":"publish","type":"post","link":"https:\/\/blog.cancaonova.com\/tododemaria\/sao-jose-guardiao-e-patrono-da-igreja-catolica\/","title":{"rendered":"S\u00e3o Jos\u00e9, guardi\u00e3o e patrono da Igreja Cat\u00f3lica"},"content":{"rendered":"<p style=\"text-align: left\"><b>Assim como outrora o glorioso S\u00e3o Jos\u00e9 foi guardi\u00e3o e provedor da Sagrada Fam\u00edlia de Nazar\u00e9, hoje ele \u00e9 o patrono da Igreja Cat\u00f3lica.<\/b><\/p>\n<p style=\"text-align: left\">Aparentemente, n\u00e3o h\u00e1 muito o que se falar sobre S\u00e3o Jos\u00e9, mas isso n\u00e3o \u00e9 verdade. H\u00e1 muito o que se falar desse homem que foi o Pai adotivo de Nosso Senhor Jesus Cristo, o Patriarca da Sagrada Fam\u00edlia, o Protetor da Igreja e que recebeu tantos outros t\u00edtulos. Muitos papas j\u00e1 afirmaram que, depois da Virgem Maria, S\u00e3o Jos\u00e9 \u00e9 o maior de todos os santos.<\/p>\n<div id=\"attachment_8409\" style=\"width: 610px\" class=\"wp-caption aligncenter\"><a href=\"http:\/\/blog.cancaonova.com\/tododemaria\/files\/2018\/03\/sao-jose-guardiao-e-patrono-da-igreja-catolica.jpg\"><img loading=\"lazy\" decoding=\"async\" aria-describedby=\"caption-attachment-8409\" class=\"size-full wp-image-8409\" src=\"http:\/\/blog.cancaonova.com\/tododemaria\/files\/2018\/03\/sao-jose-guardiao-e-patrono-da-igreja-catolica.jpg\" alt=\"Assim como outrora o glorioso S\u00e3o Jos\u00e9 foi guardi\u00e3o e provedor da Sagrada Fam\u00edlia de Nazar\u00e9, hoje ele \u00e9 o patrono da Igreja Cat\u00f3lica.\" width=\"600\" height=\"330\" srcset=\"https:\/\/blog.cancaonova.com\/tododemaria\/files\/2018\/03\/sao-jose-guardiao-e-patrono-da-igreja-catolica.jpg 600w, https:\/\/blog.cancaonova.com\/tododemaria\/files\/2018\/03\/sao-jose-guardiao-e-patrono-da-igreja-catolica-300x165.jpg 300w\" sizes=\"(max-width: 600px) 100vw, 600px\" \/><\/a><p id=\"caption-attachment-8409\" class=\"wp-caption-text\"><a href=\"http:\/\/communio.stblogs.org\/index.php\/2017\/12\/holy-family-is-the-model\/\">A Sagrada Fam\u00edlia de Nazar\u00e9<\/a>.<\/p><\/div>\n<p style=\"text-align: left\">Outros grandes da Igreja tamb\u00e9m j\u00e1 testemunharam seu valor, como, por exemplo, Santa Teresa d\u00b4\u00c1vila, em seu famoso Livro da Vida. No sexto cap\u00edtulo, a santa diz que tem uma grande devo\u00e7\u00e3o por S\u00e3o Jos\u00e9 e que nenhum dos seus pedidos a ele jamais foi negado. N\u00e3o somente isso, ela afirma que S\u00e3o Jos\u00e9 \u00e9 o mestre da vida interior e que se algu\u00e9m n\u00e3o sabe rezar ou n\u00e3o tem um diretor espiritual, deve a ele recorrer, pois ele ensinar\u00e1. Ora, essa afirma\u00e7\u00e3o vinda da doutora m\u00edstica possui um peso muito grande.<!--more Continue lendo...--><\/p>\n<p style=\"text-align: center\"><strong><a href=\"http:\/\/feedburner.google.com\/fb\/a\/mailverify?uri=TodoDeMaria\" target=\"_blank\" rel=\"noopener\">Inscreva-se e receba o conte\u00fado deste blog gratuitamente em seu e-mail.<\/a><\/strong><\/p>\n<p style=\"text-align: left\"><b>A devo\u00e7\u00e3o a S\u00e3o Jos\u00e9 na hist\u00f3ria da Igreja Cat\u00f3lica<\/b><\/p>\n<p style=\"text-align: left\">S\u00e3o Jos\u00e9 est\u00e1 presente desde o in\u00edcio da hist\u00f3ria do Cristianismo, \u00e9 evidente. Por\u00e9m, a devo\u00e7\u00e3o \u00e0 sua figura vem sendo mais amplamente difundida nos \u00faltimos duzentos anos, pois in\u00fameros documentos, enc\u00edclicas, decretos e discursos foram emitidos pelos papas, que s\u00e3o, em grande medida, os maiores divulgadores da devo\u00e7\u00e3o ao Pai Adotivo de Jesus.<\/p>\n<p style=\"text-align: left\">O bem-aventurado Pio IX, no ano de 1870, proclamou S\u00e3o Jos\u00e9 como Padroeiro da Igreja Universal, atrav\u00e9s do <a href=\"http:\/\/www.amoranossasenhora.com.br\/decreto-quemadmodum-deus-do-papa-pio-ix-proclamando-sao-jose-como-patrono-da-igreja\/\">Decreto <i>Quemadmodum Deus<\/i><\/a>, em 8 de dezembro. Em seguida instaurou a festa lit\u00fargica, o of\u00edcio e os privil\u00e9gios lit\u00fargicos de S\u00e3o Jos\u00e9, atrav\u00e9s da <a href=\"http:\/\/www.amoranossasenhora.com.br\/carta-apostolica-inclytum-patriarchamde-do-papa-pio-ix-sobre-sao-jose\/\">Carta Apost\u00f3lica <i>Inclytum Patriarcham<\/i><\/a>, de 7 de julho de 1871. Da leitura desses documentos, percebe-se claramente a motiva\u00e7\u00e3o do Papa Pio IX em reconhecer S\u00e3o Jos\u00e9 como padroeiro da Igreja por ele ter sido o protetor de Nosso Senhor Jesus Cristo.<\/p>\n<p style=\"text-align: left\">Historicamente, quando o papado passou a ser atacado \u00e9 que come\u00e7ou o movimento dos pr\u00f3prios papas de promover a devo\u00e7\u00e3o a S\u00e3o Jos\u00e9. E \u00e9 dif\u00edcil n\u00e3o notar uma correla\u00e7\u00e3o providencial entre as duas coisas, pois foi exatamente quando o mundo quis acabar com a figura do pai espiritual que \u00e9 o Papa, que eles come\u00e7aram a propor S\u00e3o Jos\u00e9 como um pai espiritual. O ataque \u00e0 Igreja e ao Corpo de Cristo e a escolha de Jos\u00e9 como protetor remete ao ataque contra Jesus e a Sagrada Fam\u00edlia, quando tamb\u00e9m Jos\u00e9 foi escolhido por Deus como seu protetor.<\/p>\n<p style=\"text-align: left\">Em seguida, o Papa Le\u00e3o XIII escreveu a <a href=\"https:\/\/w2.vatican.va\/content\/leo-xiii\/es\/encyclicals\/documents\/hf_l-xiii_enc_15081889_quamquam-pluries.html\">Enc\u00edclica <i>Quamquam Pluries<\/i><\/a>, em 15 de agosto de 1889, propondo S\u00e3o Jos\u00e9 como modelo para as fam\u00edlias crist\u00e3s, modelo de esposo e de pai.<\/p>\n<p style=\"text-align: left\">O Papa Bento XV, logo ap\u00f3s a Primeira Guerra Mundial, publicou o <a href=\"https:\/\/w2.vatican.va\/content\/benedict-xv\/la\/motu_proprio\/documents\/hf_ben-xv_motu-proprio_19200725_bonum-sane.html\"><i>Motu Proprio Bonum Sane<\/i><\/a>, em 25 de julho de 1920, exalando a devo\u00e7\u00e3o a S\u00e3o Jos\u00e9 e dando-a como solu\u00e7\u00e3o espiritual para os problemas do p\u00f3s-guerra.<\/p>\n<p style=\"text-align: left\">J\u00e1 o Papa Pio XI, que viveu a transi\u00e7\u00e3o entre as duas guerras e o come\u00e7o da segunda, na enc\u00edclica em que trata do comunismo, <a href=\"https:\/\/w2.vatican.va\/content\/pius-xi\/pt\/encyclicals\/documents\/hf_p-xi_enc_19370319_divini-redemptoris.html\"><i>Divini Redemptoris<\/i><\/a>, de 19 de mar\u00e7o de 1937, prop\u00f5e S\u00e3o Jos\u00e9 como modelo para os trabalhadores, para os oper\u00e1rios.<\/p>\n<p style=\"text-align: left\">At\u00e9 ent\u00e3o n\u00e3o havia a festa lit\u00fargica de S\u00e3o Jos\u00e9 Oper\u00e1rio e foi somente Pio XII que, em 1955, instituiu essa festa, que nasceu para impor uma barreira \u00e0 onda do comunismo. \u00c9 por isso que S\u00e3o Jos\u00e9 n\u00e3o pode ser tido \u2013 como querem os te\u00f3logos da \u201cliberta\u00e7\u00e3o\u201d \u2013 como \u00edcone do prolet\u00e1rio, do trabalhador na luta de classes, pois sua festa nasceu justamente para combater a ideologia comunista.<\/p>\n<p style=\"text-align: left\">O Papa Jo\u00e3o XXIII, em 1961, \u00e0s portas do Conc\u00edlio Vaticano II, declarou que S\u00e3o Jos\u00e9 seria o \u201cCeleste Protetor\u201d do conc\u00edlio. Jo\u00e3o Paulo II fez a sua famosa <a href=\"http:\/\/w2.vatican.va\/content\/john-paul-ii\/pt\/apost_exhortations\/documents\/hf_jp-ii_exh_15081989_redemptoris-custos.html\">Exorta\u00e7\u00e3o Apost\u00f3lica <i>Redemptoris Custos<\/i><\/a>, em 15 de agosto de 1989, que \u00e9 uma obra-prima de espiritualidade sobre S\u00e3o Jos\u00e9.<\/p>\n<p style=\"text-align: left\">\u00c9 claro que o Papa Bento XVI, sendo \u201cJos\u00e9\u201d ou \u201cJoseph\u201d, de batismo, tem uma grande devo\u00e7\u00e3o a S\u00e3o Jos\u00e9 e foi ele que preparou a introdu\u00e7\u00e3o do nome de S\u00e3o Jos\u00e9 nas tr\u00eas ora\u00e7\u00f5es eucar\u00edsticas no Missal Romano posterior ao Conc\u00edlio Vaticano II. Lembrando que o Papa Jo\u00e3o XXIII introduziu o nome de S\u00e3o Jos\u00e9 no C\u00e2non Romano. Cinquenta anos depois, Bento XVI quis introduzir nas demais ora\u00e7\u00f5es eucar\u00edsticas. Os documentos foram preparados, mas com a sua ren\u00fancia, n\u00e3o foi poss\u00edvel coloc\u00e1-los em pr\u00e1tica.<\/p>\n<p style=\"text-align: left\">Assim, coube ao Papa Francisco, em maio de 2013, sancionar a introdu\u00e7\u00e3o do nome de S\u00e3o Jos\u00e9 no Missal Romano. A devo\u00e7\u00e3o de Francisco a S\u00e3o Jos\u00e9 \u00e9 t\u00e3o grande que ele mandou levar de Buenos Aires para Roma uma imagem de S\u00e3o Jos\u00e9 dormindo. Pode parecer estranha essa imagem, pois \u00e9 comum v\u00ea-lo em p\u00e9, com o Menino Jesus no colo ou em atividade, mas ela se explica, pois a Sagrada Escritura ensina que era por meio de sonhos que ele tomava conhecimento dos des\u00edgnios do Senhor.<\/p>\n<p style=\"text-align: left\"><b>S\u00e3o Jos\u00e9, o cast\u00edssimo esposo da Virgem Maria<\/b><\/p>\n<p style=\"text-align: left\">Todos esses documentos significam que a Igreja reconhece a posi\u00e7\u00e3o de S\u00e3o Jos\u00e9. E alguns pontos devem ser mencionados. O primeiro deles \u00e9 o relacionamento de S\u00e3o Jos\u00e9 com Maria, pois algumas pessoas, erradamente, tentando proteger a virgindade de Nossa Senhora, n\u00e3o gostam de falar de S\u00e3o Jos\u00e9 como Esposo da Virgem. Ora, esse \u00e9 exatamente o t\u00edtulo base de todos os outros: \u201cEsposo\u201d. Realmente, Nossa Senhora era esposa de Jos\u00e9.<\/p>\n<p style=\"text-align: left\">A tend\u00eancia de diminuir a rela\u00e7\u00e3o esponsal\u00edcia de S\u00e3o Jos\u00e9 \u00e9 bastante antiga, vide os evangelhos ap\u00f3crifos que apresentam S\u00e3o Jos\u00e9 como sendo um senhor idoso, perto dos cem anos, algu\u00e9m incapaz de ter rela\u00e7\u00f5es sexuais. Com isso se pretende \u201cprovar\u201d a virgindade de Maria.<\/p>\n<p style=\"text-align: left\">No entanto, o <a href=\"http:\/\/diocesedeapucarana.com.br\/portal\/padre\/194\/jose-antonio-bertolin,-osj\">Padre Jos\u00e9 Antonio Bertolin<\/a> apresenta os argumentos que surgiram ap\u00f3s o s\u00e9culo XIV, no sentido de que, se S\u00e3o Jos\u00e9 era mesmo como os ap\u00f3crifos o apresentam, de nada adiantou o milagre. Se assim fosse realmente, Jesus seria t\u00e3o somente um filho adulterino, esp\u00fario, um filho sem pai. N\u00e3o \u00e9 verdade, pois, que S\u00e3o Jos\u00e9 estivesse fora da idade de gerar filhos ou que tivesse cem anos de idade.<\/p>\n<p style=\"text-align: left\">Os dados a respeito da sociedade na \u00e9poca de Jesus d\u00e3o conta de que as pessoas se casavam muito cedo. Portanto, dentro do conhecimento hist\u00f3rico que se tem hoje, a Virgem Sant\u00edssima tinha entre 12 e 14 anos quando se casou. T\u00e3o logo a menina estava preparada biologicamente para ser m\u00e3e, j\u00e1 se casava.<\/p>\n<p style=\"text-align: left\">Esses dados batem com a Tradi\u00e7\u00e3o que d\u00e1 conta de que a Virgem Maria teria engravidado em sua primeira ovula\u00e7\u00e3o. Jesus foi realmente o primog\u00eanito em tudo. Pode parecer estranho para a mentalidade atual imaginar tal situa\u00e7\u00e3o, mas era a da \u00e9poca.<\/p>\n<p style=\"text-align: left\">Os rapazes, por sua vez, casavam-se com 16, 18 anos de idade. Portanto, Jos\u00e9 era capaz de ter filhos e tamb\u00e9m possu\u00eda for\u00e7a f\u00edsica capaz de executar a miss\u00e3o que Deus lhe confiou: a de proteger a fam\u00edlia que estava iniciando.<\/p>\n<p style=\"text-align: left\">Deus d\u00e1 as gra\u00e7as necess\u00e1rias para que a miss\u00e3o dada seja executada com primor. Assim, como Jos\u00e9 recebeu a maior miss\u00e3o de todas: guardar o Redentor e a Sua M\u00e3e, foi cumulado por Deus com as maiores gra\u00e7as espirituais. Ele \u00e9 tamb\u00e9m chamado de o \u201cTerror dos Dem\u00f4nios\u201d, pois, como esposo da Virgem Maria e pai adotivo de Nosso senhor Jesus, precisava guardar aquela fam\u00edlia das ins\u00eddias de Satan\u00e1s.<\/p>\n<p style=\"text-align: left\">Dizer que S\u00e3o Jos\u00e9 \u00e9 esposo da Virgem Maria n\u00e3o p\u00f5e em risco a virgindade nem de Nossa Senhora, nem do pr\u00f3prio Jos\u00e9. A Igreja olha S\u00e3o Jos\u00e9 como sendo o \u201cCast\u00edssimo Esposo\u201d, o que se pode observar tanto nos \u00edcones ocidentes quanto nas imagens orientais, em que ele \u00e9 retratado sempre com um l\u00edrio, sinal de pureza virginal.<\/p>\n<p style=\"text-align: left\">Alguns alegam que, porque no casamento de Jos\u00e9 e Maria n\u00e3o havia sexo, n\u00e3o se tratou realmente de um casamento. Ledo engano. O casamento de ambos serve de modelo para os casais, pois todos devem se amar espiritualmente e expressar o seu amor espiritualmente, antes de express\u00e1-lo no ato sexual.<\/p>\n<p style=\"text-align: left\"><b>S\u00e3o Jos\u00e9, guardi\u00e3o da Igreja nascente<\/b><\/p>\n<p style=\"text-align: left\">Naquela \u00e9poca, o casamento era \u201carranjado\u201d entre os pais dos pretendentes. Cabia ao noivo dizer se aceitava ou n\u00e3o a mo\u00e7a que lhe era proposta. Jos\u00e9 aceitou Maria. E ent\u00e3o, assinaram os pap\u00e9is de noivado e entram no per\u00edodo de tempo de um ano que era reservado ao noivado. Foi nesse tempo que Ela recebeu o anjo, disse o \u201csim\u201d e engravidou.<\/p>\n<p style=\"text-align: left\">Ora, foi nesse momento que Jos\u00e9 provou seu grande amor por Maria, pois ele poderia ter cancelado o compromisso \u2013 a lei o permitia \u2013 uma vez que ela ficou gr\u00e1vida e o beb\u00ea concebido n\u00e3o era dele. Ele poderia t\u00ea-la denunciado para ser apedrejada. Todavia, a Sagrada Escritura afirma que Jos\u00e9 era um homem justo (cf. Mt 1, 19) e o homem justo quando n\u00e3o sabe, n\u00e3o julga. S\u00e3o Jos\u00e9 confiava em Nossa Senhora. Ele sabia que ela n\u00e3o mentia, portanto, acreditou e n\u00e3o julgou. E embora tenha ficado perplexo, pois n\u00e3o entendia o que havia acontecido, ainda que acreditasse em Maria, decidiu abandon\u00e1-la em segredo, pois ali havia algo maior que a sua capacidade de compreens\u00e3o. Foi quando, em sonho, recebeu a revela\u00e7\u00e3o do anjo.<\/p>\n<p style=\"text-align: left\">No Novo Testamento a palavra \u201csonhar\u201d aparece poucas vezes e mais da metade delas \u00e9 atribu\u00edda a Jos\u00e9. O sonhador. Como Jos\u00e9 do Egito, o filho de Jac\u00f3 que tamb\u00e9m foi agraciado com muitos sonhos. O Decreto de Pio IX, <i>Quemadmodum Deus<\/i>, afirma:<\/p>\n<blockquote>\n<p style=\"text-align: left\"><span style=\"font-size: small\">Da mesma maneira que Deus havia constitu\u00eddo Jos\u00e9, gerado do patriarca Jac\u00f3, superintendente de toda a terra do Egito para guardar o trigo para o povo, assim, chegando a plenitude dos tempos, estando para enviar \u00e0 terra o seu Filho Unig\u00eanito Salvador do mundo, escolheu um outro Jos\u00e9, do qual o primeiro era figura, o fez Senhor e Pr\u00edncipe de sua casa e propriedade e o elegeu guarda dos seus tesouros mais preciosos<\/span><a href=\"#_ftn1\" name=\"_ftnref1\"><span style=\"font-family: Calibri, sans-serif\"><span style=\"font-size: small\">[1]<\/span><\/span><\/a><span style=\"font-size: small\">.<\/span><\/p>\n<\/blockquote>\n<p style=\"text-align: left\">Logo, a devo\u00e7\u00e3o a S\u00e3o Jos\u00e9 \u00e9 important\u00edssima nos tempos de crise, pois como Jos\u00e9 do Egito guardou o povo de Deus em Israel, agora o novo Jos\u00e9 guarda a Igreja nascente (Jesus e Maria) e tamb\u00e9m o povo de Deus espalhado pelo mundo inteiro.<\/p>\n<p style=\"text-align: left\">J\u00e1 em rela\u00e7\u00e3o a Jesus, uma reflex\u00e3o que pouco se faz \u00e9 de que, se Jesus era igual ao homem em tudo, teria que desenvolver tamb\u00e9m a sua masculinidade. Jesus encontrou em Jos\u00e9 a figura masculina de que precisava. E Ele aprende, pois se torna um homem viril.<\/p>\n<p style=\"text-align: left\">Teologicamente falando, o relacionamento de Jos\u00e9 com o Verbo Encarnado proporcionou que nascessem todos os privil\u00e9gios de Jos\u00e9. Inclusive, Jos\u00e9 \u00e9 a \u00fanica criatura de que se tem not\u00edcia que recebeu um t\u00edtulo que pertence propriamente a Deus. O Papa Bento XVI, em um de seus discursos, falando sobre S\u00e3o Jos\u00e9, ensina:<\/p>\n<blockquote>\n<p style=\"text-align: left\"><span style=\"font-size: small\">Falando \u00e0 multid\u00e3o e aos seus disc\u00edpulos, Jesus declara: \u201cUm s\u00f3 \u00e9 vosso Pai\u201d (Mt 23, 9). Com efeito, n\u00e3o h\u00e1 paternidade fora da de Deus Pai, o \u00fanico Criador \u201cdo mundo vis\u00edvel e invis\u00edvel\u201d. Entretanto foi concedido ao homem, criado \u00e0 imagem de Deus, participar na \u00fanica paternidade de Deus (cf. Ef 3, 15). Ilustra-o de maneira surpreendente S\u00e3o Jos\u00e9, que \u00e9 pai sem ter exercido uma paternidade carnal. N\u00e3o \u00e9 o pai biol\u00f3gico de Jesus, do Qual s\u00f3 Deus \u00e9 Pai, e todavia exerce uma paternidade plena e completa<\/span><a href=\"#_ftn2\" name=\"_ftnref2\"><span style=\"font-family: Calibri, sans-serif\"><span style=\"font-size: small\">[2]<\/span><\/span><\/a><span style=\"font-size: small\">.<\/span><\/p>\n<\/blockquote>\n<p style=\"text-align: left\">Assim, \u00e9 da rela\u00e7\u00e3o de Jos\u00e9 com Maria e com Jesus que nasce a sua rela\u00e7\u00e3o com a Igreja. N\u00f3s podemos confiar em S\u00e3o Jos\u00e9, pois ele continua desempenhando a sua miss\u00e3o de cuidar e proteger o corpo de Cristo que \u00e9 a Igreja, por isso ele \u00e9 o patrono da Igreja Universal.<\/p>\n<p style=\"text-align: left\">Um \u00faltimo ponto \u00e9 a quest\u00e3o da morte de S\u00e3o Jos\u00e9, que se deu antes da vida p\u00fablica de Jesus. Ele \u00e9 considerado o padroeiro dos moribundos e da boa morte, porque morreu sendo assistido por Jesus e Maria.<\/p>\n<p style=\"text-align: left\">Fonte: PADRE PAULO RICARDO. <a href=\"https:\/\/padrepauloricardo.org\/episodios\/o-glorioso-sao-jose\">O glorioso S\u00e3o Jos\u00e9<\/a>.<\/p>\n<p style=\"text-align: left\"><b>Links relacionados:<\/b><\/p>\n<p>PADRE PAULO RICARDO.&nbsp;<a href=\"https:\/\/padrepauloricardo.org\/blog\/sao-jose-o-maior-devoto-da-virgem-santissima\" target=\"_blank\" rel=\"noopener\">S\u00e3o Jos\u00e9, o maior devoto da Virgem Sant\u00edssima<\/a>.<br \/>\nTODO DE MARIA.&nbsp;<a href=\"http:\/\/blog.cancaonova.com\/tododemaria\/o-amor-de-sao-jose-a-jesus-a-maria-e-a-nos\/\" target=\"_blank\" rel=\"noopener\">O amor de S\u00e3o Jos\u00e9 a Jesus, a Maria e a n\u00f3s<\/a>.<br \/>\nTODO DE MARIA.&nbsp;<a href=\"http:\/\/blog.cancaonova.com\/tododemaria\/os-esponsais-de-maria-e-jose-e-o-amor-a-deus\/\" target=\"_blank\" rel=\"noopener\">Os esponsais de Maria e Jos\u00e9 e o amor a Deus<\/a>.<br \/>\nTODO DE MARIA. <a href=\"https:\/\/blog.cancaonova.com\/tododemaria\/sao-jose-pai-de-jesus-e-esposo-de-maria\/\">S\u00e3o Jos\u00e9, Pai de Jesus e Esposo de Maria<\/a>.<\/p>\n<p style=\"text-align: left\"><b>Materiais para estudo:<\/b><\/p>\n<p style=\"text-align: left\">CARDEAL ALEXIS MARIE L\u00c9PICIER, OSM. <a href=\"https:\/\/ecclesiae.com.br\/sao-jose-esposo-da-santissima-virgem-maria\">S\u00e3o Jos\u00e9: Esposo da Sant\u00edssima Virgem Maria<\/a>.<br \/>\n<span lang=\"en-US\">FRANCIS LAD FILAS. <a href=\"https:\/\/www.amazon.co.uk\/Joseph-closest-complete-theology-devotional\/dp\/B0006AY618\/ref=sr_1_2\/257-3631409-7814915\">Joseph: The man closest to Jesus; the complete life, theology and devotional history of St. Joseph<\/a>.<br \/>\nMICHEL GASNIER. <\/span><a href=\"https:\/\/www.quadrante.com.br\/jose-o-silencioso\">Jos\u00e9, o silencioso<\/a>.<br \/>\nPE. JOS\u00c9 ANTONIO BERTOLIN, OSJ. <a href=\"http:\/\/www.osj.org.br\/wp-content\/uploads\/2016\/01\/CURSO-DE-JOSEFOLOGIA-VIA-INTERNET.pdf\">Curso de Josefologia via internet<\/a>.<br \/>\nPE. JOS\u00c9 ANTONIO BERTOLIN, OSJ. <a href=\"http:\/\/www.osj.org.br\/wp-content\/uploads\/2016\/01\/S%C3%83O-JOS%C3%89-IMAGEM-TERRESTRE-DA-BONDADE-DE-DEUS.pdf\">S\u00e3o Jos\u00e9, imagem terrestre da bondade de Deus<\/a>.<br \/>\nPE. JOS\u00c9 ANTONIO BERTOLIN, OSJ. <a href=\"http:\/\/www.osj.org.br\/wp-content\/uploads\/2016\/01\/100-QUEST%C3%95ES-JOSEFOLOGIA.pdf\">100 quest\u00f5es de Josefologia<\/a>.<\/p>\n<p style=\"text-align: left\"><b>Refer\u00eancias:<\/b><\/p>\n<hr align=\"left\" size=\"1\" width=\"250\"\/>\n<div id=\"ftn1\" dir=\"ltr\" style=\"text-align: left\">\n<p><a href=\"#_ftnref1\" name=\"_ftn1\"><span style=\"font-family: Calibri, sans-serif\"><span style=\"font-size: small\">[1]<\/span><\/span><\/a><span style=\"font-size: small\">&nbsp; PAPA PIO IX. <a href=\"http:\/\/josedenazare.blogspot.com.br\/2010\/12\/quemadmodum-deus-serie-documentos.html\">Decreto <\/a><\/span><a href=\"http:\/\/josedenazare.blogspot.com.br\/2010\/12\/quemadmodum-deus-serie-documentos.html\"><span style=\"font-size: small\"><i>Quemadmodum Deus<\/i><\/span><\/a><span style=\"font-size: small\">.<br \/>\n<\/span><a href=\"#_ftnref2\" name=\"_ftn2\"><span style=\"font-family: Calibri, sans-serif\"><span style=\"font-size: small\">[2]<\/span><\/span><\/a><span style=\"font-size: small\"> &nbsp;PAPA BENTO XVI. <a href=\"http:\/\/w2.vatican.va\/content\/benedict-xvi\/pt\/speeches\/2009\/march\/documents\/hf_ben-xvi_spe_20090318_vespri-yaounde.html\">Homilia em 18 de Mar\u00e7o de 2009<\/a>.<\/span><\/p>\n<\/div>\n","protected":false},"excerpt":{"rendered":"<p>Assim como outrora o glorioso S\u00e3o Jos\u00e9 foi guardi\u00e3o e provedor da Sagrada Fam\u00edlia de Nazar\u00e9, hoje ele \u00e9 o patrono da Igreja Cat\u00f3lica. Aparentemente, n\u00e3o h\u00e1 muito o que se falar sobre S\u00e3o Jos\u00e9, mas isso n\u00e3o \u00e9 verdade&#8230;.<\/p>\n","protected":false},"author":4539,"featured_media":0,"comment_status":"open","ping_status":"open","sticky":false,"template":"","format":"standard","meta":{"_mi_skip_tracking":false,"_monsterinsights_sitenote_active":false,"_monsterinsights_sitenote_note":"","_monsterinsights_sitenote_category":0,"footnotes":""},"categories":[14931],"tags":[],"_links":{"self":[{"href":"https:\/\/blog.cancaonova.com\/tododemaria\/wp-json\/wp\/v2\/posts\/8405"}],"collection":[{"href":"https:\/\/blog.cancaonova.com\/tododemaria\/wp-json\/wp\/v2\/posts"}],"about":[{"href":"https:\/\/blog.cancaonova.com\/tododemaria\/wp-json\/wp\/v2\/types\/post"}],"author":[{"embeddable":true,"href":"https:\/\/blog.cancaonova.com\/tododemaria\/wp-json\/wp\/v2\/users\/4539"}],"replies":[{"embeddable":true,"href":"https:\/\/blog.cancaonova.com\/tododemaria\/wp-json\/wp\/v2\/comments?post=8405"}],"version-history":[{"count":5,"href":"https:\/\/blog.cancaonova.com\/tododemaria\/wp-json\/wp\/v2\/posts\/8405\/revisions"}],"predecessor-version":[{"id":8411,"href":"https:\/\/blog.cancaonova.com\/tododemaria\/wp-json\/wp\/v2\/posts\/8405\/revisions\/8411"}],"wp:attachment":[{"href":"https:\/\/blog.cancaonova.com\/tododemaria\/wp-json\/wp\/v2\/media?parent=8405"}],"wp:term":[{"taxonomy":"category","embeddable":true,"href":"https:\/\/blog.cancaonova.com\/tododemaria\/wp-json\/wp\/v2\/categories?post=8405"},{"taxonomy":"post_tag","embeddable":true,"href":"https:\/\/blog.cancaonova.com\/tododemaria\/wp-json\/wp\/v2\/tags?post=8405"}],"curies":[{"name":"wp","href":"https:\/\/api.w.org\/{rel}","templated":true}]}}