{"id":8440,"date":"2018-03-28T03:00:05","date_gmt":"2018-03-28T06:00:05","guid":{"rendered":"http:\/\/blog.cancaonova.com\/tododemaria\/?p=8440"},"modified":"2018-03-28T00:21:26","modified_gmt":"2018-03-28T03:21:26","slug":"os-cinco-passos-para-uma-boa-confissao","status":"publish","type":"post","link":"https:\/\/blog.cancaonova.com\/tododemaria\/os-cinco-passos-para-uma-boa-confissao\/","title":{"rendered":"Os cinco passos para uma boa Confiss\u00e3o"},"content":{"rendered":"<p style=\"text-align: left\"><b>Saibamos quais s\u00e3o os cinco passos necess\u00e1rios para fazer uma boa Confiss\u00e3o e receber as gra\u00e7as deste admir\u00e1vel sacramento da Miseric\u00f3rdia Divina.<\/b><\/p>\n<p style=\"text-align: left\">Quais s\u00e3o os passos para fazer uma boa Confiss\u00e3o? O sacramento da Confiss\u00e3o \u00e9 uma inven\u00e7\u00e3o dos homens, ou uma inven\u00e7\u00e3o de Deus? Por que confessar com o sacerdote, se ele \u00e9 um ser humano pecador? Quais s\u00e3o os pecados que precisamos confessar? Estas e outras perguntas s\u00e3o respondidas por Padre Francisco Amaral em sua homilia, no evento da Miss\u00e3o Enchei-vos, realizado no dia 19 de Mar\u00e7o de 2018.<a href=\"http:\/\/blog.cancaonova.com\/tododemaria\/files\/2018\/03\/os-cinco-passos-para-uma-boa-confissao.jpg\"><img loading=\"lazy\" decoding=\"async\" class=\"size-full wp-image-8444 aligncenter\" src=\"http:\/\/blog.cancaonova.com\/tododemaria\/files\/2018\/03\/os-cinco-passos-para-uma-boa-confissao.jpg\" alt=\"Saibamos quais s\u00e3o os cinco passos necess\u00e1rios para fazer uma boa Confiss\u00e3o e receber as gra\u00e7as deste admir\u00e1vel sacramento da Miseric\u00f3rdia Divina.\" width=\"600\" height=\"330\" srcset=\"https:\/\/blog.cancaonova.com\/tododemaria\/files\/2018\/03\/os-cinco-passos-para-uma-boa-confissao.jpg 600w, https:\/\/blog.cancaonova.com\/tododemaria\/files\/2018\/03\/os-cinco-passos-para-uma-boa-confissao-300x165.jpg 300w\" sizes=\"(max-width: 600px) 100vw, 600px\" \/><\/a><\/p>\n<p style=\"text-align: left\"><b>O que \u00e9 preciso saber sobre a Confiss\u00e3o?<\/b><\/p>\n<p style=\"text-align: left\">\u2014 O Sacramento Confiss\u00e3o \u00e9 um encontro maravilhoso com o Amor e a Miseric\u00f3rdia de Deus. \u00c9 o \u00fanico tribunal da face da Terra onde nos declaramos culpados e sa\u00edmos inocentes, porque o Juiz e o Advogado s\u00e3o a mesma pessoa: o pr\u00f3prio Jesus<a href=\"#_ftn1\" name=\"_ftnref1\"><span style=\"font-family: Calibri, sans-serif\"><span style=\"font-size: small\">[1]<\/span><\/span><\/a>.<!--more Continue lendo...--><\/p>\n<p style=\"text-align: center\"><strong><a href=\"http:\/\/feedburner.google.com\/fb\/a\/mailverify?uri=TodoDeMaria\" target=\"_blank\" rel=\"noopener\">Inscreva-se e receba o conte\u00fado deste blog gratuitamente em seu e-mail.<\/a><\/strong><\/p>\n<p style=\"text-align: left\">\u2014 A Confiss\u00e3o foi institu\u00edda pelo pr\u00f3prio Jesus, quando confiou aos Ap\u00f3stolos e aos seus sucessores o poder de perdoar pecados em seu nome: \u201cAqueles a quem perdoardes os pecados, ser-lhe-\u00e3o perdoados.\u201d (cf. Jo 20, 23). Isso acontece porque o pecado rompe n\u00e3o somente a comunh\u00e3o com Deus, mas tamb\u00e9m com a Igreja, na qual Cristo atua por meio dos que ordenou seus ministros (sacerdotes), na sucess\u00e3o apost\u00f3lica<a href=\"#_ftn2\" name=\"_ftnref2\"><span style=\"font-family: Calibri, sans-serif\"><span style=\"font-size: small\">[2]<\/span><\/span><\/a>.<\/p>\n<p style=\"text-align: left\">\u2014 O sacerdote \u00e9 um instrumento de Deus. Por isso, o sacerdote tamb\u00e9m se confessa com outro sacerdote. Existe algo mais bonito que isso?<\/p>\n<p style=\"text-align: left\">\u2014 O segredo da Confiss\u00e3o \u00e9 absolutamente inviol\u00e1vel em qualquer situa\u00e7\u00e3o<a href=\"#_ftn3\" name=\"_ftnref3\"><span style=\"font-family: Calibri, sans-serif\"><span style=\"font-size: small\">[3]<\/span><\/span><\/a>, ou seja, o padre n\u00e3o pode, de forma alguma, revelar nada do que foi dito em Confiss\u00e3o sob pena de excomunh\u00e3o <i>latae sententiae<\/i> (autom\u00e1tica) reservada \u00e0 S\u00e9 Apost\u00f3lica<a href=\"#_ftn4\" name=\"_ftnref4\"><span style=\"font-family: Calibri, sans-serif\"><span style=\"font-size: small\">[4]<\/span><\/span><\/a>;<\/p>\n<p style=\"text-align: left\">\u2014 A Confiss\u00e3o \u00e9 o meio que Jesus escolheu para o perd\u00e3o dos pecados graves cometidos ap\u00f3s o Batismo<a href=\"#_ftn5\" name=\"_ftnref5\"><span style=\"font-family: Calibri, sans-serif\"><span style=\"font-size: small\">[5]<\/span><\/span><\/a>. Se a Confiss\u00e3o for poss\u00edvel, n\u00e3o busc\u00e1-la \u00e9 agir de forma contr\u00e1ria \u00e0 gra\u00e7a de Deus, que deseja nos perdoar<a href=\"#_ftn6\" name=\"_ftnref6\"><span style=\"font-family: Calibri, sans-serif\"><span style=\"font-size: small\">[6]<\/span><\/span><\/a>.<\/p>\n<p style=\"text-align: left\">\u2014 O mandamento da Igreja \u00e9 que o fiel com mais de sete anos confesse os pecados graves pelo menos uma vez ao ano<a href=\"#_ftn7\" name=\"_ftnref7\"><span style=\"font-family: Calibri, sans-serif\"><span style=\"font-size: small\">[7]<\/span><\/span><\/a>. Por\u00e9m, \u00e9 sumamente recomend\u00e1vel que se confesse com uma frequ\u00eancia maior, como por exemplo, uma vez por m\u00eas (para buscar o seu crescimento espiritual) ou se tiver ca\u00eddo em pecado grave \u2013 para retornar para a vida na gra\u00e7a<a href=\"#_ftn8\" name=\"_ftnref8\"><span style=\"font-family: Calibri, sans-serif\"><span style=\"font-size: small\">[8]<\/span><\/span><\/a>.<\/p>\n<p><strong>Assista ao v\u00eddeo do Padre Francisco Amaral com&nbsp;o tema \u201c<a href=\"https:\/\/www.youtube.com\/watch?v=4KHPheqsZb4\" target=\"_blank\" rel=\"noopener\">Confiss\u00e3o, caminho para o C\u00e9u<\/a>\u201d:<\/strong><\/p>\n<iframe loading=\"lazy\" width=\"640\" height=\"360\" src=\"https:\/\/www.youtube-nocookie.com\/embed\/4KHPheqsZb4?rel=0&amp;showinfo=0\" frameborder=\"0\" allow=\"autoplay; encrypted-media\" allowfullscreen><\/iframe>\n<p style=\"text-align: left\"><b>Os cinco passos para uma boa Confiss\u00e3o<\/b><\/p>\n<p style=\"text-align: left\">Os cinco passos necess\u00e1rios para fazer uma boa Confiss\u00e3o s\u00e3o os seguintes:<\/p>\n<p style=\"text-align: left\"><b>1) Exame de Consci\u00eancia:<\/b><\/p>\n<p style=\"text-align: left\">\u2014 Procurar lembrar de todos os pecados que necessita confessar<a href=\"#_ftn9\" name=\"_ftnref9\"><span style=\"font-family: Calibri, sans-serif\"><span style=\"font-size: small\">[9]<\/span><\/span><\/a>, ou seja, os pecados graves;<\/p>\n<p style=\"text-align: left\">\u2014 Pode-se inclusive fazer uma lista dos pecados, para facilitar e evitar o esquecimento;<\/p>\n<p style=\"text-align: left\">\u2014 N\u00e3o \u00e9 necess\u00e1rio contar como aconteceu, mas apenas contar o pecado e quantas vezes o cometeu desde a \u00faltima Confiss\u00e3o. Exemplo: faltei na Missa dominical uma vez.<\/p>\n<p style=\"text-align: left\"><b>2) Arrependimento:<\/b><\/p>\n<p style=\"text-align: left\">\u2014 O arrependimento \u00e9 a dor por ter ofendido Deus pelos pecados cometidos e o prop\u00f3sito de n\u00e3o mais comet\u00ea-los<a href=\"#_ftn10\" name=\"_ftnref10\"><span style=\"font-family: Calibri, sans-serif\"><span style=\"font-size: small\">[10]<\/span><\/span><\/a>;<\/p>\n<p style=\"text-align: left\">\u2014 Sem o arrependimento, a Confiss\u00e3o \u00e9 inv\u00e1lida, pois n\u00e3o passa de um teatro. Exemplo: se algu\u00e9m confessar j\u00e1 planejando cometer de novo o mesmo pecado, a Confiss\u00e3o \u00e9 inv\u00e1lida;<\/p>\n<p style=\"text-align: left\">\u2014 Pessoas deixam de confessar por pensarem: \u201cEu acho que cometerei o mesmo pecado, ent\u00e3o n\u00e3o vou confessar.\u201d Por\u00e9m, a consci\u00eancia do risco de cair novamente n\u00e3o impede de confessar. Havendo prop\u00f3sito de lutar contra o pecado, a Confiss\u00e3o \u00e9 v\u00e1lida. Al\u00e9m disso, devemos confessar, pois a Confiss\u00e3o nos dar\u00e1 mais gra\u00e7as para n\u00e3o cair.<\/p>\n<p style=\"text-align: left\"><b>3) Declara\u00e7\u00e3o dos Pecados<\/b><\/p>\n<p style=\"text-align: left\">\u2014 \u00c9 necess\u00e1rio declarar todos os pecados graves que ainda n\u00e3o foram declarados em uma Confiss\u00e3o v\u00e1lida. \u00c9 recomend\u00e1vel que os pecados veniais tamb\u00e9m sejam confessados, desde que haja o arrependimento e a inten\u00e7\u00e3o de n\u00e3o mais comet\u00ea-los, para receber sobre eles uma gra\u00e7a e o aconselhamento do sacerdote. Todavia, confessar pecados veniais n\u00e3o \u00e9 estritamente necess\u00e1rio, j\u00e1 que s\u00e3o perdoados sem que sejam confessados. Ademais, o Ato Penitencial na Santa Missa tamb\u00e9m absolve os pecados veniais<a href=\"#_ftn11\" name=\"_ftnref11\"><span style=\"font-family: Calibri, sans-serif\"><span style=\"font-size: small\">[11]<\/span><\/span><\/a>;<\/p>\n<p style=\"text-align: left\">\u2014 Para que haja um pecado grave, s\u00e3o necess\u00e1rias tr\u00eas condi\u00e7\u00f5es: mat\u00e9ria grave, plena consci\u00eancia e plena liberdade<a href=\"#_ftn12\" name=\"_ftnref12\"><span style=\"font-family: Calibri, sans-serif\"><span style=\"font-size: small\">[12]<\/span><\/span><\/a>;<\/p>\n<p style=\"text-align: left\">\u2014 Se algum pecado for esquecido, mesmo ap\u00f3s um bom exame de consci\u00eancia, o pecado foi perdoado na absolvi\u00e7\u00e3o, mas deve ser declarado na Confiss\u00e3o seguinte;<\/p>\n<p style=\"text-align: left\">\u2014 Se algum pecado grave for escondido de prop\u00f3sito, a Confiss\u00e3o foi inv\u00e1lida. N\u00e3o \u00e9 poss\u00edvel reconcilia\u00e7\u00e3o pela metade.<\/p>\n<p style=\"text-align: left\"><b>4) Absolvi\u00e7\u00e3o<\/b><\/p>\n<p style=\"text-align: left\">\u2014 Ap\u00f3s o ato de contri\u00e7\u00e3o (que poder\u00e1 ser lido, decorado ou espont\u00e2neo), o Sacerdote dar\u00e1 a absolvi\u00e7\u00e3o. Se os outros passos foram realizados corretamente, o fiel j\u00e1 se encontra em estado de gra\u00e7a.<\/p>\n<p style=\"text-align: left\"><b>5) Penit\u00eancia<\/b><\/p>\n<p style=\"text-align: left\">\u2014 A penit\u00eancia \u00e9 um bem para compensar o mal cometido pelo pecado. O fiel completar\u00e1 o processo de reconcilia\u00e7\u00e3o cumprindo a penit\u00eancia da Confiss\u00e3o, geralmente alguma ora\u00e7\u00e3o simples ou uma boa obra<a href=\"#_ftn13\" name=\"_ftnref13\"><span style=\"font-family: Calibri, sans-serif\"><span style=\"font-size: small\">[13]<\/span><\/span><\/a>.<\/p>\n<p style=\"text-align: left\"><strong>Autor:<\/strong>&nbsp;Padre Francisco Amaral, sacerdote da&nbsp;<a href=\"http:\/\/www.arquidiocesecuiaba.org.br\/\" target=\"_blank\" rel=\"noopener\">Arquidiocese de Cuiab\u00e1<\/a>-MT e vig\u00e1rio da Par\u00f3quia Santo Ant\u00f4nio de V\u00e1rzea Grande.&nbsp;<\/p>\n<p style=\"text-align: left\">Siga no:&nbsp;<a href=\"https:\/\/www.facebook.com\/padrefranciscoamaral\" target=\"_blank\" rel=\"noopener\">Facebook<\/a> | <a href=\"https:\/\/www.instagram.com\/padrefranciscoamaral\/\" target=\"_blank\" rel=\"noopener\">Instagran<\/a> | <a href=\"https:\/\/www.youtube.com\/padrefranciscoamaral\" target=\"_blank\" rel=\"noopener\">Youtube<\/a>.<\/p>\n<p style=\"text-align: left\"><strong>Links relacionados:<\/strong><\/p>\n<p>ACI DIGITAL.&nbsp;<a href=\"https:\/\/www.acidigital.com\/sacramentos\/penitencia\/exame.htm\" target=\"_blank\" rel=\"noopener\">Exame de consci\u00eancia<\/a>.<\/p>\n<p>CL\u00c9OFAS.&nbsp;<a href=\"http:\/\/cleofas.com.br\/o-inviolavel-segredo-da-confissao\/\" target=\"_blank\" rel=\"noopener\">O inviol\u00e1vel segredo da confiss\u00e3o<\/a><br \/>\nPADRE PAULO RICARDO. <a href=\"https:\/\/padrepauloricardo.org\/episodios\/quarta-feira-de-cinzas-as-tres-obras-quaresmais\" target=\"_blank\" rel=\"noopener\">As tr\u00eas obras quaresmais<\/a>.<br \/>\nPADRE PAULO RICARDO.&nbsp;<a href=\"https:\/\/padrepauloricardo.org\/episodios\/a-ultima-confissao\" target=\"_blank\" rel=\"noopener\">A \u00faltima Confiss\u00e3o<\/a><\/p>\n<p style=\"text-align: left\"><strong>Refer\u00eancias:<\/strong><\/p>\n<hr align=\"left\" size=\"1\" width=\"250\"\/>\n<div id=\"ftn1\" dir=\"ltr\">\n<p style=\"text-align: left\"><a href=\"#_ftnref1\" name=\"_ftn1\"><span style=\"font-family: Calibri, sans-serif\"><span style=\"font-size: small\">[1]<\/span><\/span><\/a><span style=\"font-size: small\">&nbsp; Cf. PAPA JO\u00c3O PAULO II. <a href=\"http:\/\/www.vatican.va\/archive\/cathechism_po\/index_new\/prima-pagina-cic_po.html\" target=\"_blank\" rel=\"noopener\">Catecismo da Igreja Cat\u00f3lica<\/a>, 1441-1442.<br \/>\n<\/span><a href=\"#_ftnref2\" name=\"_ftn2\"><span style=\"font-family: Calibri, sans-serif\"><span style=\"font-size: small\">[2]<\/span><\/span><\/a><span style=\"font-size: small\">&nbsp; <\/span><span style=\"font-size: small\"><i>Idem<\/i><\/span><span style=\"font-size: small\">, 1443-1445; 1485.}<br \/>\n<\/span><a href=\"#_ftnref3\" name=\"_ftn3\"><span style=\"font-family: Calibri, sans-serif\"><span style=\"font-size: small\">[3]<\/span><\/span><\/a><span style=\"font-size: small\">&nbsp; <\/span><span style=\"font-size: small\"><i>Idem,<\/i><\/span><span style=\"font-size: small\"> 1467.<br \/>\n<\/span><a href=\"#_ftnref4\" name=\"_ftn4\"><span style=\"font-family: Calibri, sans-serif\"><span style=\"font-size: small\">[4]<\/span><\/span><\/a><span style=\"font-size: small\">&nbsp; PAPA JO\u00c3O PAULO II. <a href=\"http:\/\/www.vatican.va\/archive\/cod-iuris-canonici\/portuguese\/codex-iuris-canonici_po.pdf\" target=\"_blank\" rel=\"noopener\">C\u00f3digo de Direito Can\u00f4nico<\/a>, c\u00e2non 1388 \u00a7 1.<br \/>\n<\/span><a href=\"#_ftnref5\" name=\"_ftn5\"><span style=\"font-family: Calibri, sans-serif\"><span style=\"font-size: small\">[5]<\/span><\/span><\/a><span style=\"font-size: small\">&nbsp; Cf. PAPA JO\u00c3O PAULO II. Catecismo da Igreja Cat\u00f3lica, 1446.<br \/>\n<\/span><a href=\"#_ftnref6\" name=\"_ftn6\"><span style=\"font-family: Calibri, sans-serif\"><span style=\"font-size: small\">[6]<\/span><\/span><\/a><span style=\"font-size: small\">&nbsp; <\/span><span style=\"font-size: small\"><i>Idem,<\/i><\/span><span style=\"font-size: small\"> 1484; 1493.<br \/>\n<\/span><a href=\"#_ftnref7\" name=\"_ftn7\"><span style=\"font-family: Calibri, sans-serif\"><span style=\"font-size: small\">[7]<\/span><\/span><\/a><span style=\"font-size: small\">&nbsp; PAPA JO\u00c3O PAULO II. C\u00f3digo de Direito Can\u00f4nico, c\u00e2non 989.<br \/>\n<\/span><a href=\"#_ftnref8\" name=\"_ftn8\"><span style=\"font-family: Calibri, sans-serif\"><span style=\"font-size: small\">[8]<\/span><\/span><\/a><span style=\"font-size: small\">&nbsp; <\/span><span style=\"font-size: small\">Cf. PAPA JO\u00c3O PAULO II. Catecismo da Igreja Cat\u00f3lica,<\/span><span style=\"font-size: small\"> 1457.<br \/>\n<\/span><a href=\"#_ftnref9\" name=\"_ftn9\"><span style=\"font-family: Calibri, sans-serif\"><span style=\"font-size: small\">[9]<\/span><\/span><\/a><span style=\"font-size: small\">&nbsp; <\/span><span style=\"font-size: small\"><i>Idem,<\/i><\/span><span style=\"font-size: small\"> 1454.<br \/>\n<\/span><a href=\"#_ftnref10\" name=\"_ftn10\"><span style=\"font-family: Calibri, sans-serif\"><span style=\"font-size: small\">[10]<\/span><\/span><\/a> <span style=\"font-size: small\"><i>Idem,<\/i><\/span><span style=\"font-size: small\"> 1451-1453.<br \/>\n<\/span><a href=\"#_ftnref11\" name=\"_ftn11\"><span style=\"font-family: Calibri, sans-serif\"><span style=\"font-size: small\">[11]<\/span><\/span><\/a> <span style=\"font-size: small\"><i>Idem,<\/i><\/span><span style=\"font-size: small\"> 1456.<br \/>\n<\/span><a href=\"#_ftnref12\" name=\"_ftn12\"><span style=\"font-family: Calibri, sans-serif\"><span style=\"font-size: small\">[12]<\/span><\/span><\/a> <span style=\"font-size: small\"><i>Idem,<\/i><\/span><span style=\"font-size: small\"> 1857.<br \/>\n<\/span><a href=\"#_ftnref13\" name=\"_ftn13\"><span style=\"font-family: Calibri, sans-serif\"><span style=\"font-size: small\">[13]<\/span><\/span><\/a> <span style=\"font-size: small\"><i>Idem,<\/i><\/span><span style=\"font-size: small\"> 1460.<br \/>\n<\/span><\/p>\n<\/div>\n","protected":false},"excerpt":{"rendered":"<p>Saibamos quais s\u00e3o os cinco passos necess\u00e1rios para fazer uma boa Confiss\u00e3o e receber as gra\u00e7as deste admir\u00e1vel sacramento da Miseric\u00f3rdia Divina. Quais s\u00e3o os passos para fazer uma boa Confiss\u00e3o? O sacramento da Confiss\u00e3o \u00e9 uma inven\u00e7\u00e3o dos homens,&#8230;<\/p>\n","protected":false},"author":4539,"featured_media":0,"comment_status":"open","ping_status":"open","sticky":false,"template":"","format":"standard","meta":{"_mi_skip_tracking":false,"_monsterinsights_sitenote_active":false,"_monsterinsights_sitenote_note":"","_monsterinsights_sitenote_category":0,"footnotes":""},"categories":[14931],"tags":[],"_links":{"self":[{"href":"https:\/\/blog.cancaonova.com\/tododemaria\/wp-json\/wp\/v2\/posts\/8440"}],"collection":[{"href":"https:\/\/blog.cancaonova.com\/tododemaria\/wp-json\/wp\/v2\/posts"}],"about":[{"href":"https:\/\/blog.cancaonova.com\/tododemaria\/wp-json\/wp\/v2\/types\/post"}],"author":[{"embeddable":true,"href":"https:\/\/blog.cancaonova.com\/tododemaria\/wp-json\/wp\/v2\/users\/4539"}],"replies":[{"embeddable":true,"href":"https:\/\/blog.cancaonova.com\/tododemaria\/wp-json\/wp\/v2\/comments?post=8440"}],"version-history":[{"count":6,"href":"https:\/\/blog.cancaonova.com\/tododemaria\/wp-json\/wp\/v2\/posts\/8440\/revisions"}],"predecessor-version":[{"id":8448,"href":"https:\/\/blog.cancaonova.com\/tododemaria\/wp-json\/wp\/v2\/posts\/8440\/revisions\/8448"}],"wp:attachment":[{"href":"https:\/\/blog.cancaonova.com\/tododemaria\/wp-json\/wp\/v2\/media?parent=8440"}],"wp:term":[{"taxonomy":"category","embeddable":true,"href":"https:\/\/blog.cancaonova.com\/tododemaria\/wp-json\/wp\/v2\/categories?post=8440"},{"taxonomy":"post_tag","embeddable":true,"href":"https:\/\/blog.cancaonova.com\/tododemaria\/wp-json\/wp\/v2\/tags?post=8440"}],"curies":[{"name":"wp","href":"https:\/\/api.w.org\/{rel}","templated":true}]}}