{"id":8460,"date":"2023-04-12T03:00:02","date_gmt":"2023-04-12T06:00:02","guid":{"rendered":"http:\/\/blog.cancaonova.com\/tododemaria\/?p=8460"},"modified":"2023-04-12T16:48:17","modified_gmt":"2023-04-12T19:48:17","slug":"a-alegria-da-virgem-maria-a-mae-do-ressuscitado","status":"publish","type":"post","link":"https:\/\/blog.cancaonova.com\/tododemaria\/a-alegria-da-virgem-maria-a-mae-do-ressuscitado\/","title":{"rendered":"A alegria da Virgem Maria, a M\u00e3e do Ressuscitado"},"content":{"rendered":"<p style=\"text-align: left\"><b>Meditemos sobre a alegria da Sant\u00edssima Virgem Maria, que nasce da ressurrei\u00e7\u00e3o de seu Filho Jesus Cristo, e a sua maternidade espiritual sobre a Igreja.<\/b><\/p>\n<p style=\"text-align: left\">\u201cLevanta-te e resplandece, Jerusal\u00e9m, que esta a chegar a tua luz! A gl\u00f3ria do Senhor amanhece sobre ti! Quando vires isto, ficar\u00e1s radiante de alegria; o teu cora\u00e7\u00e3o palpitar\u00e1 e se dilatar\u00e1\u201d (Is 60, 1.5).<\/p>\n<p style=\"text-align: left\">Ontem contempl\u00e1vamos a Jesus Ressuscitado, e de algum modo perd\u00edamo-nos na sua luz e na alegria dos seus ap\u00f3stolos que recuperavam a esperan\u00e7a ao ver o seu Mestre ressuscitado. Hoje \u00e9 bom que nos detenhamos uns instantes na alegria da Virgem Sant\u00edssima. Ela \u00e9 nossa m\u00e3e, e n\u00f3s queremos conhecer os ecos do seu esp\u00edrito. Queremos saber o que acontece no seu cora\u00e7\u00e3o.<\/p>\n<div id=\"attachment_8462\" style=\"width: 610px\" class=\"wp-caption aligncenter\"><a href=\"http:\/\/blog.cancaonova.com\/tododemaria\/files\/2018\/04\/a-alegria-da-virgem-maria-a-mae-do-ressuscitado.jpg\"><img loading=\"lazy\" decoding=\"async\" aria-describedby=\"caption-attachment-8462\" class=\"size-full wp-image-8462\" src=\"http:\/\/blog.cancaonova.com\/tododemaria\/files\/2018\/04\/a-alegria-da-virgem-maria-a-mae-do-ressuscitado.jpg\" alt=\"Meditemos sobre a alegria da Sant\u00edssima Virgem Maria, que nasce da ressurrei\u00e7\u00e3o de seu Filho Jesus Cristo, e a sua maternidade espiritual sobre a Igreja.\" width=\"600\" height=\"330\" srcset=\"https:\/\/blog.cancaonova.com\/tododemaria\/files\/2018\/04\/a-alegria-da-virgem-maria-a-mae-do-ressuscitado.jpg 600w, https:\/\/blog.cancaonova.com\/tododemaria\/files\/2018\/04\/a-alegria-da-virgem-maria-a-mae-do-ressuscitado-300x165.jpg 300w\" sizes=\"(max-width: 600px) 100vw, 600px\" \/><\/a><p id=\"caption-attachment-8462\" class=\"wp-caption-text\">Apari\u00e7\u00e3o de Jesus ressuscitado a Maria.<\/p><\/div>\n<p style=\"text-align: left\">Iremos alegres procur\u00e1-la na sua solid\u00e3o, para a contemplar precisamente a\u00ed. Maria n\u00e3o se p\u00f5e em primeiro plano, est\u00e1 sempre na penumbra, quase se tem que fazer um esfor\u00e7o para encontr\u00e1-la, para conhec\u00ea-la; mas sentimos a necessidade de o fazer.<!--more Continue lendo...--><\/p>\n<p style=\"text-align: center\"><strong><a href=\"http:\/\/feedburner.google.com\/fb\/a\/mailverify?uri=TodoDeMaria\" target=\"_blank\" rel=\"noopener\">Inscreva-se e receba o conte\u00fado deste blog gratuitamente em seu e-mail.<\/a><\/strong><\/p>\n<p style=\"text-align: left\"><b>Nossa Senhora e a alegria da Ressurrei\u00e7\u00e3o<\/b><\/p>\n<p style=\"text-align: left\">Pensemos, durante uns momentos, na Virgem Sant\u00edssima no dia da Ressurrei\u00e7\u00e3o. Cremos sinceramente que Nosso Senhor apareceu a sua M\u00e3e; o seu Filho ressuscitado quis que ela participasse da sua alegria e do seu triunfo. Na tarde de Sexta-Feira Santa e durante todo o dia de S\u00e1bado Santo, deixamo-la mergulhada numa dor que mal podemos imaginar. Permanecia nobre e serena. V\u00edamo-la grande na sua dor, grande sobretudo diante da palavra substancial de Jesus que no Calv\u00e1rio tinha consagrado a sua maternidade (cf. Jo 19, 27), maternidade divina tornada maternidade de gra\u00e7a do Corpo m\u00edstico de Cristo e de toda a humanidade redimida.<\/p>\n<p style=\"text-align: left\">Grande, sim, mas qu\u00e3o cheia de dor! Assim procur\u00e1vamos compreend\u00ea-la.<\/p>\n<p style=\"text-align: left\">Nesse sofrimento, nesse mar de dores que procurava sepult\u00e1-la nas suas ondas amargas, descobr\u00edamos uma chama: uma luzinha de esperan\u00e7a, mas de uma esperan\u00e7a firme e grande, que dava alento a Virgem e animava j\u00e1, nela, o Corpo m\u00edstico de Cristo. Junto da cruz, junto a Jesus morto e sepultado, Maria era a \u00fanica esperan\u00e7a, uma esperan\u00e7a viva, uma esperan\u00e7a que se cimentava [firmava] na fecundidade de uma m\u00e3e sempre viva.<\/p>\n<p style=\"text-align: left\">E hoje Jesus ressuscitou e apareceu-lhe. Que alegria para ela&#8230;! No dia da Visita\u00e7\u00e3o, a Virgem cantava: \u201cA minha alma glorifica o Senhor e o meu esp\u00edrito exulta de alegria em Deus meu Salvador\u201d (Lc 1, 46.47). Que j\u00fabilo no dia da Ressurrei\u00e7\u00e3o! Exulta\u00e7\u00e3o da sua alma e da sua esperan\u00e7a que agora alcan\u00e7a, por fim, o seu objetivo; exulta\u00e7\u00e3o e todo o seu ser. Sim, eram verdadeiras as palavras do Anjo na Anuncia\u00e7\u00e3o (cf. Lc 1, 26-38). Aquele filho que ela tinha gerado era verdadeiramente o Filho de Deus, era realmente o Messias. Tinham-no feito morrer porque era preciso que passasse pelo sofrimento e pela morte. Mas agora estava vivo, tinha ressuscitado. E era, sem d\u00favida alguma, o Rei que lhe tinham prometido; era realmente o Homem-Deus, de uma altura humana incompar\u00e1vel, \u00e0 qual se juntava toda a sua altura divina transcendente.<\/p>\n<p style=\"text-align: left\"><b>Maria Sant\u00edssima e a alegria do Esp\u00edrito Santo<\/b><\/p>\n<p style=\"text-align: left\">E a Virgem Maria estremece de alegria e estremece tamb\u00e9m de esperan\u00e7a. S\u00e3o Jo\u00e3o da Cruz fala das aspira\u00e7\u00f5es do Verbo na alma: \u201cacordas no meu seio\u201d, escreve o Santo<a href=\"#_ftn1\" name=\"_ftnref1\"><span style=\"font-family: Calibri, sans-serif\"><span style=\"font-size: small\">[1]<\/span><\/span><\/a>. Esta \u00e9 uma dessas aspira\u00e7\u00f5es do Verbo, que parece adormecido e que, sob a chama e o sopro do Esp\u00edrito Santo, desperta na alma. O Esp\u00edrito canta-se a si mesmo, ele mesmo exulta de alegria, e faz que estreme\u00e7am de alegria n\u00e3o s\u00f3 a alma espiritual e a gra\u00e7a, mas tamb\u00e9m o corpo. Isto \u00e9 o que acontece quando a fonte desta alegria \u00e9 espiritual: estende-se at\u00e9 aos \u00faltimos cantos do ser e da pessoa. E, no caso de Maria, n\u00e3o foi s\u00f3 uma irradia\u00e7\u00e3o no seu corpo e na sua carne, mas a sua mesma carne estremecia de alegria \u00e0 vista, ao contato, no abra\u00e7o \u2013 poder\u00edamos dizer \u2013 com a carne e o corpo do Homem-Deus, o seu Filho ressuscitado.<\/p>\n<p style=\"text-align: left\">Assim teve que ser a alegria da Virgem Sant\u00edssima, o seu estremecimento, festa do Esp\u00edrito Santo em todo o seu ser, com uma pureza, uma serenidade exterior e uma beleza do mais al\u00e9m.<\/p>\n<p style=\"text-align: left\">E a tudo isso juntava-se uma esperan\u00e7a, ou melhor dito, uma realidade: a sua maternidade espiritual, que entrava j\u00e1 em a\u00e7\u00e3o. De Cristo ressuscitado manava a vida; d\u2019Ele brotavam em torrentes e com incompar\u00e1vel forca a luz e a vida. Essa vida que continuar\u00e1 a brotar at\u00e9 que Cristo tenha consumado a edifica\u00e7\u00e3o plena do seu Corpo m\u00edstico.<\/p>\n<p style=\"text-align: left\"><b>A ressurrei\u00e7\u00e3o e a maternidade espiritual de Maria<\/b><\/p>\n<p style=\"text-align: left\">\u201cEle \u00e9 a pedra\u201d(cf. 1 Cor 10, 4), a fonte de \u00e1gua viva (cf. Jo 4, 10). E esse Cristo, expandido e dilatado, continuar\u00e1 a crescer at\u00e9 alcan\u00e7ar a estatura querida por Deus desde toda a eternidade. Antes da sua morte, Jesus tinha feito esta peti\u00e7\u00e3o: \u201cPai, glorifica-me com a gl\u00f3ria que eu tinha no teu seio antes que o mundo existisse, faz-me como Tu me viste\u201d (Jo 17, 5). O pensamento do Pai e o seu des\u00edgnio eterno come\u00e7am a ser realidade. E a Virgem Maria percebia j\u00e1 tudo isso, sentia o poder dessa vida, a sua for\u00e7a redentora e a sua efic\u00e1cia unificadora.<\/p>\n<p style=\"text-align: left\">Ao ver essa torrente de vida que brotava de toda a humanidade de nosso Senhor, Maria sentia-se ao mesmo tempo profundamente associada a essa fecundidade. Tamb\u00e9m para isso a Sant\u00edssima Trindade tinha necessidade de uma m\u00e3e. Maria j\u00e1 tinha sido m\u00e3e: no dia da Anuncia\u00e7\u00e3o, tinha-se convertido na m\u00e3e de Deus para que nascesse o Homem-Deus, para que tivesse lugar a uni\u00e3o hipost\u00e1tica<a href=\"#_ftn2\" name=\"_ftnref2\"><span style=\"font-family: Calibri, sans-serif\"><span style=\"font-size: small\">[2]<\/span><\/span><\/a>. E agora sentia-se m\u00e3e mais do que nunca. A sua maternidade estender-se-ia j\u00e1 ao Corpo m\u00edstico de Cristo, \u00e0 Igreja que ia ser edificada.<\/p>\n<p style=\"text-align: left\">Essa maternidade que nela se abria \u00e0 medida da Igreja, Maria sentia-a em pot\u00eancia e em a\u00e7\u00e3o. E, desse modo, ela mesma se sentia crescer \u00e0 medida do pensamento de Deus.<\/p>\n<p style=\"text-align: left\">Saudemos esta maternidade espiritual da Sant\u00edssima Virgem, saudemos a M\u00e3e da Vida, saudemos a Nossa Senhora da Vida. Contemplemo-la em toda a sua fecundidade, na sua imaculada formosura, na sua pureza; mas, ao mesmo tempo, na sua maternidade. A ela, a Nossa Senhora da Vida, \u00e0 Virgem Sant\u00edssima na sua maternidade espiritual, subam hoje as nossas ora\u00e7\u00f5es, o nosso louvor filial e o nosso amor&#8230;<\/p>\n<p style=\"text-align: left\">E pedi \u00e0 Virgem Sant\u00edssima, a Nossa Senhora da Vida, que seja para cada um de v\u00f3s M\u00e3e de Vida, e o seja em plenitude, e a sua fecundidade se realize em toda a sua totalidade, \u00e0 medida n\u00e3o s\u00f3 dos nossos desejos, mas dos des\u00edgnios de Deus.<\/p>\n<p>Fonte: PADRE MARIA EUG\u00caNIO.&nbsp;<a href=\"http:\/\/www.carmelo.pt\/index.php?route=product\/product&amp;path=59_81&amp;product_id=61\" target=\"_blank\" rel=\"noopener\">Contempla\u00e7\u00e3o do Mist\u00e9rio Pascal de Jesus<\/a>, pp. 59-62.<\/p>\n<p><strong>Links relacionados:<\/strong><\/p>\n<p>PADRE PAULO RICARDO.&nbsp;<a href=\"https:\/\/padrepauloricardo.org\/episodios\/a-alegria-da-fe\" target=\"_blank\" rel=\"noopener\">A alegria da f\u00e9<\/a>.<br \/>\nTODO DE MARIA.&nbsp;<a href=\"https:\/\/blog.cancaonova.com\/tododemaria\/maria-esperanca-na-noite-escura\/\" target=\"_blank\" rel=\"noopener\">Maria, esperan\u00e7a na noite escura<\/a>.<br \/>\nTODO DE MARIA.&nbsp;<a href=\"https:\/\/blog.cancaonova.com\/tododemaria\/uma-pascoa-com-maria\/\" target=\"_blank\" rel=\"noopener\">Uma P\u00e1scoa com Maria<\/a>.&nbsp;<\/p>\n<p><strong>Refer\u00eancia e nota :<\/strong><\/p>\n<hr align=\"left\" size=\"1\" width=\"250\" \/>\n<div id=\"ftn1\" dir=\"ltr\" style=\"text-align: left\">\n<p><a href=\"#_ftnref1\" name=\"_ftn1\"><span style=\"font-family: Calibri, sans-serif\"><span style=\"font-size: small\">[1]<\/span><\/span><\/a><span style=\"font-size: small\">&nbsp; Cf. Chama de Amor Viva, estrofe 4.<br \/>\n<\/span><a href=\"#_ftnref2\" name=\"_ftn2\"><span style=\"font-family: Calibri, sans-serif\"><span style=\"font-size: small\">[2]<\/span><\/span><\/a><span style=\"font-size: small\">&nbsp; Jesus Cristo \u00e9 verdadeiro Deus e verdadeiro homem. O Filho de Deus, Segunda Pessoa da Sant\u00edssima Trindade, assumiu a natureza humana conservando a sua natureza divina. Para exprimir este mist\u00e9rio, a teologia usa o termo \u201cuni\u00e3o hipost\u00e1tica\u201d, quer dizer, uni\u00e3o na Pessoa (em grego: <\/span><span style=\"font-size: small\"><i>hipostase<\/i><\/span><span style=\"font-size: small\">). Essa uni\u00e3o, que tem lugar na Encarna\u00e7\u00e3o, \u00e9 j\u00e1 indissol\u00favel, isto \u00e9, permanente e definitiva.<\/span><\/p>\n<\/div>\n","protected":false},"excerpt":{"rendered":"<p>Meditemos sobre a alegria da Sant\u00edssima Virgem Maria, que nasce da ressurrei\u00e7\u00e3o de seu Filho Jesus Cristo, e a sua maternidade espiritual sobre a Igreja. \u201cLevanta-te e resplandece, Jerusal\u00e9m, que esta a chegar a tua luz! A gl\u00f3ria do Senhor&#8230;<\/p>\n","protected":false},"author":4539,"featured_media":0,"comment_status":"open","ping_status":"open","sticky":false,"template":"","format":"standard","meta":{"_mi_skip_tracking":false,"_monsterinsights_sitenote_active":false,"_monsterinsights_sitenote_note":"","_monsterinsights_sitenote_category":0,"footnotes":""},"categories":[186083],"tags":[],"_links":{"self":[{"href":"https:\/\/blog.cancaonova.com\/tododemaria\/wp-json\/wp\/v2\/posts\/8460"}],"collection":[{"href":"https:\/\/blog.cancaonova.com\/tododemaria\/wp-json\/wp\/v2\/posts"}],"about":[{"href":"https:\/\/blog.cancaonova.com\/tododemaria\/wp-json\/wp\/v2\/types\/post"}],"author":[{"embeddable":true,"href":"https:\/\/blog.cancaonova.com\/tododemaria\/wp-json\/wp\/v2\/users\/4539"}],"replies":[{"embeddable":true,"href":"https:\/\/blog.cancaonova.com\/tododemaria\/wp-json\/wp\/v2\/comments?post=8460"}],"version-history":[{"count":5,"href":"https:\/\/blog.cancaonova.com\/tododemaria\/wp-json\/wp\/v2\/posts\/8460\/revisions"}],"predecessor-version":[{"id":8466,"href":"https:\/\/blog.cancaonova.com\/tododemaria\/wp-json\/wp\/v2\/posts\/8460\/revisions\/8466"}],"wp:attachment":[{"href":"https:\/\/blog.cancaonova.com\/tododemaria\/wp-json\/wp\/v2\/media?parent=8460"}],"wp:term":[{"taxonomy":"category","embeddable":true,"href":"https:\/\/blog.cancaonova.com\/tododemaria\/wp-json\/wp\/v2\/categories?post=8460"},{"taxonomy":"post_tag","embeddable":true,"href":"https:\/\/blog.cancaonova.com\/tododemaria\/wp-json\/wp\/v2\/tags?post=8460"}],"curies":[{"name":"wp","href":"https:\/\/api.w.org\/{rel}","templated":true}]}}