{"id":8549,"date":"2018-04-23T03:00:13","date_gmt":"2018-04-23T06:00:13","guid":{"rendered":"http:\/\/blog.cancaonova.com\/tododemaria\/?p=8549"},"modified":"2018-04-23T00:20:08","modified_gmt":"2018-04-23T03:20:08","slug":"maria-santissima-modelo-de-pobreza","status":"publish","type":"post","link":"https:\/\/blog.cancaonova.com\/tododemaria\/maria-santissima-modelo-de-pobreza\/","title":{"rendered":"Maria Sant\u00edssima, modelo de pobreza"},"content":{"rendered":"<p><b>Meditemos com Santo Afonso Maria de Lig\u00f3rio sobre a Sant\u00edssima Virgem Maria como modelo da virtude da pobreza.<\/b><\/p>\n<p>Nosso Senhor Jesus Cristo, o divino Redentor, quis sempre ser pobre nesta terra para nos ensinar a desprezar os bens deste mundo e a Sant\u00edssima Virgem Maria seguiu o Seu exemplo, mostrando-se a sua disc\u00edpula mais perfeita, j\u00e1 que tamb\u00e9m ela nasceu, viveu e morreu na maior pobreza.<\/p>\n<div id=\"attachment_8555\" style=\"width: 610px\" class=\"wp-caption aligncenter\"><a href=\"http:\/\/blog.cancaonova.com\/tododemaria\/files\/2018\/04\/maria-santissima-modelo-de-pobreza.jpg\"><img loading=\"lazy\" decoding=\"async\" aria-describedby=\"caption-attachment-8555\" class=\"size-full wp-image-8555\" src=\"http:\/\/blog.cancaonova.com\/tododemaria\/files\/2018\/04\/maria-santissima-modelo-de-pobreza.jpg\" alt=\"Meditemos com Santo Afonso Maria de Lig\u00f3rio sobre a Sant\u00edssima Virgem Maria como modelo da virtude da pobreza.\" width=\"600\" height=\"330\" srcset=\"https:\/\/blog.cancaonova.com\/tododemaria\/files\/2018\/04\/maria-santissima-modelo-de-pobreza.jpg 600w, https:\/\/blog.cancaonova.com\/tododemaria\/files\/2018\/04\/maria-santissima-modelo-de-pobreza-300x165.jpg 300w\" sizes=\"(max-width: 600px) 100vw, 600px\" \/><\/a><p id=\"caption-attachment-8555\" class=\"wp-caption-text\"><a href=\"http:\/\/mariamaedasgracas.blogspot.com.br\/2015\/02\/nossa-senhora-de-banneux-virgem-dos.html\" target=\"_blank\" rel=\"noopener\">Nossa Senhora dos Pobres<\/a>.<\/p><\/div>\n<p>Sendo assim, perguntemo-nos: somos n\u00f3s tamb\u00e9m amantes de t\u00e3o bela virtude, que \u00e9 a santa pobreza, e dos inc\u00f4modos que a acompanham? Como fi\u00e9is disc\u00edpulos de nosso Senhor, esforcemo-nos a todo custo por imitar a pobreza de nossa M\u00e3e Sant\u00edssima, lembrando-nos de que, se amamos as comodidades e as riquezas, nunca seremos santos.<!--more Continue lendo...--><\/p>\n<p style=\"text-align: center\"><strong><a href=\"http:\/\/feedburner.google.com\/fb\/a\/mailverify?uri=TodoDeMaria\" target=\"_blank\" rel=\"noopener\">Inscreva-se e receba o conte\u00fado deste blog gratuitamente em seu e-mail.<\/a><\/strong><\/p>\n<p><b>A pobreza da Sant\u00edssima Virgem Maria<\/b><\/p>\n<p>O nosso divino e amoroso Redentor, para nos ensinar a desprezar os bens mundanos, quis ser pobre neste mundo. Por isso, o Senhor Jesus exorta a todo aquele que queira segui-Lo a que venda todos os seus bens e distribua o dinheiro entre os pobres: \u201c<i>Si vis perfectus esse, vade, vende quae habes, et da pauperibus\u2026 et veni, sequere me<\/i> \u2013 Se queres ser perfeito, vai, vende o que tens, e d\u00e1-o aos pobres\u2026 depois vem e segue-me\u201d (Mt 19, 21).<\/p>\n<p>Eis como Maria Sant\u00edssima, a sua disc\u00edpula mais perfeita, seguiu exatamente o exemplo de seu divino Filho. O bem-aventurado Can\u00edsio afirma que a Sant\u00edssima Virgem poderia viver muito comodamente com a heran\u00e7a recebida de seus pais, mas preferiu ser pobre, reservou para si uma pequena parte e distribuiu o restante em esmolas ao templo e aos pobres.<\/p>\n<p>Muitos escritores sagrados afirmam que Maria Sant\u00edssima fez tamb\u00e9m o voto de pobreza, o que ela mesma revelou a Santa Br\u00edgida, que desde o princ\u00edpio de sua vida prometeu no \u00edntimo de seu cora\u00e7\u00e3o nunca possuir coisa alguma neste mundo: <i>A principio vovi in corde meo, nihil umquam possidere in mundo<\/i>. Os dons que Nossa Senhora recebeu dos santos Magos certamente n\u00e3o foram de pouco valor (cf. Mt 2, 1-11), mas distribuiu-os todos aos pobres, como atesta S\u00e3o Bernardo. Isto se deduz tamb\u00e9m do fato de que ela, quando apresentou seu divino Filho no templo de Jerusal\u00e9m, n\u00e3o ofereceu o cordeiro, que era a oferta das pessoas abastadas (cf. Lv 12, 6), mas duas rolas ou dois pombinhos (cf. Lc 2, 24), a oferta dos pobres.<\/p>\n<p>A pr\u00f3pria Virgem Maria, para atestar a pobreza em que vivia, disse a Santa Br\u00edgida: \u201cTudo o que podia obter, eu dava-o aos pobres, e n\u00e3o reservei nada para mim, sen\u00e3o um t\u00eanue alimento e o vestido\u201d<a href=\"#_ftn1\" name=\"_ftnref1\"><span style=\"font-family: Calibri, sans-serif\"><span style=\"font-size: small\">[1]<\/span><\/span><\/a>.<\/p>\n<p>Por amor \u00e0 pobreza, a Virgem de Nazar\u00e9 n\u00e3o duvidou desposar-se com um pobre carpinteiro chamado Jos\u00e9 (cf. Lc 1, 27), e depois sustentar-se com o trabalho de suas m\u00e3os, fiando ou cosendo, como atesta S\u00e3o Boaventura. Numa palavra, as riquezas do mundo foram para Maria Sant\u00edssima como que lodo, por isso ela sempre viveu pobre e morreu pobre. Na morte, n\u00e3o se sabe que deixasse outra coisa sen\u00e3o duas pobres vestes, que deu a duas mulheres que a serviram em vida<a href=\"#_ftn2\" name=\"_ftnref2\"><span style=\"font-family: Calibri, sans-serif\"><span style=\"font-size: small\">[2]<\/span><\/span><\/a>.<\/p>\n<p><b>O significado da virtude da pobreza<\/b><\/p>\n<p>Quem ama os bens do mundo nunca ser\u00e1 santo, dizia S\u00e3o Filipe Neri. Nesse sentido, Santa Teresa acrescentava: \u201c\u00c9 justo que quem vai atr\u00e1s das coisas perdidas, tamb\u00e9m se perca\u201d<a href=\"#_ftn3\" name=\"_ftnref3\"><span style=\"font-family: Calibri, sans-serif\"><span style=\"font-size: small\">[3]<\/span><\/span><\/a>. Por outro lado, dizia a mesma Santa que a virtude da pobreza \u00e9 um bem que encerra todos os outros bens. S\u00e3o Bernardo observava que a virtude da pobreza n\u00e3o consiste somente em ser pobre, mas em amar a pobreza. Por isso, Jesus Cristo disse: \u201c<i>Beati pauperes spiritu<\/i> \u2013 Bem-aventurados os pobres de esp\u00edrito\u201d (Mt 5, 3). Bem-aventurados, sim, porque aqueles que n\u00e3o querem sen\u00e3o a Deus, n\u2019Ele encontram todos os bens e, na pobreza, o seu para\u00edso na terra.<\/p>\n<p>Amemos Deus, nosso \u00fanico Bem, em quem se acham todos os bens, conforme exortava Santo Agostinho, e pe\u00e7amos ao Senhor com Santo In\u00e1cio: \u201cMeu Deus, dai-me somente o vosso amor com a vossa gra\u00e7a, e sou bastante rico\u201d<a href=\"#_ftn4\" name=\"_ftnref4\"><span style=\"font-family: Calibri, sans-serif\"><span style=\"font-size: small\">[4]<\/span><\/span><\/a>. E, quando nos afligir a pobreza material, consolemo-nos com o pensamento de que Jesus Cristo e sua M\u00e3e Sant\u00edssima tamb\u00e9m foram pobres como n\u00f3s.<\/p>\n<p><strong>Assista ao programa do Padre Paulo Ricardo sobre \u201c<a href=\"https:\/\/padrepauloricardo.org\/episodios\/a-pobreza-do-salvador\" target=\"_blank\" rel=\"noopener\">A pobreza do Salvador<\/a>\u201d:<\/strong><\/p>\n<iframe loading=\"lazy\" width=\"640\" height=\"360\" src=\"https:\/\/www.youtube-nocookie.com\/embed\/YiHiRQkKBbk?rel=0&amp;showinfo=0\" frameborder=\"0\" allow=\"autoplay; encrypted-media\" allowfullscreen><\/iframe>\n<p><b>Ora\u00e7\u00e3o a Jesus e a Maria pela virtude da pobreza<\/b><\/p>\n<blockquote><p><span style=\"font-size: small\">Ah, minha M\u00e3e Sant\u00edssima, bem tivestes raz\u00e3o de dizer que em Deus estava a vossa alegria: \u201c<i>Et exultavit spiritus meus in Deo salutari meo<\/i> \u2013 E meu esp\u00edrito alegrou-se em Deus meu Salvador\u201d (Lc 1 ,47), porque neste mundo n\u00e3o ambicionastes nem amastes outro bem sen\u00e3o Deus. \u201c<i>Trahe me post te<\/i>\u201d (Ct 1, 4). Senhora, desapegai-me do mundo e arrastai-me atr\u00e1s de v\u00f3s, para amar s\u00f3 \u00e0quele que s\u00f3 merece ser amado. \u2013 E V\u00f3s, \u00f3 meu Jesus, vinde pelo vosso amor consumir em mim todos os afetos que n\u00e3o sejam para V\u00f3s. Fazei com que no futuro eu n\u00e3o atenda sen\u00e3o a V\u00f3s, n\u00e3o pense sen\u00e3o em V\u00f3s, n\u00e3o suspire sen\u00e3o por V\u00f3s. Fazei, numa palavra, com que imitando a virtude de vossa querida M\u00e3e e minha grande Rainha, eu morra a todos os bens da terra e a todas as minhas inclina\u00e7\u00f5es, para n\u00e3o amar sen\u00e3o a vossa bondade infinita e n\u00e3o desejar sen\u00e3o a vossa gra\u00e7a e o vosso amor.<\/span><\/p><\/blockquote>\n<p><a href=\"http:\/\/www.arquisp.org.br\/liturgia\/santo-do-dia\/nossa-senhora-dos-pobres\">Nossa Senhora dos Pobres<\/a>, rogai por n\u00f3s!<\/p>\n<p><strong>Links relacionados:<\/strong><\/p>\n<p>TODO DE MARIA.&nbsp;<a href=\"https:\/\/blog.cancaonova.com\/tododemaria\/a-apresentacao-de-jesus-e-a-dor-de-maria\/\" target=\"_blank\" rel=\"noopener\">A Apresenta\u00e7\u00e3o de Jesus e a dor de Maria<\/a>.<br \/>\nTODO DE MARIA.&nbsp;<a href=\"https:\/\/blog.cancaonova.com\/tododemaria\/a-consagracao-e-a-humildade-de-maria\/\" target=\"_blank\" rel=\"noopener\">A consagra\u00e7\u00e3o e a humildade de Maria<\/a>.<br \/>\nTODO DE MARIA.&nbsp;<a href=\"https:\/\/blog.cancaonova.com\/tododemaria\/a-sagrada-familia-na-vida-cotidiana-de-nazare\/\" target=\"_blank\" rel=\"noopener\">A Sagrada Fam\u00edlia na vida cotidiana de Nazar\u00e9<\/a>.<\/p>\n<p><strong>Refer\u00eancias:<\/strong><\/p>\n<hr align=\"left\" size=\"1\" width=\"250\"\/>\n<div id=\"ftn1\" dir=\"ltr\">\n<p><a href=\"#_ftnref1\" name=\"_ftn1\"><span style=\"font-family: Calibri, sans-serif\"><span style=\"font-size: small\">[1]<\/span><\/span><\/a><span style=\"font-size: small\">&nbsp; SANTO AFONSO MARIA DE LIG\u00d3RIO. <a href=\"http:\/\/alexandriacatolica.blogspot.com.br\/2011\/03\/fonte-meditacoes-para-todos-os-dias-e.html\" target=\"_blank\" rel=\"noopener\">Medita\u00e7\u00f5es para todos os Dias e Festas do Ano<\/a>: Tomo II, p. 71.<br \/>\n<\/span><a href=\"#_ftnref2\" name=\"_ftn2\"><span style=\"font-family: Calibri, sans-serif\"><span style=\"font-size: small\">[2]<\/span><\/span><\/a><span style=\"font-size: small\">&nbsp; <\/span><span style=\"font-size: small\"><i>Idem, ibidem. Apost. Metaph.<br \/>\n<\/i><\/span><a href=\"#_ftnref3\" name=\"_ftn3\"><span style=\"font-family: Calibri, sans-serif\"><span style=\"font-size: small\">[3]<\/span><\/span><\/a><span style=\"font-size: small\">&nbsp; <\/span><span style=\"font-size: small\"><i>Idem, ibidem.<br \/>\n<\/i><\/span><a href=\"#_ftnref4\" name=\"_ftn4\"><span style=\"font-family: Calibri, sans-serif\"><span style=\"font-size: small\">[4]<\/span><\/span><\/a><span style=\"font-size: small\">&nbsp; <\/span><span style=\"font-size: small\"><i>Idem,<\/i><\/span><span style=\"font-size: small\"> p. 71-72.<\/span><\/p>\n<\/div>\n","protected":false},"excerpt":{"rendered":"<p>Meditemos com Santo Afonso Maria de Lig\u00f3rio sobre a Sant\u00edssima Virgem Maria como modelo da virtude da pobreza. Nosso Senhor Jesus Cristo, o divino Redentor, quis sempre ser pobre nesta terra para nos ensinar a desprezar os bens deste mundo&#8230;<\/p>\n","protected":false},"author":4539,"featured_media":0,"comment_status":"open","ping_status":"open","sticky":false,"template":"","format":"standard","meta":{"_mi_skip_tracking":false,"_monsterinsights_sitenote_active":false,"_monsterinsights_sitenote_note":"","_monsterinsights_sitenote_category":0,"footnotes":""},"categories":[186332],"tags":[],"_links":{"self":[{"href":"https:\/\/blog.cancaonova.com\/tododemaria\/wp-json\/wp\/v2\/posts\/8549"}],"collection":[{"href":"https:\/\/blog.cancaonova.com\/tododemaria\/wp-json\/wp\/v2\/posts"}],"about":[{"href":"https:\/\/blog.cancaonova.com\/tododemaria\/wp-json\/wp\/v2\/types\/post"}],"author":[{"embeddable":true,"href":"https:\/\/blog.cancaonova.com\/tododemaria\/wp-json\/wp\/v2\/users\/4539"}],"replies":[{"embeddable":true,"href":"https:\/\/blog.cancaonova.com\/tododemaria\/wp-json\/wp\/v2\/comments?post=8549"}],"version-history":[{"count":6,"href":"https:\/\/blog.cancaonova.com\/tododemaria\/wp-json\/wp\/v2\/posts\/8549\/revisions"}],"predecessor-version":[{"id":8557,"href":"https:\/\/blog.cancaonova.com\/tododemaria\/wp-json\/wp\/v2\/posts\/8549\/revisions\/8557"}],"wp:attachment":[{"href":"https:\/\/blog.cancaonova.com\/tododemaria\/wp-json\/wp\/v2\/media?parent=8549"}],"wp:term":[{"taxonomy":"category","embeddable":true,"href":"https:\/\/blog.cancaonova.com\/tododemaria\/wp-json\/wp\/v2\/categories?post=8549"},{"taxonomy":"post_tag","embeddable":true,"href":"https:\/\/blog.cancaonova.com\/tododemaria\/wp-json\/wp\/v2\/tags?post=8549"}],"curies":[{"name":"wp","href":"https:\/\/api.w.org\/{rel}","templated":true}]}}