{"id":8565,"date":"2018-05-02T03:00:30","date_gmt":"2018-05-02T06:00:30","guid":{"rendered":"http:\/\/blog.cancaonova.com\/tododemaria\/?p=8565"},"modified":"2018-05-01T22:53:31","modified_gmt":"2018-05-02T01:53:31","slug":"o-ofertorio-paulino-do-beato-tiago-alberione","status":"publish","type":"post","link":"https:\/\/blog.cancaonova.com\/tododemaria\/o-ofertorio-paulino-do-beato-tiago-alberione\/","title":{"rendered":"O Ofert\u00f3rio Paulino do Beato Tiago Alberione"},"content":{"rendered":"<p style=\"text-align: left\"><b>Conhe\u00e7a o Ofert\u00f3rio Paulino, ora\u00e7\u00e3o composta pelo Beato Tiago Alberione, que tamb\u00e9m escreveu muitas ora\u00e7\u00f5es a Maria Rainha dos Ap\u00f3stolos e era um propagador da consagra\u00e7\u00e3o a Maria segundo S\u00e3o Luiz Maria Grignion de Monfort.<\/b><\/p>\n<p style=\"text-align: left\">Esta ora\u00e7\u00e3o, conhecida com o nome de Ofert\u00f3rio Paulino, \u00e9 de autoria de Alberione e revela o esp\u00edrito que o animava. Tr\u00eas temas centrais a estruturam: a sede de almas, a repara\u00e7\u00e3o, o sacrif\u00edcio \u2013 oferta. De 1924, quando foi composta, at\u00e9 1985, passou por cerca de 20 vers\u00f5es. Em cada vers\u00e3o, revela o conceito de comunica\u00e7\u00e3o da \u00e9poca. Inicialmente, a Imprensa, os modernos meios, sobretudo depois da participa\u00e7\u00e3o do fundador no Conc\u00edlio Vaticano II. Desde que a comp\u00f4s, em 1924, Alberione desejava que os colaboradores a rezassem diariamente.<a href=\"http:\/\/blog.cancaonova.com\/tododemaria\/files\/2018\/05\/o-ofertorio-paulino-do-beato-tiago-alberione2.jpg\"><img loading=\"lazy\" decoding=\"async\" class=\"size-full wp-image-8574 aligncenter\" src=\"http:\/\/blog.cancaonova.com\/tododemaria\/files\/2018\/05\/o-ofertorio-paulino-do-beato-tiago-alberione2.jpg\" alt=\"Conhe\u00e7a o Ofert\u00f3rio Paulino, ora\u00e7\u00e3o composta pelo Beato Tiago Alberione, que tamb\u00e9m escreveu muitas ora\u00e7\u00f5es a Maria Rainha dos Ap\u00f3stolos e era um propagador da consagra\u00e7\u00e3o a Maria segundo S\u00e3o Luiz Maria Grignion de Monfort.\" width=\"600\" height=\"330\" srcset=\"https:\/\/blog.cancaonova.com\/tododemaria\/files\/2018\/05\/o-ofertorio-paulino-do-beato-tiago-alberione2.jpg 600w, https:\/\/blog.cancaonova.com\/tododemaria\/files\/2018\/05\/o-ofertorio-paulino-do-beato-tiago-alberione2-300x165.jpg 300w\" sizes=\"(max-width: 600px) 100vw, 600px\" \/><\/a><\/p>\n<p style=\"text-align: left\">O Ofert\u00f3rio Paulino \u00e9 uma ora\u00e7\u00e3o muito querida e importante para Alberione e para n\u00f3s, hoje. \u00c9 um convite a aprofundar aspectos essenciais da nossa espiritualidade apost\u00f3lica paulina, como a repara\u00e7\u00e3o, o sacrif\u00edcio de si mesmo, a sede imensa de almas, que pode traduzir-se por responsabilidade apost\u00f3lica, que tanto caracterizou a vida e a obra do nosso Fundador.<\/p>\n<p style=\"text-align: left\">Alberione \u00e9 um homem comprometido que n\u00e3o volta atr\u00e1s, envolve-se em profundidade, lan\u00e7a-se na luta, animado por uma espiritualidade encarnada, como dir\u00edamos hoje.<!--more Continue lendo...--><\/p>\n<p style=\"text-align: center\" align=\"center\"><a href=\"http:\/\/feedburner.google.com\/fb\/a\/mailverify?uri=TodoDeMaria\" target=\"_blank\" rel=\"noopener\"><strong>Receba o conte\u00fado deste blog gratuitamente em seu e-mail.<\/strong><\/a><\/p>\n<h3 style=\"text-align: center\" align=\"center\"><b>Pontos Centrais do Ofert\u00f3rio Paulino<\/b><\/h3>\n<p style=\"text-align: left\"><b>Repara\u00e7\u00e3o e intercess\u00e3o<\/b><\/p>\n<p style=\"text-align: left\">Partindo de um olhar panor\u00e2mico da sociedade que estava para entrar na era da comunica\u00e7\u00e3o, o Fundador a via naufragando na in-comunica\u00e7\u00e3o. Os meios amea\u00e7avam estar a servi\u00e7o do orgulho, do poder, do dom\u00ednio econ\u00f4mico, numa palavra, a servi\u00e7o de uma vis\u00e3o da vida claramente antievang\u00e9lica.<\/p>\n<p style=\"text-align: left\">Desde os in\u00edcios disseminavam-se erros e esc\u00e2ndalos. Comunicadores e receptores distanciavam-se do amor do Pai, desconhecendo o magist\u00e9rio de Cristo e da Igreja. Por isso, o primeiro dever \u00e9 o de reparar o erro e o esc\u00e2ndalo. Pedir miseric\u00f3rdia por aqueles que foram desviados. Obter a convers\u00e3o daqueles que, com o acesso aos meios de comunica\u00e7\u00e3o, exercem uma influ\u00eancia negativa na sociedade.&nbsp;<\/p>\n<p style=\"text-align: left\">A experi\u00eancia espiritual de Alberione, mesmo na linguagem e concep\u00e7\u00e3o teol\u00f3gica e comunicacional do seu tempo, gerou uma espiritualidade apost\u00f3lica e pastoral sens\u00edvel ao seu tempo e \u00e0 ideia de que os meios de comunica\u00e7\u00e3o contribuem para a forma\u00e7\u00e3o do pensamento. Podemos observar o quanto \u00e0 perda de pessoas que se desviam do caminho de Deus se constitui numa responsabilidade apost\u00f3lica. Pela miss\u00e3o temos uma responsabilidade na salva\u00e7\u00e3o dessas pessoas, pelas quais Jesus deu a vida.<\/p>\n<p style=\"text-align: left\"><b>Conhecer e tornar conhecido Jesus, o Mestre perfeito<\/b><\/p>\n<p style=\"text-align: left\">O segundo aspecto a ser considerado \u00e9 que conhe\u00e7amos e tornemos conhecido Jesus, o Mestre perfeito, e que, por nosso interm\u00e9dio, todos reconhe\u00e7am Jesus, o seu ensinamento e a sua salva\u00e7\u00e3o. \u00c9 o aspecto positivo da nossa voca\u00e7\u00e3o: viver e dar o Cristo. \u00c9 a continua\u00e7\u00e3o do mandato conferido aos ap\u00f3stolos, aos evangelistas, a S\u00e3o Paulo.<\/p>\n<p style=\"text-align: left\">Acreditar, viver e pregar que Cristo, Filho de Deus, \u00e9 Mestre perfeito, o caminho \u00fanico que conduz \u00e0 verdade, isto \u00e9, ao conhecimento do Pai e \u00e0 participa\u00e7\u00e3o de sua vida. A consci\u00eancia da nossa miss\u00e3o: levar o fermento de Cristo, uma nova maneira de viver, transformar a hist\u00f3ria, tendo o Cristo como centro e guia da hist\u00f3ria.<\/p>\n<p style=\"text-align: left\">Conhecer e fazer com que todos conhe\u00e7am e reconhe\u00e7am que Jesus \u00e9 o Mestre perfeito sup\u00f5e a centralidade do pr\u00f3prio Jesus na vida pessoal e comunit\u00e1ria dos ap\u00f3stolos e ap\u00f3stolas de hoje. Pelo testemunho de vida e qualidade do an\u00fancio, pautado pelos valores do evangelho, poder\u00e1 transparecer, no an\u00fancio da Boa Not\u00edcia, que somente Deus \u00e9 Deus, acima de todos os \u00eddolos fabricados pelo pensamento humano e pelas tecnologias, decorrentes das tend\u00eancias do prest\u00edgio, do mercado e do consumismo.<\/p>\n<p><strong>Assista ao v\u00eddeo da&nbsp;Paulinas WebTV com o tema&nbsp;\u201c<a href=\"https:\/\/www.youtube.com\/watch?v=4ZE5P0UwJ6k\" target=\"_blank\" rel=\"noopener\">Alberione Vive<\/a>\u201d:<\/strong><\/p>\n<iframe loading=\"lazy\" width=\"640\" height=\"360\" src=\"https:\/\/www.youtube-nocookie.com\/embed\/4ZE5P0UwJ6k?rel=0&amp;showinfo=0\" frameborder=\"0\" allow=\"autoplay; encrypted-media\" allowfullscreen><\/iframe>\n<p style=\"text-align: left\"><b>A evangeliza\u00e7\u00e3o pela comunica\u00e7\u00e3o<\/b><\/p>\n<p style=\"text-align: left\">O terceiro dever que decorre dessa ora\u00e7\u00e3o \u00e9 a a\u00e7\u00e3o atrav\u00e9s dos meios de comunica\u00e7\u00e3o. O Ofert\u00f3rio Paulino pede que os meios de comunica\u00e7\u00e3o fa\u00e7am ressoar a mensagem da salva\u00e7\u00e3o em todo o mundo. Para isso, pede-se ao Senhor voca\u00e7\u00f5es para esta miss\u00e3o, que sejam santas: escritores, t\u00e9cnicos, divulgadores que sejam ap\u00f3stolos e ap\u00f3stolas e transmitam a mensagem evang\u00e9lica, em primeiro lugar com o testemunho.<\/p>\n<p style=\"text-align: left\">Ap\u00f3stolo \u00e9 aquele que leva Deus na alma e o irradia ao seu redor. O primeiro cuidado da Fam\u00edlia Paulina \u00e9 a santidade de vida, a segunda \u00e9 a santidade da doutrina. Com o testemunho requer-se a criatividade das iniciativas para promover os valores humanos e crist\u00e3os<\/p>\n<p style=\"text-align: left\">O nosso apostolado visa apenas o progresso de cada alma, individualmente, mas, sobretudo, criar uma mentalidade nova na sociedade, o que quer dizer dar-lhe uma nova imagem, um novo rumo. Mentalidade crist\u00e3, que gera sentimentos crist\u00e3os e vida crist\u00e3.<\/p>\n<p style=\"text-align: left\">Esta ora\u00e7\u00e3o nos remete \u00e0 atitude de confian\u00e7a no divino Mestre. Reconhecemos a nossa pequenez, pobreza e defici\u00eancia, mas temos confian\u00e7a na luz, for\u00e7a e miseric\u00f3rdia do Senhor.<\/p>\n<p style=\"text-align: left\"><b>Ofert\u00f3rio Paulino do Beato Tiago Alberione<\/b><\/p>\n<p style=\"text-align: left\">Senhor, eu vos ofere\u00e7o, em uni\u00e3o com todos os sacerdotes que hoje celebram a Santa Missa, Jesus H\u00f3stia, e a mim mesmo, pequena v\u00edtima:<\/p>\n<p style=\"text-align: left\">\u2014 Em repara\u00e7\u00e3o dos erros e esc\u00e2ndalos que se difundem no mundo por meio dos instrumentos da comunica\u00e7\u00e3o social.<\/p>\n<p style=\"text-align: left\">\u2014 Para invocar a vossa miseric\u00f3rdia sobre aqueles que, enganados e seduzidos por esses meios potentes, se afastam do vosso amor de Pai.<\/p>\n<p style=\"text-align: left\">\u2014 Pela convers\u00e3o daqueles que, no uso destes instrumentos, desconhecem o magist\u00e9rio de Cristo e da Igreja, desviando assim a mente, o cora\u00e7\u00e3o e a atividade dos homens.<\/p>\n<p style=\"text-align: left\">\u2014 Para que todos n\u00f3s possamos seguir unicamente aquele que v\u00f3s, \u00f3 Pai, na imensid\u00e3o do vosso amor, enviastes ao mundo proclamando: \u201cEste \u00e9 meu Filho, o Eleito, ouvi-o\u201d.<\/p>\n<p style=\"text-align: left\">\u2014 Para conhecer e fazer conhecer que somente Jesus, Verbo encarnado, \u00e9 o Mestre perfeito, Caminho seguro que conduz ao conhecimento do Pai e \u00e0 participa\u00e7\u00e3o de sua vida.<\/p>\n<p style=\"text-align: left\">\u2014 Para que se multipliquem na Igreja os sacerdotes, os religiosos, as religiosas e os leigos, que, consagrados ao apostolado da comunica\u00e7\u00e3o social, fa\u00e7am ressoar, no mundo inteiro, a mensagem da salva\u00e7\u00e3o.<\/p>\n<p style=\"text-align: left\">\u2014 Para que os escritores, t\u00e9cnicos e propagandistas sejam s\u00e1bios e santos, e deem testemunho de aut\u00eantica vida crist\u00e3 no \u00e2mbito da comunica\u00e7\u00e3o social.<\/p>\n<p style=\"text-align: left\">\u2014 Para pedir que as iniciativas cat\u00f3licas, no setor da comunica\u00e7\u00e3o social, cres\u00e7am sempre mais em n\u00famero e efic\u00e1cia, de tal modo que, promovendo eficazmente os verdadeiros valores humanos e crist\u00e3os, possam contrapor-se a voz do erro e do mal.<\/p>\n<p style=\"text-align: left\">\u2014 Para que todos n\u00f3s, conhecendo a nossa ignor\u00e2ncia e mis\u00e9ria, sintamos a necessidade de aproximar-nos, com humildade e confian\u00e7a, da fonte da vida e nutrir-nos, \u00f3 Pai, da vossa Palavra e do Corpo de Cristo, invocando para todos os homens luz, amor e miseric\u00f3rdia.<\/p>\n<p style=\"text-align: left\">Fonte: COOPERADORES PAULINOS PARA O EVANGELHO. <a href=\"http:\/\/cooperadorespaulinosfsp.org.br\/oracoes\/ofertorio-paulino\" target=\"_blank\" rel=\"noopener\">Ofert\u00f3rio Paulino<\/a>.<\/p>\n<p><strong>Links relacionados:<\/strong><\/p>\n<p>COOPERADORES PAULINOS PARA O EVANGELHO. <a href=\"http:\/\/cooperadorespaulinosfsp.org.br\/oracoes\/oracao-a-virgem-maria\" target=\"_blank\" rel=\"noopener\">Ora\u00e7\u00e3o a Virgem Maria<\/a>.<br \/>\nTODO DE MARIA.&nbsp;<a href=\"https:\/\/blog.cancaonova.com\/tododemaria\/a-oracao-abrasada-de-sao-luis-maria\/\" target=\"_blank\" rel=\"noopener\">A Ora\u00e7\u00e3o Abrasada de S\u00e3o Lu\u00eds Maria<\/a><br \/>\nTODO DE MARIA.&nbsp;<a href=\"https:\/\/blog.cancaonova.com\/tododemaria\/oracoes-de-consagracao-e-reparacao-ao-coracao-de-jesus\/\" target=\"_blank\" rel=\"noopener\">Ora\u00e7\u00f5es de consagra\u00e7\u00e3o e repara\u00e7\u00e3o ao Cora\u00e7\u00e3o de Jesus<\/a>.<\/p>\n","protected":false},"excerpt":{"rendered":"<p>Conhe\u00e7a o Ofert\u00f3rio Paulino, ora\u00e7\u00e3o composta pelo Beato Tiago Alberione, que tamb\u00e9m escreveu muitas ora\u00e7\u00f5es a Maria Rainha dos Ap\u00f3stolos e era um propagador da consagra\u00e7\u00e3o a Maria segundo S\u00e3o Luiz Maria Grignion de Monfort. Esta ora\u00e7\u00e3o, conhecida com o&#8230;<\/p>\n","protected":false},"author":4539,"featured_media":0,"comment_status":"open","ping_status":"open","sticky":false,"template":"","format":"standard","meta":{"_mi_skip_tracking":false,"_monsterinsights_sitenote_active":false,"_monsterinsights_sitenote_note":"","_monsterinsights_sitenote_category":0,"footnotes":""},"categories":[14931],"tags":[],"_links":{"self":[{"href":"https:\/\/blog.cancaonova.com\/tododemaria\/wp-json\/wp\/v2\/posts\/8565"}],"collection":[{"href":"https:\/\/blog.cancaonova.com\/tododemaria\/wp-json\/wp\/v2\/posts"}],"about":[{"href":"https:\/\/blog.cancaonova.com\/tododemaria\/wp-json\/wp\/v2\/types\/post"}],"author":[{"embeddable":true,"href":"https:\/\/blog.cancaonova.com\/tododemaria\/wp-json\/wp\/v2\/users\/4539"}],"replies":[{"embeddable":true,"href":"https:\/\/blog.cancaonova.com\/tododemaria\/wp-json\/wp\/v2\/comments?post=8565"}],"version-history":[{"count":11,"href":"https:\/\/blog.cancaonova.com\/tododemaria\/wp-json\/wp\/v2\/posts\/8565\/revisions"}],"predecessor-version":[{"id":8579,"href":"https:\/\/blog.cancaonova.com\/tododemaria\/wp-json\/wp\/v2\/posts\/8565\/revisions\/8579"}],"wp:attachment":[{"href":"https:\/\/blog.cancaonova.com\/tododemaria\/wp-json\/wp\/v2\/media?parent=8565"}],"wp:term":[{"taxonomy":"category","embeddable":true,"href":"https:\/\/blog.cancaonova.com\/tododemaria\/wp-json\/wp\/v2\/categories?post=8565"},{"taxonomy":"post_tag","embeddable":true,"href":"https:\/\/blog.cancaonova.com\/tododemaria\/wp-json\/wp\/v2\/tags?post=8565"}],"curies":[{"name":"wp","href":"https:\/\/api.w.org\/{rel}","templated":true}]}}