{"id":8580,"date":"2018-05-05T03:00:56","date_gmt":"2018-05-05T06:00:56","guid":{"rendered":"http:\/\/blog.cancaonova.com\/tododemaria\/?p=8580"},"modified":"2018-05-04T21:37:45","modified_gmt":"2018-05-05T00:37:45","slug":"o-misterio-da-ascensao-de-nosso-senhor-jesus-cristo","status":"publish","type":"post","link":"https:\/\/blog.cancaonova.com\/tododemaria\/o-misterio-da-ascensao-de-nosso-senhor-jesus-cristo\/","title":{"rendered":"O mist\u00e9rio da Ascens\u00e3o de nosso Senhor Jesus Cristo"},"content":{"rendered":"<p style=\"text-align: left\"><b>Neste primeiro s\u00e1bado do m\u00eas de Maio, meditemos sobre o mist\u00e9rio da Ascens\u00e3o de nosso Senhor Jesus Cristo, em repara\u00e7\u00e3o das ofensas ao Imaculado Cora\u00e7\u00e3o da Sant\u00edssima Virgem Maria.<\/b><\/p>\n<p style=\"text-align: left\">Do mesmo modo que a \u00e1guia ensina os seus filhotes a voar, no mist\u00e9rio da sua Ascens\u00e3o, nosso Senhor Jesus Cristo nos exorta a al\u00e7ar voo e a acompanh\u00e1-lo ao Reino dos C\u00e9us, se n\u00e3o com o nosso corpo, ao menos com o afeto do nosso cora\u00e7\u00e3o. Desprendamos os nossos cora\u00e7\u00f5es desta terra e aspiremos pela P\u00e1tria celeste, onde se encontra a nossa felicidade, na espera \u2013 como diz o Ap\u00f3stolo \u2013 da ado\u00e7\u00e3o definitiva como filhos de Deus e a reden\u00e7\u00e3o do nosso corpo (cf. Rm 8, 23).<\/p>\n<div id=\"attachment_8583\" style=\"width: 610px\" class=\"wp-caption aligncenter\"><a href=\"http:\/\/blog.cancaonova.com\/tododemaria\/files\/2018\/05\/O-mist\u00e9rio-da-Ascens\u00e3o-de-nosso-Senhor-Jesus-Cristo.jpg\"><img loading=\"lazy\" decoding=\"async\" aria-describedby=\"caption-attachment-8583\" class=\"size-full wp-image-8583\" src=\"http:\/\/blog.cancaonova.com\/tododemaria\/files\/2018\/05\/O-mist\u00e9rio-da-Ascens\u00e3o-de-nosso-Senhor-Jesus-Cristo.jpg\" alt=\"Neste primeiro s\u00e1bado do m\u00eas de Maio, meditemos sobre o mist\u00e9rio da Ascens\u00e3o de nosso Senhor Jesus Cristo, em repara\u00e7\u00e3o das ofensas ao Imaculado Cora\u00e7\u00e3o da Sant\u00edssima Virgem Maria.\" width=\"600\" height=\"330\" srcset=\"https:\/\/blog.cancaonova.com\/tododemaria\/files\/2018\/05\/O-mist\u00e9rio-da-Ascens\u00e3o-de-nosso-Senhor-Jesus-Cristo.jpg 600w, https:\/\/blog.cancaonova.com\/tododemaria\/files\/2018\/05\/O-mist\u00e9rio-da-Ascens\u00e3o-de-nosso-Senhor-Jesus-Cristo-300x165.jpg 300w\" sizes=\"(max-width: 600px) 100vw, 600px\" \/><\/a><p id=\"caption-attachment-8583\" class=\"wp-caption-text\">Ascens\u00e3o de nosso Senhor Jesus Cristo<\/p><\/div>\n<p style=\"text-align: left\">Ao mesmo tempo em que aspiramos pela Jerusal\u00e9m celeste, tenhamos sempre diante dos nossos olhos os exemplos da vida mortal do Verbo de Deus encarnado e imitemos as suas bel\u00edssimas virtudes, especialmente a sua mansid\u00e3o e a sua humildade. Pois, a humanidade de Jesus Cristo \u00e9 o caminho que nos conduz ao Reino dos C\u00e9us.<!--more Continue lendo...--><\/p>\n<p style=\"text-align: center\"><strong><a href=\"http:\/\/feedburner.google.com\/fb\/a\/mailverify?uri=TodoDeMaria\" target=\"_blank\" rel=\"noopener\">Inscreva-se e receba o conte\u00fado deste blog gratuitamente em seu e-mail.<\/a><\/strong><\/p>\n<p style=\"text-align: left\"><b>Os disc\u00edpulos e o mist\u00e9rio da Ascens\u00e3o de Jesus Cristo<\/b><\/p>\n<p style=\"text-align: left\">O lugar merecido e justo a Jesus Cristo ressuscitado era o Reino dos C\u00e9us, que \u00e9 a morada das almas e dos corpos bem-aventurados. Entretanto, Jesus quis permanecer quarenta dias nesta terra e aparecer v\u00e1rias vezes aos seus disc\u00edpulos para certific\u00e1-los da sua ressurrei\u00e7\u00e3o e instru\u00ed-los nas coisas relativas \u00e0 sua Igreja: \u201c<i>Loquens de regno Dei<\/i> \u2013 Falando do reino de Deus\u201d (At 1, 3).<\/p>\n<p style=\"text-align: left\">Logo ap\u00f3s desempenhar essa nobre miss\u00e3o, o Senhor quis, antes de deixar a terra, mostrar-se mais uma vez aos ap\u00f3stolos em Jerusal\u00e9m; e depois de lhes repreender suavemente a sua dureza de cora\u00e7\u00e3o, por n\u00e3o acreditarem na sua ressurrei\u00e7\u00e3o (cf. Mc 16, 14), ordenou-lhes que fossem para o Monte das Oliveiras, o lugar onde come\u00e7ou a sua Paix\u00e3o, a fim de que compreendessem que o verdadeiro caminho para ir ao C\u00e9u \u00e9 o dos sofrimentos. Depois, o Ressuscitado repetiu mais uma vez o que j\u00e1 lhes ordenara, especialmente que pregassem o Evangelho pelo mundo inteiro (cf. Mc 16, 15). Feito isto, o divino Redentor levantou as m\u00e3os e os aben\u00e7oou.<\/p>\n<p style=\"text-align: left\">Em seguida, como medita S\u00e3o Boaventura, o Filho de Deus abra\u00e7a a sua M\u00e3e sant\u00edssima e aperta-a contra o cora\u00e7\u00e3o, anima e conforta os seus disc\u00edpulos, que, entre l\u00e1grimas, beijam-Lhe os p\u00e9s e, com as m\u00e3os levantadas e o semblante extraordinariamente majestoso e am\u00e1vel, coroado e vestido como Rei, se eleva lentamente ao C\u00e9u, levando em sua companhia as numeros\u00edssimas almas dos justos, livradas da mans\u00e3o dos mortos<a href=\"#_ftn1\" name=\"_ftnref1\"><span style=\"font-family: Calibri, sans-serif\"><span style=\"font-size: small\">[1]<\/span><\/span><\/a>. Ao contemplar essa vis\u00e3o, todos os presentes ajoelharam-se novamente e Jesus os aben\u00e7oou mais uma vez. Enfim, o Filho de Deus desapareceu em meio \u00e0s nuvens, ascendeu aos C\u00e9us e sentou-se \u00e0 direita do Pai, de onde n\u00e3o cessa de interceder como nosso medianeiro e advogado: \u201c<i>Dominus Iesus, postquam locutus est eis, assumptus est in coelum, et sedet a dextris Dei<\/i> \u2013 O Senhor Jesus, depois que lhes falou, foi assunto ao c\u00e9u, e est\u00e1 sentado \u00e0 direita de Deus\u201d (Mc 16, 19).<\/p>\n<p style=\"text-align: left\"><b>A contempla\u00e7\u00e3o do mist\u00e9rio da Ascens\u00e3o de Jesus Cristo<\/b><\/p>\n<p style=\"text-align: left\">Avivemos a nossa f\u00e9 e contemplemos o j\u00fabilo que a entrada triunfal de Jesus Cristo causou no para\u00edso celeste. Alegremo-nos com o divino Redentor e unamos os nossos afetos aos de Maria Sant\u00edssima e dos seus outros santos disc\u00edpulos.<\/p>\n<p style=\"text-align: left\">Como a \u00e1guia ensina seus filhos a voar, no mist\u00e9rio da Ascens\u00e3o, Jesus Cristo nos exorta a levantar voo e acompanh\u00e1-Lo aos C\u00e9us, sen\u00e3o com o corpo, ao menos com os nossos afetos. Assim, desprendamos os nossos cora\u00e7\u00f5es da terra e suspiremos pela p\u00e1tria celeste, onde se encontra a verdadeira felicidade, e esperemos \u2013 como diz S\u00e3o Paulo \u2013 a ado\u00e7\u00e3o de filhos de Deus e a reden\u00e7\u00e3o de nosso corpo (cf. Rm 8, 23). Al\u00e9m disso, tenhamos sempre diante dos nossos olhos os exemplos da vida mortal do Filho de Deus encarnado. Imitemos a sua humildade e a sua mansid\u00e3o, o seu esp\u00edrito de mortifica\u00e7\u00e3o, a sua caridade e o seu zelo pela gl\u00f3ria do Pai. Numa palavra, despojemo-nos do homem velho (cf. Cl 3, 9; Ef 4, 22), revestindo-nos das virtudes de Jesus Cristo, que s\u00e3o como que o manto, que, \u00e0 imita\u00e7\u00e3o de Elias, Ele deixou para seus disc\u00edpulos, quando subiu aos C\u00e9us (cf. 2 Rs 2, 9-13).<\/p>\n<p style=\"text-align: left\">Para vencermos todas as dificuldades que encontramos no caminho do Senhor, recordemos muitas vezes a grande verdade que os Santos Anjos ensinaram aos disc\u00edpulos, que, arrebatados, olhavam o c\u00e9u, para o qual acabava de subir o seu amado Mestre: \u201cEsse Jesus que acaba de vos ser arrebatado para o c\u00e9u voltar\u00e1 do mesmo modo que o vistes subir para o c\u00e9u \u2013 <i>Sic veniet, quemadmodum vidistis eum euntem in coelum<\/i>\u201d (At 1, 11).<\/p>\n<p style=\"text-align: left\"><b>Ora\u00e7\u00e3o de Santo Afonso Maria de Lig\u00f3rio<\/b><\/p>\n<blockquote><p>Meu querido Redentor Jesus, regozijo-me pelo vosso triunfo glorioso e rogo-vos que arranqueis de meu cora\u00e7\u00e3o todo o afeto aos bens miser\u00e1veis desta terra, para n\u00e3o suspirar sen\u00e3o pelos do para\u00edso, que v\u00f3s merecestes para mim pela vossa paix\u00e3o. \u2013 A mesma gra\u00e7a pe\u00e7o de V\u00f3s, \u00f3 Pai Eterno. \u201cConcedei-me que, assim como creio firmemente que vosso Filho unig\u00eanito e nosso Redentor subiu hoje ao c\u00e9u, assim possa continuamente morar ali com o meu esp\u00edrito e os meus desejos\u201d<a href=\"#_ftn2\" name=\"_ftnref2\"><span style=\"font-family: Calibri, sans-serif\"><span style=\"font-size: small\">[2]<\/span><\/span><\/a>. \u2013 Fazei-o pelo amor do mesmo Jesus Cristo e pela intercess\u00e3o de Maria Sant\u00edssima<a href=\"#_ftn3\" name=\"_ftnref3\"><span style=\"font-family: Calibri, sans-serif\"><span style=\"font-size: small\">[3]<\/span><\/span><\/a>.<\/p><\/blockquote>\n<p style=\"text-align: left\"><b>Links relacionados:<\/b><\/p>\n<p>TODO DE MARIA.&nbsp;<a href=\"https:\/\/blog.cancaonova.com\/tododemaria\/a-devocao-dos-cinco-primeiros-sabados\/\" target=\"_blank\" rel=\"noopener\">A devo\u00e7\u00e3o dos cinco primeiros s\u00e1bados<\/a>.<br \/>\nTODO DE MARIA.&nbsp;<a href=\"https:\/\/blog.cancaonova.com\/tododemaria\/a-mensagem-de-fatima-e-a-penitencia\/\" target=\"_blank\" rel=\"noopener\">A Mensagem de F\u00e1tima e a penit\u00eancia<\/a>.<br \/>\nTODO DE MARIA.&nbsp;<a href=\"https:\/\/blog.cancaonova.com\/tododemaria\/tres-motivos-para-a-reparacao-ao-imaculado-coracao-de-maria\/\" target=\"_blank\" rel=\"noopener\">Tr\u00eas motivos para a repara\u00e7\u00e3o ao Imaculado Cora\u00e7\u00e3o de Maria<\/a>.<\/p>\n<p style=\"text-align: left\"><b>Refer\u00eancias:<\/b><\/p>\n<hr align=\"left\" size=\"1\" width=\"250\"\/>\n<div id=\"ftn1\" dir=\"ltr\">\n<p style=\"text-align: left\"><a href=\"#_ftnref1\" name=\"_ftn1\"><span style=\"font-family: Calibri, sans-serif\"><span style=\"font-size: small\">[1]<\/span><\/span><\/a>&nbsp; SANTO AFONSO MARIA DE LIG\u00d3RIO. Medita\u00e7\u00f5es para todos os dias e festas do Ano: Tomo II, p. 103. <i>Med. vit. <\/i><span lang=\"en-US\"><i>Chr.<br \/>\n<\/i><\/span><a href=\"#_ftnref2\" name=\"_ftn2\"><span style=\"font-family: Calibri, sans-serif\"><span style=\"font-size: small\">[2]<\/span><\/span><\/a>&nbsp; <span lang=\"en-US\"><i>Idem,<\/i><\/span><span lang=\"en-US\"> p. 104. <\/span><span lang=\"en-US\"><i>Or. festi. curr.<br \/>\n<\/i><\/span><a href=\"#_ftnref3\" name=\"_ftn3\"><span style=\"font-family: Calibri, sans-serif\"><span style=\"font-size: small\">[3]<\/span><\/span><\/a> <i>Idem, ibidem.<\/i><\/p>\n<\/div>\n","protected":false},"excerpt":{"rendered":"<p>Neste primeiro s\u00e1bado do m\u00eas de Maio, meditemos sobre o mist\u00e9rio da Ascens\u00e3o de nosso Senhor Jesus Cristo, em repara\u00e7\u00e3o das ofensas ao Imaculado Cora\u00e7\u00e3o da Sant\u00edssima Virgem Maria. Do mesmo modo que a \u00e1guia ensina os seus filhotes a&#8230;<\/p>\n","protected":false},"author":4539,"featured_media":0,"comment_status":"open","ping_status":"open","sticky":false,"template":"","format":"standard","meta":{"_mi_skip_tracking":false,"_monsterinsights_sitenote_active":false,"_monsterinsights_sitenote_note":"","_monsterinsights_sitenote_category":0,"footnotes":""},"categories":[11671,193780],"tags":[],"_links":{"self":[{"href":"https:\/\/blog.cancaonova.com\/tododemaria\/wp-json\/wp\/v2\/posts\/8580"}],"collection":[{"href":"https:\/\/blog.cancaonova.com\/tododemaria\/wp-json\/wp\/v2\/posts"}],"about":[{"href":"https:\/\/blog.cancaonova.com\/tododemaria\/wp-json\/wp\/v2\/types\/post"}],"author":[{"embeddable":true,"href":"https:\/\/blog.cancaonova.com\/tododemaria\/wp-json\/wp\/v2\/users\/4539"}],"replies":[{"embeddable":true,"href":"https:\/\/blog.cancaonova.com\/tododemaria\/wp-json\/wp\/v2\/comments?post=8580"}],"version-history":[{"count":5,"href":"https:\/\/blog.cancaonova.com\/tododemaria\/wp-json\/wp\/v2\/posts\/8580\/revisions"}],"predecessor-version":[{"id":8586,"href":"https:\/\/blog.cancaonova.com\/tododemaria\/wp-json\/wp\/v2\/posts\/8580\/revisions\/8586"}],"wp:attachment":[{"href":"https:\/\/blog.cancaonova.com\/tododemaria\/wp-json\/wp\/v2\/media?parent=8580"}],"wp:term":[{"taxonomy":"category","embeddable":true,"href":"https:\/\/blog.cancaonova.com\/tododemaria\/wp-json\/wp\/v2\/categories?post=8580"},{"taxonomy":"post_tag","embeddable":true,"href":"https:\/\/blog.cancaonova.com\/tododemaria\/wp-json\/wp\/v2\/tags?post=8580"}],"curies":[{"name":"wp","href":"https:\/\/api.w.org\/{rel}","templated":true}]}}