{"id":8698,"date":"2018-06-07T22:00:27","date_gmt":"2018-06-08T01:00:27","guid":{"rendered":"http:\/\/blog.cancaonova.com\/tododemaria\/?p=8698"},"modified":"2018-06-28T22:14:28","modified_gmt":"2018-06-29T01:14:28","slug":"o-amor-ardente-do-sagrado-coracao-de-jesus","status":"publish","type":"post","link":"https:\/\/blog.cancaonova.com\/tododemaria\/o-amor-ardente-do-sagrado-coracao-de-jesus\/","title":{"rendered":"O amor ardente do Sagrado Cora\u00e7\u00e3o de Jesus"},"content":{"rendered":"<p style=\"text-align: left\"><b>Meditemos sobre o amor abrasado do Cora\u00e7\u00e3o de Jesus Cristo por n\u00f3s: \u201c<i>In caritate perpetua dilexi te; ideo attraxi te miserans <\/i>\u2013 Com amor eterno te amei; por isso compadecido de ti, te atra\u00ed a mim\u201d (Jr 31, 3).<\/b><\/p>\n<p style=\"text-align: left\">Como compreender o abrasado e insond\u00e1vel amor do Sagrado Cora\u00e7\u00e3o de nosso Senhor Jesus Cristo para conosco?! O Verbo divino e eterno n\u00e3o se contentou de nos ter criado de prefer\u00eancia a tantos outros, mas quis se fazer homem, escolheu uma vida penos\u00edssima e morreu em uma cruz por amor a n\u00f3s.<a href=\"http:\/\/blog.cancaonova.com\/tododemaria\/files\/2018\/06\/o-amor-ardente-do-sagrado-coracao-de-jesus.jpg\"><img loading=\"lazy\" decoding=\"async\" class=\"size-full wp-image-8703 aligncenter\" src=\"http:\/\/blog.cancaonova.com\/tododemaria\/files\/2018\/06\/o-amor-ardente-do-sagrado-coracao-de-jesus.jpg\" alt=\"Meditemos sobre o amor abrasado do Cora\u00e7\u00e3o de Jesus Cristo por n\u00f3s: \u201cIn caritate perpetua dilexi te; ideo attraxi te miserans \u2013 Com amor eterno te amei; por isso compadecido de ti, te atra\u00ed a mim\u201d (Jr 31, 3).\" width=\"600\" height=\"330\" srcset=\"https:\/\/blog.cancaonova.com\/tododemaria\/files\/2018\/06\/o-amor-ardente-do-sagrado-coracao-de-jesus.jpg 600w, https:\/\/blog.cancaonova.com\/tododemaria\/files\/2018\/06\/o-amor-ardente-do-sagrado-coracao-de-jesus-300x165.jpg 300w\" sizes=\"(max-width: 600px) 100vw, 600px\" \/><\/a><\/p>\n<p style=\"text-align: left\">Este amor ardente levou Jesus Cristo a permanecer conosco no Sant\u00edssimo Sacramento e nele parece que n\u00e3o tem outro of\u00edcio sen\u00e3o o de amar os homens. Mais ainda, o amor levou o Filho de Deus a fazer-se nosso alimento, a fim de se unir a n\u00f3s e de fazer dos nossos cora\u00e7\u00f5es e do seu pr\u00f3prio uma s\u00f3 realidade. Sendo assim, porque correspondemos t\u00e3o mal ao infinito amor de Jesus por n\u00f3s?<!--more Continue lendo...--><\/p>\n<p style=\"text-align: center\"><strong><a href=\"http:\/\/feedburner.google.com\/fb\/a\/mailverify?uri=TodoDeMaria\" target=\"_blank\" rel=\"noopener\">Inscreva-se e receba o conte\u00fado deste blog gratuitamente em seu e-mail.<\/a><\/strong><\/p>\n<p style=\"text-align: left\"><b>O amor do Sagrado Cora\u00e7\u00e3o de Jesus por cada um de n\u00f3s<\/b><\/p>\n<p style=\"text-align: left\">Oh! Se compreend\u00eassemos o amor abrasado do Cora\u00e7\u00e3o de Jesus para conosco! O Senhor nos ama tanto que, se todos os homens e todos os anjos se unissem para amar com todas as suas for\u00e7as, n\u00e3o chegariam \u00e0 mil\u00e9sima parte do amor que Ele tem por n\u00f3s. Cristo nos ama imensamente, mais que n\u00f3s mesmos nos amamos; Ele nos amou at\u00e9 ao excesso: \u201c<i>Dicebant excessum eius, quem completurus erat in Ierusalem<\/i> \u2013 Falavam do excesso que havia de cumprir em Jerusal\u00e9m\u201d (Lc 9, 31). E que excesso de amor maior pode existir do que um Deus morrer pelas suas criaturas?<\/p>\n<p style=\"text-align: left\">Jesus Cristo nos amou at\u00e9 ao fim: \u201c<i>Cum dilexisset suor, in finem dilexit eos<\/i> \u2013 como amasse os seus, at\u00e9 o extremo os amou\u201d (Jo 13, 1). Sim, porque, depois de Deus nos amar desde o princ\u00edpio, \u2013 de forma que em toda a eternidade n\u00e3o houve nenhum instante em que n\u00e3o tenha pensado em n\u00f3s e amado a cada um de n\u00f3s \u2013 por amor a n\u00f3s assumiu a natureza humana, escolheu uma vida penosa e a morte de cruz. Jesus nos amou mais que a sua honra, mais que seu repouso, mais que a sua vida, porquanto sacrificou tudo para provar o seu amor por n\u00f3s. N\u00e3o h\u00e1 em tudo isso um excesso de amor, que far\u00e1 os anjos e os santos pasmarem por toda a eternidade?<\/p>\n<p><strong>Ou\u00e7a \u00e0 homilia do Padre Paulo Ricardo intitulada: \u201c<a href=\"https:\/\/www.mixcloud.com\/tododemaria\/o-sacerdote-\u00e9-o-amor-do-cora\u00e7\u00e3o-de-jesus\/\" target=\"_blank\" rel=\"noopener\">O Sacerdote \u00e9 o Amor do Cora\u00e7\u00e3o de Jesus<\/a>\u201d:<\/strong><\/p>\n<iframe loading=\"lazy\" width=\"100%\" height=\"120\" src=\"https:\/\/www.mixcloud.com\/widget\/iframe\/?hide_cover=1&light=1&hide_artwork=1&feed=%2Ftododemaria%2Fo-sacerdote-%C3%A9-o-amor-do-cora%C3%A7%C3%A3o-de-jesus%2F\" frameborder=\"0\" ><\/iframe>\n<p style=\"text-align: left\"><b>O amor do Cora\u00e7\u00e3o de Jesus no Sant\u00edssimo Sacramento<\/b><\/p>\n<p style=\"text-align: left\">O Verbo de Deus encarnado nos amou ainda mais, a ponto de permanecer conosco no Sant\u00edssimo Sacramento, como num trono de amor. No Sacr\u00e1rio, Jesus est\u00e1 presente sob as apar\u00eancias do p\u00e3o, encerrado numa \u00e2mbula, por assim dizer, num completo aniquilamento da sua majestade, sem movimento e sem o uso dos sentidos, de forma que parece que n\u00e3o tem outro of\u00edcio a cumprir sen\u00e3o o de amar os homens. O amor faz desejar a presen\u00e7a cont\u00ednua da pessoa amada e este amor fez Jesus Cristo desejar permanecer conosco no Sant\u00edssimo Sacramento.<\/p>\n<p style=\"text-align: left\">Parece que, para o amor de nosso Senhor, era demasiadamente breve a perman\u00eancia com os homens durante trinta e tr\u00eas anos. Pois, a fim de mostrar seu desejo de estar entre n\u00f3s, decidiu fazer o maior de todos os milagres: a institui\u00e7\u00e3o da Sant\u00edssima Eucaristia. No mist\u00e9rio Pascal de Cristo, j\u00e1 estava realizada a obra da Reden\u00e7\u00e3o, j\u00e1 estavam os homens reconciliados com Deus. Ent\u00e3o, para que serve a perman\u00eancia de Jesus na terra, neste sublime Sacramento? Ah! Jesus permanece no Sant\u00edssimo Sacramento porque n\u00e3o pode se separar de n\u00f3s e porque encontra as suas del\u00edcias em estar conosco.<\/p>\n<p style=\"text-align: left\"><b>O amor do Cora\u00e7\u00e3o de Jesus e o Alimento de nossas almas<\/b><\/p>\n<p style=\"text-align: left\">N\u00e3o foi suficiente ao amor de Jesus Cristo fazer-se nosso companheiro na Sant\u00edssima Eucaristia, mas quis ainda fazer-se o sustento das nossas almas, a fim de se unir a n\u00f3s e fazer com que nossos cora\u00e7\u00f5es fossem uma s\u00f3 coisa com o seu pr\u00f3prio Cora\u00e7\u00e3o: \u201c<i>Qui manducat meam carnem, in me manet et ego in illo<\/i> \u2013 Quem come a minha carne, fica em mim e eu nele\u201d (Jo 6, 57).<\/p>\n<blockquote>\n<p style=\"text-align: left\"><span style=\"font-size: small\">\u00d3 pasmo! \u00d3 excesso do amor divino! Dizia um servo de Deus: \u201cSe alguma coisa pudesse fazer vacilar a minha f\u00e9 no mist\u00e9rio da Eucaristia, n\u00e3o seria o modo como o p\u00e3o se torna carne, nem como \u00e9 que Jesus est\u00e1 em tantos lugares e reduzido a t\u00e3o pequeno espa\u00e7o; a tudo isso eu responderia que Deus pode tudo. Mas quando se me pergunta, como Jesus ama aos homens a ponto de se lhes dar para sustento, j\u00e1 n\u00e3o sei mais que responder, sen\u00e3o que esta verdade da f\u00e9 est\u00e1 acima de minha intelig\u00eancia e que o amor de Jesus \u00e9 incompreens\u00edvel\u201d<\/span><a href=\"#_ftn1\" name=\"_ftnref1\"><span style=\"font-family: Calibri, sans-serif\"><span style=\"font-size: small\">[1]<\/span><\/span><\/a><span style=\"font-size: small\">.<\/span><\/p>\n<\/blockquote>\n<p><strong>Assita ao programa do Padre Paulo Ricardo sobre \u201c<a href=\"https:\/\/padrepauloricardo.org\/episodios\/o-sagrado-coracao-de-jesus\" target=\"_blank\" rel=\"noopener\">O Sagrado Cora\u00e7\u00e3o de Jesus<\/a>\u201d:<\/strong><\/p>\n<iframe loading=\"lazy\" width=\"640\" height=\"360\" src=\"https:\/\/www.youtube-nocookie.com\/embed\/34qLWyshuB8?rel=0&amp;showinfo=0\" frameborder=\"0\" allow=\"autoplay; encrypted-media\" allowfullscreen><\/iframe>\n<p style=\"text-align: left\"><b>Ora\u00e7\u00e3o de Santo Afonso ao Sagrado Cora\u00e7\u00e3o de Jesus<\/b><\/p>\n<blockquote>\n<p style=\"text-align: left\"><span style=\"font-size: small\">\u00d3 Cora\u00e7\u00e3o ador\u00e1vel de meu Jesus, Cora\u00e7\u00e3o consumido pelo amor aos homens, Cora\u00e7\u00e3o criado de prop\u00f3sito para amar aos homens, como \u00e9 poss\u00edvel que os homens correspondam t\u00e3o mal a vosso amor e o desprezem? Ai de mim, miser\u00e1vel, que tamb\u00e9m fui um desses ingratos que n\u00e3o souberam amar-Vos! Meu Jesus, perdoai-me o grande pecado de n\u00e3o Vos ter amado, a V\u00f3s que sois t\u00e3o am\u00e1vel e tanto me amastes, que nada mais pod\u00edeis fazer para me obrigar a amar-Vos. Reconhe\u00e7o que, por ter algum tempo desprezado vosso amor, mereceria ser condenado a n\u00e3o Vos poder amar. Mas n\u00e3o, meu amado Salvador, infligi-me qualquer castigo que n\u00e3o seja este. Dai-me a gra\u00e7a de Vos amar, e depois castigai-me como quiserdes. Como, por\u00e9m, poderei recear tal castigo, visto que Vos ou\u00e7o ainda intimar-me o doce, o am\u00e1vel preceito de Vos amar, meu Senhor e meu Deus: \u201c<i>Diliges Dominum Deum tuum ex toto corde tuo<\/i> \u2013 Amar\u00e1s ao Senhor teu Deus de todo o teu cora\u00e7\u00e3o\u201d (Mt 22, 37).<\/span><\/p>\n<p style=\"text-align: left\"><span style=\"font-size: small\">Sim, meu Deus, desejais o meu amor e eu Vos quero amar; e n\u00e3o quero amar sen\u00e3o a V\u00f3s, que me tendes amado tanto. \u00d3 amor de meu Jesus, V\u00f3s sois o meu amor. \u00d3 Cora\u00e7\u00e3o abrasado de Jesus, abrasai tamb\u00e9m o meu cora\u00e7\u00e3o. N\u00e3o permitais que no futuro eu viva um instante sem o vosso amor. \u2013 Deixai-me antes morrer; aniquilai-me; n\u00e3o seja o mundo testemunha desta ingratid\u00e3o, que eu, t\u00e3o amado de V\u00f3s, depois de tantas gra\u00e7as e luzes recebidas, torne a desprezar o Vosso amor. N\u00e3o, Jesus meu, n\u00e3o o permitais. Pelo sangue que por mim derramastes, espero que Vos amarei sempre e V\u00f3s sempre me amareis; e que este la\u00e7o de nosso amor nunca mais ser\u00e1 rompido em toda a eternidade. \u2013 \u00d3 M\u00e3e do belo amor, Maria, v\u00f3s que desejais tanto ver vosso Jesus amado, ligai-me, estreitai-me a vosso Filho; mas estreitai-me de tal modo, que nunca mais dele me possa separar<\/span><a href=\"#_ftn2\" name=\"_ftnref2\"><span style=\"font-family: Calibri, sans-serif\"><span style=\"font-size: small\">[2]<\/span><\/span><\/a><span style=\"font-size: small\">.<\/span><\/p>\n<\/blockquote>\n<p style=\"text-align: left\">Am\u00e9m.<\/p>\n<p style=\"text-align: left\">Imaculado Cora\u00e7\u00e3o de Maria, rogai por n\u00f3s!<\/p>\n<p><strong>Links relacionados:<\/strong><\/p>\n<p>TODO DE MARIA.&nbsp;<a href=\"https:\/\/blog.cancaonova.com\/tododemaria\/a-devocao-ao-coracao-de-jesus-e-o-coracao-de-maria\/\" target=\"_blank\" rel=\"noopener\">A devo\u00e7\u00e3o ao Cora\u00e7\u00e3o de Jesus e o Cora\u00e7\u00e3o de Maria<\/a>.<br \/>\nTODO DE MARIA.&nbsp;<a href=\"https:\/\/blog.cancaonova.com\/tododemaria\/o-sagrado-coracao-de-jesus-e-o-misterio-do-amor\/\" target=\"_blank\" rel=\"noopener\">O Sagrado Cora\u00e7\u00e3o de Jesus e o mist\u00e9rio do amor<\/a>.<br \/>\nTODO DE MARIA.&nbsp;<a href=\"https:\/\/blog.cancaonova.com\/tododemaria\/oracoes-de-consagracao-e-reparacao-ao-coracao-de-jesus\/\" target=\"_blank\" rel=\"noopener\">Ora\u00e7\u00f5es de consagra\u00e7\u00e3o e repara\u00e7\u00e3o ao Cora\u00e7\u00e3o de Jesus<\/a>.<\/p>\n<p style=\"text-align: left\"><b>Refer\u00eancias:<\/b><\/p>\n<hr align=\"left\" size=\"1\" width=\"250\"\/>\n<div id=\"ftn1\" dir=\"ltr\" style=\"text-align: left\">\n<p><a href=\"#_ftnref1\" name=\"_ftn1\"><span style=\"font-family: Calibri, sans-serif\"><span style=\"font-size: small\">[1]<\/span><\/span><\/a><span style=\"font-size: small\">&nbsp; SANTO AFONSO MARIA DE LIG\u00d3RIO. <a href=\"http:\/\/alexandriacatolica.blogspot.com\/2011\/03\/fonte-meditacoes-para-todos-os-dias-e.html\" target=\"_blank\" rel=\"noopener\">Medita\u00e7\u00f5es para todos os dias e festas do ano<\/a>: Tomo II, p. 156.<br \/>\n<\/span><a href=\"#_ftnref2\" name=\"_ftn2\"><span style=\"font-family: Calibri, sans-serif\"><span style=\"font-size: small\">[2]<\/span><\/span><\/a><span style=\"font-size: small\">&nbsp; <\/span><span style=\"font-size: small\"><i>Idem,<\/i><\/span><span style=\"font-size: small\"> pp. 156-157.<\/span><\/p>\n<\/div>\n","protected":false},"excerpt":{"rendered":"<p>Meditemos sobre o amor abrasado do Cora\u00e7\u00e3o de Jesus Cristo por n\u00f3s: \u201cIn caritate perpetua dilexi te; ideo attraxi te miserans \u2013 Com amor eterno te amei; por isso compadecido de ti, te atra\u00ed a mim\u201d (Jr 31, 3). Como&#8230;<\/p>\n","protected":false},"author":4539,"featured_media":0,"comment_status":"open","ping_status":"open","sticky":false,"template":"","format":"standard","meta":{"_mi_skip_tracking":false,"_monsterinsights_sitenote_active":false,"_monsterinsights_sitenote_note":"","_monsterinsights_sitenote_category":0,"footnotes":""},"categories":[11671],"tags":[],"_links":{"self":[{"href":"https:\/\/blog.cancaonova.com\/tododemaria\/wp-json\/wp\/v2\/posts\/8698"}],"collection":[{"href":"https:\/\/blog.cancaonova.com\/tododemaria\/wp-json\/wp\/v2\/posts"}],"about":[{"href":"https:\/\/blog.cancaonova.com\/tododemaria\/wp-json\/wp\/v2\/types\/post"}],"author":[{"embeddable":true,"href":"https:\/\/blog.cancaonova.com\/tododemaria\/wp-json\/wp\/v2\/users\/4539"}],"replies":[{"embeddable":true,"href":"https:\/\/blog.cancaonova.com\/tododemaria\/wp-json\/wp\/v2\/comments?post=8698"}],"version-history":[{"count":15,"href":"https:\/\/blog.cancaonova.com\/tododemaria\/wp-json\/wp\/v2\/posts\/8698\/revisions"}],"predecessor-version":[{"id":8769,"href":"https:\/\/blog.cancaonova.com\/tododemaria\/wp-json\/wp\/v2\/posts\/8698\/revisions\/8769"}],"wp:attachment":[{"href":"https:\/\/blog.cancaonova.com\/tododemaria\/wp-json\/wp\/v2\/media?parent=8698"}],"wp:term":[{"taxonomy":"category","embeddable":true,"href":"https:\/\/blog.cancaonova.com\/tododemaria\/wp-json\/wp\/v2\/categories?post=8698"},{"taxonomy":"post_tag","embeddable":true,"href":"https:\/\/blog.cancaonova.com\/tododemaria\/wp-json\/wp\/v2\/tags?post=8698"}],"curies":[{"name":"wp","href":"https:\/\/api.w.org\/{rel}","templated":true}]}}