{"id":8826,"date":"2018-07-11T03:00:21","date_gmt":"2018-07-11T06:00:21","guid":{"rendered":"http:\/\/blog.cancaonova.com\/tododemaria\/?p=8826"},"modified":"2018-07-10T22:52:30","modified_gmt":"2018-07-11T01:52:30","slug":"sao-joao-xxiii-e-o-culto-ao-preciosissimo-sangue-de-cristo","status":"publish","type":"post","link":"https:\/\/blog.cancaonova.com\/tododemaria\/sao-joao-xxiii-e-o-culto-ao-preciosissimo-sangue-de-cristo\/","title":{"rendered":"S\u00e3o Jo\u00e3o XXIII e o culto ao Precios\u00edssimo Sangue de Cristo"},"content":{"rendered":"<p style=\"text-align: left\"><b>Conhe\u00e7amos a carta do Papa S\u00e3o Jo\u00e3o XXIII sobre o culto ao Precios\u00edssimo Sangue de Nosso Senhor Jesus Cristo.<\/b><\/p>\n<p style=\"text-align: left\">Carta Apost\u00f3lica <i>Inde a Primis<\/i> de sua santidade Jo\u00e3o XXIII aos vener\u00e1veis irm\u00e3os patriarcas, primazes, arcebispos, bispos e outros ordin\u00e1rios do lugar em paz e comunh\u00e3o com a S\u00e9 Apost\u00f3lica sobre o culto do Precios\u00edssimo Sangue de Nosso Senhor Jesus Cristo.<a href=\"http:\/\/blog.cancaonova.com\/tododemaria\/files\/2018\/07\/S\u00e3o-Jo\u00e3o-XXIII-e-o-culto-ao-Precios\u00edssimo-Sangue-de-Cristo.jpg\"><img loading=\"lazy\" decoding=\"async\" class=\"size-full wp-image-8828 aligncenter\" src=\"http:\/\/blog.cancaonova.com\/tododemaria\/files\/2018\/07\/S\u00e3o-Jo\u00e3o-XXIII-e-o-culto-ao-Precios\u00edssimo-Sangue-de-Cristo.jpg\" alt=\"Conhe\u00e7amos a carta do Papa S\u00e3o Jo\u00e3o XXIII sobre o culto ao Precios\u00edssimo Sangue de Nosso Senhor Jesus Cristo.\" width=\"600\" height=\"330\" srcset=\"https:\/\/blog.cancaonova.com\/tododemaria\/files\/2018\/07\/S\u00e3o-Jo\u00e3o-XXIII-e-o-culto-ao-Precios\u00edssimo-Sangue-de-Cristo.jpg 600w, https:\/\/blog.cancaonova.com\/tododemaria\/files\/2018\/07\/S\u00e3o-Jo\u00e3o-XXIII-e-o-culto-ao-Precios\u00edssimo-Sangue-de-Cristo-300x165.jpg 300w\" sizes=\"(max-width: 600px) 100vw, 600px\" \/><\/a><\/p>\n<p style=\"text-align: left\">Vener\u00e1veis Irm\u00e3os, sauda\u00e7\u00e3o e B\u00ean\u00e7\u00e3o Apost\u00f3lica<\/p>\n<p style=\"text-align: left\">1. Desde os primeiros meses do nosso servi\u00e7o pontif\u00edcio aconteceu-nos muitas vezes \u2013 e n\u00e3o raro a palavra foi precursora ansiosa e inocente do nosso pr\u00f3prio sentir \u2013 convidar os fi\u00e9is, em mat\u00e9ria de devo\u00e7\u00e3o viva e cotidiana, a se volverem com ardente fervor para a express\u00e3o divina da miseric\u00f3rdia do Senhor sobre as almas individuais, sobre a sua Igreja santa e sobre o mundo inteiro, dos quais todos Jesus continua sendo o Redentor e o Salvador. Queremos dizer a devo\u00e7\u00e3o ao Precios\u00edssimo Sangue.<!--more Continue lendo...--><\/p>\n<p style=\"text-align: center\"><strong><a href=\"http:\/\/feedburner.google.com\/fb\/a\/mailverify?uri=TodoDeMaria\" target=\"_blank\" rel=\"noopener\">Inscreva-se e receba o conte\u00fado deste blog gratuitamente em seu e-mail.<\/a><\/strong><\/p>\n<p style=\"text-align: left\">2. Esta devo\u00e7\u00e3o foi-nos instilada no pr\u00f3prio ambiente dom\u00e9stico em que floresceu a nossa inf\u00e2ncia, e sempre recordamos com viva emo\u00e7\u00e3o a recita\u00e7\u00e3o das ladainhas do Precios\u00edssimo Sangue que os nossos velhos pais faziam no m\u00eas de julho.<\/p>\n<p style=\"text-align: left\">3. Lembrados da salutar exorta\u00e7\u00e3o do Ap\u00f3stolo: \u201cEstai atentos a v\u00f3s mesmos e a todo o rebanho: nele o Esp\u00edrito Santo vos constituiu guardi\u00e3es, para apascentardes a Igreja de Deus, que ele adquiriu para si pelo sangue de seu pr\u00f3prio Filho\u201d (At 20, 28), cremos, \u00f3 Vener\u00e1veis Irm\u00e3os, que entre as solicitudes do nosso universal minist\u00e9rio pastoral, depois da vigil\u00e2ncia sobre a s\u00e3 doutrina deve ter um lugar privilegiado aquela que diz respeito ao reto desenvolvimento e ao incremento da piedade religiosa, nas manifesta\u00e7\u00f5es do culto lit\u00fargico e privado. Parece-nos, portanto, particularmente oportuno chamar a aten\u00e7\u00e3o dos nossos diletos filhos para o nexo indissol\u00favel que deve unir as duas devo\u00e7\u00f5es, j\u00e1 t\u00e3o difundidas no seio do povo crist\u00e3o, isto \u00e9, o ss. Nome de Jesus e o seu sacrat\u00edssimo Cora\u00e7\u00e3o, aquela que pretende honrar o Sangue Precios\u00edssimo do Verbo encarnado, \u201cderramado por muitos em remiss\u00e3o dos pecados\u201d (cf. Mt 26, 28).<\/p>\n<p style=\"text-align: left\">4. Com efeito, se \u00e9 de suma import\u00e2ncia que entre o Credo cat\u00f3lico e a a\u00e7\u00e3o lit\u00fargica da Igreja reine uma salutar harmonia, visto que \u201ca norma do acreditar define a norma de rezar\u201d<a href=\"#_ftn1\" name=\"_ftnref1\"><span style=\"font-family: Calibri, sans-serif\"><span style=\"font-size: small\">[1]<\/span><\/span><\/a>, e nunca sejam consentidas formas de culto que n\u00e3o brotem das fontes pur\u00edssimas da verdadeira f\u00e9, \u00e9 justo, outrossim, que flores\u00e7a harmonia semelhante entre as v\u00e1rias devo\u00e7\u00f5es, de modo que n\u00e3o haja contraste ou dissocia\u00e7\u00e3o entre as que s\u00e3o consideradas como fundamentais e mais santificantes, e que, ao mesmo tempo, sobre as devo\u00e7\u00f5es pessoais e secund\u00e1rias tenham o primado na estima e na pr\u00e1tica aquelas que melhor realizam a economia da salva\u00e7\u00e3o universal operada pelo \u201c\u00fanico mediador entre Deus e os homens, Cristo Jesus homem, aquele que deu a si mesmo em resgate por todos\u201d (1 Tm 2, 5-6). Movendo-se nesta atmosfera de reta f\u00e9 e de s\u00e3 piedade, os f\u00e9is est\u00e3o seguros de sentir com a Igreja, ou seja, de viverem em comunh\u00e3o de ora\u00e7\u00e3o e de caridade com Jesus Cristo, fundador e sumo sacerdote dessa sublime religi\u00e3o que dele recebe, com o nome, toda a sua dignidade e valor.<\/p>\n<p style=\"text-align: left\">5. Se agora detivermos um r\u00e1pido olhar aos admir\u00e1veis progressos que a Igreja cat\u00f3lica tem operado no campo da piedade lit\u00fargica, em salutar conson\u00e2ncia com o desenvolvimento da sua f\u00e9 na penetra\u00e7\u00e3o das verdades divinas, indubitavelmente ser\u00e1 consolador verificarmos que nos s\u00e9culos pr\u00f3ximos a n\u00f3s n\u00e3o faltaram, da parte desta S\u00e9 Apost\u00f3lica, claros e repetidos atestados de consentimento e de incentivo para todas as tr\u00eas devo\u00e7\u00f5es supramencionadas; devo\u00e7\u00f5es que foram praticadas desde a Idade M\u00e9dia por muitas almas piedosas, e depois foram difundidas em v\u00e1rias dioceses, ordens e congrega\u00e7\u00f5es religiosas, mas que aguardavam da C\u00e1tedra de Pedro o cunho da ortodoxia e a aprova\u00e7\u00e3o para a Igreja universal.<\/p>\n<p style=\"text-align: left\">6. Baste-nos recordar que os nossos predecessores desde o s\u00e9culo XVI enriqueceram de favores espirituais a devo\u00e7\u00e3o ao ss. Nome de Jesus, da qual no s\u00e9culo precedente se fizera ap\u00f3stolo infatig\u00e1vel, na It\u00e1lia, S. Bernardino de Sena. Em honra desse ss. Nome foram, antes de tudo, aprovados o of\u00edcio e a missa, e em seguida as Ladainhas<a href=\"#_ftn2\" name=\"_ftnref2\"><span style=\"font-family: Calibri, sans-serif\"><span style=\"font-size: small\">[2]<\/span><\/span><\/a>. Nem foram menos insignes os privil\u00e9gios concedidos pelos pont\u00edfices romanos ao culto para com o sacrat\u00edssimo Cora\u00e7\u00e3o de Jesus, em cuja admir\u00e1vel propaga\u00e7\u00e3o<a href=\"#_ftn3\" name=\"_ftnref3\"><span style=\"font-family: Calibri, sans-serif\"><span style=\"font-size: small\">[3]<\/span><\/span><\/a> tamanha parte tiveram as revela\u00e7\u00f5es feitas pelo Sagrado Cora\u00e7\u00e3o a Santa Margarida Maria Alacoque. E t\u00e3o alta e un\u00e2nime tem sido a estima dos pont\u00edfices romanos a esta devo\u00e7\u00e3o, que eles se comprazeram em lhe ilustrar a natureza, defender a legitimidade, e inculcar a pr\u00e1tica com muitos atos oficiais, aos quais puseram coroamento tr\u00eas importantes enc\u00edclicas sobre este assunto<a href=\"#_ftn4\" name=\"_ftnref4\"><span style=\"font-family: Calibri, sans-serif\"><span style=\"font-size: small\">[4]<\/span><\/span><\/a>.<\/p>\n<p style=\"text-align: left\">7. Mas tamb\u00e9m a devo\u00e7\u00e3o ao Precios\u00edssimo Sangue de Jesus, da qual foi propagador admir\u00e1vel no s\u00e9culo passado o sacerdote romano s. Gaspar del Bufalo, teve o merecido consentimento e o favor desta S\u00e9 Apost\u00f3lica. Com efeito, importa recordar que, por ordem de Bento XIV, foram compostos a missa e o of\u00edcio em honra do Sangue ador\u00e1vel do divino Salvador; e que Pio IX, em cumprimento de um voto feito em Gaeta, quis que a festa lit\u00fargica fosse estendida \u00e0 Igreja universal<a href=\"#_ftn5\" name=\"_ftnref5\"><span style=\"font-family: Calibri, sans-serif\"><span style=\"font-size: small\">[5]<\/span><\/span><\/a>. Finalmente, foi Pio XI, de feliz mem\u00f3ria, quem, em lembran\u00e7a do 19\u00b0 centen\u00e1rio da reden\u00e7\u00e3o, elevou a sobredita festa a rito duplo de primeira classe, a fim de que, pela acrescida solenidade lit\u00fargica, mais intensa se tornasse a pr\u00f3pria devo\u00e7\u00e3o, e mais copiosos se entornassem sobre os homens os frutos do Sangue redentor.<\/p>\n<p style=\"text-align: left\">8. Seguindo, portanto, o exemplo dos nossos predecessores, com o fim de favorecer ulteriormente o culto para com o precioso Sangue do Cordeiro imaculado, Cristo Jesus, aprovamos-lhe as ladainhas, segundo a ordem compilada pela Sacra Congrega\u00e7\u00e3o dos ritos<a href=\"#_ftn6\" name=\"_ftnref6\"><span style=\"font-family: Calibri, sans-serif\"><span style=\"font-size: small\">[6]<\/span><\/span><\/a>, incentivando outrossim a reza das mesmas em todo o mundo cat\u00f3lico, quer em particular quer em p\u00fablico, com a concess\u00e3o de indulg\u00eancias especiais<a href=\"#_ftn7\" name=\"_ftnref7\"><span style=\"font-family: Calibri, sans-serif\"><span style=\"font-size: small\">[7]<\/span><\/span><\/a>. Possa este novo ato do cuidado por todas as Igrejas (cf. l Cor 11, 28), pr\u00f3prio do pontificado supremo, em tempo das mais graves e urgentes necessidades espirituais, acordar no \u00e2nimo dos crentes a convic\u00e7\u00e3o do valor perene, universal, sumamente pr\u00e1tico das tr\u00eas louvadas devo\u00e7\u00f5es.<\/p>\n<p style=\"text-align: left\">9. Por isto, ao aproximar-se a festa e o m\u00eas dedicados ao culto do Sangue de Cristo, pre\u00e7o do nosso resgate, penhor de salva\u00e7\u00e3o e de vida eterna, fa\u00e7am-na os fi\u00e9is objeto de medita\u00e7\u00f5es mais devotas e de comunh\u00f5es sacramentais mais frequentes. Iluminados pelos salutares ensinamentos que promanam dos Livros sagrados e da doutrina dos padres e doutores da Igreja, reflitam no valor superabundante, infinito desse Sangue verdadeiramente precios\u00edssimo, do qual uma s\u00f3 gota pode salvar o mundo todo de toda culpa<a href=\"#_ftn8\" name=\"_ftnref8\"><span style=\"font-family: Calibri, sans-serif\"><span style=\"font-size: small\">[8]<\/span><\/span><\/a>, como canta a Igreja com o Ang\u00e9lico Doutor, e como sabiamente confirmou o nosso predecessor Clemente VI<a href=\"#_ftn9\" name=\"_ftnref9\"><span style=\"font-family: Calibri, sans-serif\"><span style=\"font-size: small\">[9]<\/span><\/span><\/a>.<\/p>\n<p style=\"text-align: left\">10. Porquanto, se infinito \u00e9 o valor do Sangue do Homem-Deus, e se infinita foi a caridade que o impeliu a derram\u00e1-lo desde o oitavo dia do seu nascimento, e depois, com superabund\u00e2ncia, na agonia do horto (cf. Lc 22, 43), na flagela\u00e7\u00e3o e na coroa\u00e7\u00e3o de espinhos, na subida ao Calv\u00e1rio e na crucifix\u00e3o, e, enfim, da ampla ferida do seu lado, como s\u00edmbolo desse mesmo Sangue divino que corre em todos os sacramentos da Igreja, n\u00e3o s\u00f3 \u00e9 conveniente, mas \u00e9 tamb\u00e9m sumamente justo que a ele sejam tributadas homenagens de adora\u00e7\u00e3o e de amorosa gratid\u00e3o por parte de todos os que foram regenerados nas suas ondas salutares.<\/p>\n<p style=\"text-align: left\">11. E ao culto de <i>latria<\/i> a ser prestado ao c\u00e1lice do Sangue do Novo Testamento, sobretudo no momento da sua eleva\u00e7\u00e3o no sacrif\u00edcio da Missa, \u00e9 sumamente conveniente e salutar que se siga a comunh\u00e3o com esse mesmo Sangue, indissoluvelmente unido ao corpo do nosso Salvador no sacramento da eucaristia. Em uni\u00e3o, ent\u00e3o, com o sacerdote celebrante, poder\u00e3o os fi\u00e9is com plena verdade repetir mentalmente as palavras que ele pronuncia no momento da comunh\u00e3o; \u201cTomarei o c\u00e1lice da salva\u00e7\u00e3o e invocarei o nome do Senhor&#8230; O sangue de Cristo me guarde para a vida eterna. Am\u00e9m\u201d. Desse modo os fi\u00e9is que dele se aproximarem dignamente receber\u00e3o mais abundantes os frutos de reden\u00e7\u00e3o, de ressurrei\u00e7\u00e3o e de vida eterna que o Sangue derramado por Cristo \u201cpor impulso do Esp\u00edrito Santo\u201d (Hb 9, 14) mereceu para o mundo inteiro. E, nutridos do corpo e do sangue de Cristo, tornados participantes do seu poder divino, que fez surgir legi\u00f5es de m\u00e1rtires, eles ir\u00e3o ao encontro das lutas cotidianas, dos sacrif\u00edcios, at\u00e9 mesmo do mart\u00edrio, se preciso, em defesa da virtude e do reino de Deus, sentindo em si mesmos aquele ardor de caridade que fazia S. Jo\u00e3o Cris\u00f3stomo exclamar: \u201cSa\u00edmos daquela mesa quais le\u00f5es expirando chamas, tornados terr\u00edveis ao dem\u00f4nio, pensando em quem \u00e9 o nosso Chefe e quanto amor teve por n\u00f3s&#8230; Esse Sangue, se dignamente recebido, afasta os dem\u00f4nios, chama para junto de n\u00f3s os anjos e o pr\u00f3prio Senhor dos anjos&#8230; Esse Sangue derramado purifica o mundo todo&#8230; Este \u00e9 o pre\u00e7o do universo, com ele Cristo redime a Igreja&#8230; Tal pensamento deve refrear as nossas paix\u00f5es. At\u00e9 quando, com efeito, ficaremos apegados ao mundo presente? At\u00e9 quando ficaremos inertes? At\u00e9 quando descuraremos pensar na nossa salva\u00e7\u00e3o? Reflitamos sobre os bens que o Senhor se dignou de nos conceder, sejamos-lhe gratos por eles, glorifiquemo-lo n\u00e3o s\u00f3 com a f\u00e9, mas tamb\u00e9m com as obras\u201d<a href=\"#_ftn10\" name=\"_ftnref10\"><span style=\"font-family: Calibri, sans-serif\"><span style=\"font-size: small\">[10]<\/span><\/span><\/a>.<\/p>\n<p style=\"text-align: left\">12. Oh! se os crist\u00e3os refletissem mais frequentemente no paternal aviso do primeiro papa: \u201cPortai-vos com temor durante o tempo do vosso ex\u00edlio. Pois sabeis que n\u00e3o foi com coisas perec\u00edveis, isto \u00e9, com prata ou ouro que fostes resgatados&#8230;, mas pelo sangue precioso de Cristo, como de um cordeiro sem defeito e sem m\u00e1cula\u201d (1 Pd 1, 17-19); se eles dessem mais sol\u00edcito ouvido \u00e0 exorta\u00e7\u00e3o do ap\u00f3stolo das gentes: \u201cAlgu\u00e9m pagou alto pre\u00e7o pelo vosso resgate; glorificai, portanto, a Deus em vosso corpo\u201d (l Cor 6, 20). Quanto mais dignos, mais edificantes seriam os seus costumes, quanto mais salutar para a humanidade inteira seria a presen\u00e7a, no mundo, da Igreja de Cristo! E, se todos os homens secundassem os convites da gra\u00e7a de Deus, que os quer todos salvos (cf. 1 Tm 2, 4), porque ele quis que todos fossem remidos pelo Sangue de seu Unig\u00eanito, e chama todos a serem membros de um s\u00f3 corpo m\u00edstico, do qual Cristo \u00e9 a Cabe\u00e7a, ent\u00e3o quanto mais fraternas se tornariam as rela\u00e7\u00f5es entre os indiv\u00edduos, os povos, as na\u00e7\u00f5es, e quanto mais pac\u00edfica, quanto mais digna de Deus e da natureza humana, criada a imagem e semelhan\u00e7a do Alt\u00edssimo (cf. Gn 1, 26), se tornaria a conviv\u00eancia social!<\/p>\n<p style=\"text-align: left\">13. Era a contempla\u00e7\u00e3o desta sublime voca\u00e7\u00e3o que s. Paulo convidava os fi\u00e9is provenientes do povo eleito, tentados de pensar com saudade num passado que fora apenas uma p\u00e1lida figura e o prel\u00fadio da nova alian\u00e7a: \u201cMas v\u00f3s vos aproximastes do monte Si\u00e3o e da cidade de Deus vivo, a Jerusal\u00e9m celestial, e de milh\u00f5es de anjos reunidos em festa, e da assembleia dos primog\u00eanitos cujos nomes est\u00e3o inscritos nos c\u00e9us, e de Deus o juiz de todos, e dos esp\u00edritos dos justos que chegaram \u00e0 perfei\u00e7\u00e3o, e de Jesus, mediador de uma nova alian\u00e7a, e do sangue da aspers\u00e3o mais eloquente que o de Abel\u201d (Hb 12, 22-24).<\/p>\n<p style=\"text-align: left\">14. Plenamente confiamos, \u00f3 vener\u00e1veis irm\u00e3os, que estas nossas paternais exorta\u00e7\u00f5es, pelo modo como julgardes mais oportuno tornadas por v\u00f3s conhecidas ao clero e aos fi\u00e9is a v\u00f3s confiados, ser\u00e3o de bom grado postas em pr\u00e1tica, n\u00e3o s\u00f3 salutarmente, mas tamb\u00e9m com fervoroso zelo, em ausp\u00edcio das gra\u00e7as celestes e em penhor da nossa particular benevol\u00eancia, com efus\u00e3o de cora\u00e7\u00e3o concedemos a b\u00ean\u00e7\u00e3o apost\u00f3lica a cada um de v\u00f3s e a todos os vossos rebanhos, e de modo particular aos que generosa e piedosamente responderem ao nosso convite.<\/p>\n<p style=\"text-align: left\">Dado em Roma, junto a S. Pedro, no dia 30 de junho de 1960, vig\u00edlia da Festa do Precios\u00edssimo Sangue de N. S. J. C., segundo ano do nosso Pontificado.<\/p>\n<p style=\"text-align: right\" align=\"right\">JO\u00c3O PP. XXIII<\/p>\n<p>Fonte: VATICAN.&nbsp;<a href=\"https:\/\/w2.vatican.va\/content\/john-xxiii\/pt\/apost_letters\/1960\/documents\/hf_j-xxiii_apl_19600630_indeaprimis.html#_ftnref8\" target=\"_blank\" rel=\"noopener\">Carta Apost\u00f3lica <em>Inde a Primis<\/em><\/a>.<\/p>\n<p><strong>Links relacionados:<\/strong><\/p>\n<p>PADRE PAULO RICARDO.&nbsp;<a href=\"https:\/\/padrepauloricardo.org\/blog\/aprenda-a-rezar-a-coroa-do-preciosissimo-sangue-de-cristo\" target=\"_blank\" rel=\"noopener\">Aprenda a rezar a Coroa do Precios\u00edssimo Sangue de Cristo<\/a>.<br \/>\nTODO DE MARIA.&nbsp;<a href=\"https:\/\/blog.cancaonova.com\/tododemaria\/a-devocao-ao-preciosissimo-sangue-de-jesus-cristo\/\" target=\"_blank\" rel=\"noopener\">A devo\u00e7\u00e3o ao precios\u00edssimo Sangue de Jesus Cristo<\/a>.<br \/>\nTODO DE MARIA.&nbsp;<a href=\"https:\/\/blog.cancaonova.com\/tododemaria\/resgatados-pelo-preciosissimo-sangue-de-cristo\/\" target=\"_blank\" rel=\"noopener\">Resgatados pelo Precios\u00edssimo Sangue de Cristo<\/a>.<\/p>\n<p><strong>Refer\u00eancias:<\/strong><\/p>\n<hr align=\"left\" size=\"1\" width=\"250\"\/>\n<div id=\"ftn1\" dir=\"ltr\">\n<p style=\"text-align: left\"><a href=\"#_ftnref1\" name=\"_ftn1\"><span style=\"font-family: Calibri, sans-serif\"><span style=\"font-size: small\">[1]<\/span><\/span><\/a><span style=\"font-size: small\"> &nbsp;Cf. Enc. <\/span><span style=\"font-size: small\"><i>Mediator Dei<\/i><\/span><span style=\"font-size: small\">; AAS 39(1947), p. 54.<br \/>\n<\/span><a href=\"#_ftnref2\" name=\"_ftn2\"><span style=\"font-family: Calibri, sans-serif\"><span style=\"font-size: small\">[2]<\/span><\/span><\/a><span style=\"font-size: small\">&nbsp; Cf. AAS,18 (1886), p. 509.<br \/>\n<\/span><a href=\"#_ftnref3\" name=\"_ftn3\"><span style=\"font-family: Calibri, sans-serif\"><span style=\"font-size: small\">[3]<\/span><\/span><\/a><span style=\"font-size: small\">&nbsp; <\/span><span style=\"font-size: small\"><span lang=\"en-US\">Cf. Of. f.<\/span><\/span><span style=\"font-size: small\"><span lang=\"en-US\"><i>: Festi SS. Cordis lesu<\/i><\/span><\/span><span style=\"font-size: small\"><span lang=\"en-US\">, II Noct., lect. <\/span><\/span><span style=\"font-size: small\">V.<br \/>\n<\/span><a href=\"#_ftnref4\" name=\"_ftn4\"><span style=\"font-family: Calibri, sans-serif\"><span style=\"font-size: small\">[4]<\/span><\/span><\/a><span style=\"font-size: small\">&nbsp; Carta Enc. <\/span><span style=\"font-size: small\"><i>Annum Sacrum. Acta Leonis<\/i><\/span><span style=\"font-size: small\"> XIII, 19(1899), pp. 71ss.; Carta Enc. <\/span><span style=\"font-size: small\"><i>Miserentissimus Redemptor<\/i><\/span><span style=\"font-size: small\">, AAS, 20(1928), pp. 165ss.; Carta Enc. <\/span><span style=\"font-size: small\"><i>Haurietis aquas<\/i><\/span><span style=\"font-size: small\">, AAS, 48(1956,), pp. 309ss.<br \/>\n<\/span><a href=\"#_ftnref5\" name=\"_ftn5\"><span style=\"font-family: Calibri, sans-serif\"><span style=\"font-size: small\">[5]<\/span><\/span><\/a><span style=\"font-size: small\">&nbsp; Decr. <\/span><span style=\"font-size: small\"><i>Redempti sumos<\/i><\/span><span style=\"font-size: small\">, de 10 de Agosto de 1849; cf. Arch. S.C. Rit., Decr. ann.1848-1849, fol. 209.<br \/>\n<\/span><a href=\"#_ftnref6\" name=\"_ftn6\"><span style=\"font-family: Calibri, sans-serif\"><span style=\"font-size: small\">[6]<\/span><\/span><\/a><span style=\"font-size: small\">&nbsp; Cf. AAS, 52(1960), pp. 412-413.<br \/>\n<\/span><a href=\"#_ftnref7\" name=\"_ftn7\"><span style=\"font-family: Calibri, sans-serif\"><span style=\"font-size: small\">[7]<\/span><\/span><\/a><span style=\"font-size: small\">&nbsp; Decr. S. Poen. Ap., de 3 de Mar\u00e7o de 1960; cf. AAS, 52( 1960), pp. 420.<br \/>\n<\/span><a href=\"#_ftnref8\" name=\"_ftn8\"><span style=\"font-family: Calibri, sans-serif\"><span style=\"font-size: small\">[8]<\/span><\/span><\/a><span style=\"font-size: small\">&nbsp; Hino Adoro te devote.<br \/>\n<\/span><a href=\"#_ftnref9\" name=\"_ftn9\"><span style=\"font-family: Calibri, sans-serif\"><span style=\"font-size: small\">[9]<\/span><\/span><\/a><span style=\"font-size: small\">&nbsp; Bula <\/span><span style=\"font-size: small\"><i>Unigenitus Dei Filius<\/i><\/span><span style=\"font-size: small\">, de 25 de janeiro de 1843; Denz. 550 [ DS 1025].<br \/>\n<\/span><a href=\"#_ftnref10\" name=\"_ftn10\"><span style=\"font-family: Calibri, sans-serif\"><span style=\"font-size: small\">[10]<\/span><\/span><\/a><span style=\"font-size: small\">&nbsp; <\/span><span style=\"font-size: small\"><i>In loan., <\/i><\/span><span style=\"font-size: small\">Homil. 46; PG 59, 260-261.<\/span><\/p>\n<\/div>\n","protected":false},"excerpt":{"rendered":"<p>Conhe\u00e7amos a carta do Papa S\u00e3o Jo\u00e3o XXIII sobre o culto ao Precios\u00edssimo Sangue de Nosso Senhor Jesus Cristo. Carta Apost\u00f3lica Inde a Primis de sua santidade Jo\u00e3o XXIII aos vener\u00e1veis irm\u00e3os patriarcas, primazes, arcebispos, bispos e outros ordin\u00e1rios do&#8230;<\/p>\n","protected":false},"author":4539,"featured_media":0,"comment_status":"open","ping_status":"open","sticky":false,"template":"","format":"standard","meta":{"_mi_skip_tracking":false,"_monsterinsights_sitenote_active":false,"_monsterinsights_sitenote_note":"","_monsterinsights_sitenote_category":0,"footnotes":""},"categories":[186793],"tags":[],"_links":{"self":[{"href":"https:\/\/blog.cancaonova.com\/tododemaria\/wp-json\/wp\/v2\/posts\/8826"}],"collection":[{"href":"https:\/\/blog.cancaonova.com\/tododemaria\/wp-json\/wp\/v2\/posts"}],"about":[{"href":"https:\/\/blog.cancaonova.com\/tododemaria\/wp-json\/wp\/v2\/types\/post"}],"author":[{"embeddable":true,"href":"https:\/\/blog.cancaonova.com\/tododemaria\/wp-json\/wp\/v2\/users\/4539"}],"replies":[{"embeddable":true,"href":"https:\/\/blog.cancaonova.com\/tododemaria\/wp-json\/wp\/v2\/comments?post=8826"}],"version-history":[{"count":8,"href":"https:\/\/blog.cancaonova.com\/tododemaria\/wp-json\/wp\/v2\/posts\/8826\/revisions"}],"predecessor-version":[{"id":8835,"href":"https:\/\/blog.cancaonova.com\/tododemaria\/wp-json\/wp\/v2\/posts\/8826\/revisions\/8835"}],"wp:attachment":[{"href":"https:\/\/blog.cancaonova.com\/tododemaria\/wp-json\/wp\/v2\/media?parent=8826"}],"wp:term":[{"taxonomy":"category","embeddable":true,"href":"https:\/\/blog.cancaonova.com\/tododemaria\/wp-json\/wp\/v2\/categories?post=8826"},{"taxonomy":"post_tag","embeddable":true,"href":"https:\/\/blog.cancaonova.com\/tododemaria\/wp-json\/wp\/v2\/tags?post=8826"}],"curies":[{"name":"wp","href":"https:\/\/api.w.org\/{rel}","templated":true}]}}