{"id":8868,"date":"2018-07-26T03:00:43","date_gmt":"2018-07-26T06:00:43","guid":{"rendered":"http:\/\/blog.cancaonova.com\/tododemaria\/?p=8868"},"modified":"2018-07-26T21:03:41","modified_gmt":"2018-07-27T00:03:41","slug":"sao-joaquim-e-santa-ana-e-as-promessas-de-deus","status":"publish","type":"post","link":"https:\/\/blog.cancaonova.com\/tododemaria\/sao-joaquim-e-santa-ana-e-as-promessas-de-deus\/","title":{"rendered":"S\u00e3o Joaquim e Santa Ana e as promessas de Deus"},"content":{"rendered":"<p style=\"text-align: left\"><b>Na mem\u00f3ria de S\u00e3o Joaquim e Santa Ana, meditemos sobre a import\u00e2ncia desses santos no mist\u00e9rio da Salva\u00e7\u00e3o, na vida de Jesus Cristo, da Virgem Maria e de cada um de n\u00f3s.<\/b><\/p>\n<p style=\"text-align: left\">Esta Celebra\u00e7\u00e3o Eucar\u00edstica (na mem\u00f3ria de S\u00e3o Joaquim e Santa Ana) oferece-nos a ocasi\u00e3o para experimentar a bem-aventuran\u00e7a daqueles que ouvem a Palavra de Deus; que entram numa rela\u00e7\u00e3o viva com o seu des\u00edgnio de salva\u00e7\u00e3o, atrav\u00e9s da comunh\u00e3o com o Corpo, o Sangue e a Alma de Cristo, nosso Salvador.<\/p>\n<div id=\"attachment_8873\" style=\"width: 610px\" class=\"wp-caption aligncenter\"><a href=\"http:\/\/blog.cancaonova.com\/tododemaria\/files\/2018\/07\/sao-joaquim-e-santa-ana-e-as-promessas-de-deus1.jpg\"><img loading=\"lazy\" decoding=\"async\" aria-describedby=\"caption-attachment-8873\" class=\"size-full wp-image-8873\" src=\"http:\/\/blog.cancaonova.com\/tododemaria\/files\/2018\/07\/sao-joaquim-e-santa-ana-e-as-promessas-de-deus1.jpg\" alt=\"Na mem\u00f3ria de S\u00e3o Joaquim e Santa Ana, meditemos sobre a import\u00e2ncia desses santos no mist\u00e9rio da Salva\u00e7\u00e3o, na vida de Jesus Cristo, da Virgem Maria e de cada um de n\u00f3s.\" width=\"600\" height=\"330\" srcset=\"https:\/\/blog.cancaonova.com\/tododemaria\/files\/2018\/07\/sao-joaquim-e-santa-ana-e-as-promessas-de-deus1.jpg 600w, https:\/\/blog.cancaonova.com\/tododemaria\/files\/2018\/07\/sao-joaquim-e-santa-ana-e-as-promessas-de-deus1-300x165.jpg 300w\" sizes=\"(max-width: 600px) 100vw, 600px\" \/><\/a><p id=\"caption-attachment-8873\" class=\"wp-caption-text\"><a href=\"https:\/\/commons.wikimedia.org\/wiki\/File:Joseph_Paelinck_(Belgian_-_The_Holy_Family_-_Google_Art_Project.jpg\" target=\"_blank\" rel=\"noopener\">The Holy Family<\/a>, by Joseph Paelinck.<\/p><\/div>\n<p style=\"text-align: left\">\u201cQuanto a v\u00f3s, ditosos os vossos olhos, porque veem, e os vossos ouvidos, porque ouvem. Em verdade vos digo: muitos profetas e justos desejaram ver o que estais vendo, e n\u00e3o viram, e ouvir o que estais ouvindo, e n\u00e3o ouviram!\u201d (Mt 13, 16-17). Jesus faz com que os seus disc\u00edpulos sintam a grandeza do dom recebido. Ele n\u00e3o lhes fala em par\u00e1bolas do Reino de Deus. As par\u00e1bolas velavam uma doutrina que a interpreta\u00e7\u00e3o de muitos corria o risco de deturpar em sentidos nacionalista e material; a eles, que d\u00f3ceis e humildes, Jesus comunicava a interpreta\u00e7\u00e3o exata das par\u00e1bolas: a felicidade e a liberta\u00e7\u00e3o s\u00e3o para todos, acima de tudo para os marginalizados, os oprimidos, os fr\u00e1geis, as mulheres, os exclu\u00eddos, os pequeninos, os estrangeiros e os pobres; a origem desta liberta\u00e7\u00e3o terrena e eterna \u00e9 Deus, que Ele anuncia como Pai e Filho e Esp\u00edrito Santo.<!--more Continue lendo...--><\/p>\n<p style=\"text-align: center\"><strong><a href=\"http:\/\/feedburner.google.com\/fb\/a\/mailverify?uri=TodoDeMaria\" target=\"_blank\" rel=\"noopener\">Inscreva-se e receba o conte\u00fado deste blog gratuitamente em seu e-mail.<\/a><\/strong><\/p>\n<p style=\"text-align: left\"><b>S\u00e3o Joaquim e Santa Ana e a promessa da consola\u00e7\u00e3o de Israel<\/b><\/p>\n<p style=\"text-align: left\">O Deus trinit\u00e1rio n\u00e3o \u00e9 um mist\u00e9rio incompreens\u00edvel, do qual \u00e9 melhor n\u00e3o falar. O seu mist\u00e9rio \u00e9 mist\u00e9rio do Amor, em que todos n\u00f3s somos inseridos. Mas para o compreendermos \u00e9 necess\u00e1rio que nos tornemos amigos de Jesus como o Santo Padre nos exorta constantemente a fazer seus \u00edntimos, seus disc\u00edpulos, \u00e9 preciso que O sigamos na sua miss\u00e3o.<\/p>\n<p style=\"text-align: left\">O motivo que nos congrega em redor do altar desta igreja paroquial do Vaticano, dedicada a Santa Ana, \u00e9 a festa patronal. Ana e Joaquim, esposos judeus exemplares, viveram uma \u00e9poca crucial da hist\u00f3ria da Igreja da salva\u00e7\u00e3o, no momento em que estava para ser cumprida a promessa de Deus a Abra\u00e3o, e a humanidade estava prestes a receber a resposta esperada pelos justos do Antigo Testamento, que aguardavam a consola\u00e7\u00e3o de Israel.<\/p>\n<p style=\"text-align: left\">Ouvimos as palavras do Salmo 131, sobre a fidelidade de Deus \u00e0 sua promessa: \u201cO Senhor jurou a David: verdade da qual nunca se afastar\u00e1 \u2018o fruto do teu ventre hei de colocar sobre o teu trono!\u2019 [&#8230;] Realmente, o Senhor escolheu Si\u00e3o, desejou-a para sua morada: \u2018Este ser\u00e1 para sempre o lugar do meu repouso, aqui habitarei, porque o escolhi\u2019\u201d (vv. 11.13).<\/p>\n<p style=\"text-align: left\">Sem d\u00favida, Ana e Joaquim pertenciam ao grupo daqueles judeus piedosos que esperavam a consola\u00e7\u00e3o de Israel, e precisamente a eles foi dada uma tarefa especial na hist\u00f3ria da salva\u00e7\u00e3o: foram escolhidos por Deus, para gerar a Imaculada que, por sua vez, \u00e9 chamada a gerar o Filho de Deus.<\/p>\n<p style=\"text-align: left\"><b>Santa Ana e S\u00e3o Joaquim na vida da Virgem Maria<\/b><\/p>\n<p style=\"text-align: left\">Conhecemos os nomes dos pais da Bem-Aventurada Virgem atrav\u00e9s de um texto n\u00e3o can\u00f4nico, o Protoevangelho de Tiago. Eles s\u00e3o citados na p\u00e1gina que precede o an\u00fancio do Anjo a Maria. Esta sua filha n\u00e3o podia deixar de irradiar aquela gra\u00e7a totalmente especial da sua pureza, a plenitude da gra\u00e7a que a preparava para o des\u00edgnio da maternidade divina.<\/p>\n<p style=\"text-align: left\">Podemos imaginar quanto receberam dela estes pais, ao mesmo tempo que cumpriam o seu dever de educadores. O quadro que predomina sobre o altar desta igreja faz-nos intuir algo daquele que pode ter sido o relacionamento entre Santa Ana e Maria, tamb\u00e9m no que se refere \u00e0 Palavra de Deus revelada. M\u00e3e e filha estavam unidas n\u00e3o apenas por la\u00e7os familiares, mas tamb\u00e9m pela comum expectativa do cumprimento das promessas, pela recita\u00e7\u00e3o multiforme dos Salmos e pela evoca\u00e7\u00e3o de uma vida entregue a Deus.<\/p>\n<p style=\"text-align: left\">Teremos n\u00f3s os olhos e os ouvidos abertos para reconhecer um mist\u00e9rio t\u00e3o excelso? Pe\u00e7amos a Santa Ana e a S\u00e3o Joaquim n\u00e3o s\u00f3 para ver e ouvir a mensagem de Deus, mas inclusive para participar com amor pelas pessoas com as quais nos encontrarmos, no seu amor, em particular transmitindo luz e esperan\u00e7a a todas as nossas fam\u00edlias. Confiemos de maneira especial a Santa Ana as m\u00e3es, sobretudo as que s\u00e3o impedidas na defesa da vida nascente ou que encontram dificuldades para criar e educar os seus filhos.<\/p>\n<p><strong>Assista \u00e0 homilia do Padre Paulo Ricardo na \u201c<a href=\"https:\/\/padrepauloricardo.org\/episodios\/memoria-de-sao-joaquim-e-sant-ana-mmxviii\" target=\"_blank\" rel=\"noopener\">Mem\u00f3ria de S\u00e3o Joaquim e Sant\u2019Ana, pais da Virgem Maria<\/a>\u201d:<\/strong><\/p>\n<iframe loading=\"lazy\" width=\"640\" height=\"360\" src=\"https:\/\/www.youtube-nocookie.com\/embed\/XHQueGf5bxk?rel=0&amp;showinfo=0\" frameborder=\"0\" allow=\"autoplay; encrypted-media\" allowfullscreen><\/iframe>\n<p style=\"text-align: left\"><b>S\u00e3o Joaquim e Sant\u2019Ana: modelos de santidade vivida em idade avan\u00e7ada<\/b><\/p>\n<p style=\"text-align: left\">Quando visitou pela primeira vez esta sua Par\u00f3quia de Santa Ana (<a href=\"https:\/\/w2.vatican.va\/content\/john-paul-ii\/pt\/homilies\/1978\/documents\/hf_jp-ii_hom_19781210_sant-anna.html\" target=\"_blank\" rel=\"noopener\">10 de Dezembro de 1978<\/a>), o Papa Jo\u00e3o Paulo II falou por assim dizer da casa paterna de Maria, M\u00e3e de Cristo; desta casa em que, circundada pelo amor e pela solicitude dos seus pais, Maria \u201caprendia\u201d de sua m\u00e3e como ser Ela mesma m\u00e3e: \u201cMas quando, como \u2018herdeiros da promessa\u2019 (cf. Gl 4, 28.31) divina, nos encontramos no contexto desta maternidade, afirmou o Servo de Deus Jo\u00e3o Paulo II, e quando voltamos a sentir a sua santa profundidade e plenitude, ent\u00e3o pensamos que foi precisamente Santa Ana a primeira que ensinou Maria, sua filha, a ser m\u00e3e\u201d.<\/p>\n<p style=\"text-align: left\">Existe mais um aspecto, que gostaria de ressaltar: Santa Ana e S\u00e3o Joaquim podem ser tomados como modelo tamb\u00e9m pela sua santidade vivida em idade avan\u00e7ada. Em conformidade com uma antiga tradi\u00e7\u00e3o, eles j\u00e1 eram idosos quando lhes foi confiada a tarefa de dar ao mundo, conservar e educar a Santa M\u00e3e de Deus.<\/p>\n<p style=\"text-align: left\">Na Sagrada Escritura, a velhice \u00e9 circundada de venera\u00e7\u00e3o (cf. 2 Mac 6, 23). O justo n\u00e3o pede para ser privado da velhice e do seu peso; ao contr\u00e1rio, ele reza assim: \u201cV\u00f3s sois a minha esperan\u00e7a, a minha confian\u00e7a, Senhor, desde a minha juventude&#8230; Agora, na velhice e na decrepitude, n\u00e3o me abandoneis, \u00f3 Deus, para que eu narre \u00e0s gera\u00e7\u00f5es a for\u00e7a do vosso bra\u00e7o, o vosso poder a todos os que h\u00e3o de vir\u201d (Sl 71 [70], 5-18).<\/p>\n<p style=\"text-align: left\">Com a sua pr\u00f3pria presen\u00e7a, a pessoa idosa recorda a todos, e de maneira especial aos jovens, que a vida na terra \u00e9 uma \u201ccurva\u201d, com um in\u00edcio e com um fim: para experimentar a sua plenitude, ela exige a refer\u00eancia a valores n\u00e3o ef\u00eameros nem superficiais, mas s\u00f3lidos e profundos.<\/p>\n<p style=\"text-align: left\">Infelizmente, um elevado n\u00famero de jovens do nosso tempo est\u00e3o orientados para uma concep\u00e7\u00e3o da vida em que os valores \u00e9ticos se tornam cada vez mais superficiais, dominados como s\u00e3o por um hedonismo imperante. O que mais preocupa \u00e9 o fato de que as fam\u00edlias se desagregam na medida em que os esposos atingem a idade madura, quando teriam maior necessidade de amor, de assist\u00eancia e de compreens\u00e3o rec\u00edproca.<\/p>\n<p style=\"text-align: left\"><b>O dever dos av\u00f3s de manifestar a f\u00e9 e a moral cat\u00f3licas<\/b><\/p>\n<p style=\"text-align: left\">Os idosos que receberam uma educa\u00e7\u00e3o moral sadia deveriam demonstrar, mediante a sua vida e o pr\u00f3prio comportamento no trabalho, a beleza de uma s\u00f3lida vida moral. Deveriam manifestar aos jovens a profunda for\u00e7a da f\u00e9, que nos foi transmitida pelos nossos m\u00e1rtires, e a beleza da fidelidade \u00e0s leis divinas da moral conjugal.<\/p>\n<p style=\"text-align: left\">H\u00e1 tempos, dirigiu-se-me um grupo de cat\u00f3licos japoneses, desejosos de constituir uma Pia Associa\u00e7\u00e3o, inspirada em Joaquim e Ana, que re\u00fane casais da chamada \u201cterceira idade\u201d, dedicadas precisamente \u00e0 promo\u00e7\u00e3o dos ideais de vida que acabei de expor.<\/p>\n<p style=\"text-align: left\">Para terminar, desejo propor a todos v\u00f3s aqui presentes, a ora\u00e7\u00e3o que eles recitam diariamente:<\/p>\n<blockquote><p><span style=\"font-size: small\">\u00d3 S\u00e3o Joaquim e Santa Ana<br \/>\nprotegei as nossas fam\u00edlias<br \/>\ndesde o in\u00edcio promissor<br \/>\nat\u00e9 a idade madura<br \/>\nrepleta dos sofrimentos da vida<br \/>\ne amparai-as na fidelidade<br \/>\n\u00e0s promessas solenes.<\/span><\/p>\n<p><span style=\"font-size: small\">Acompanhai os idosos<br \/>\nque se aproximam<br \/>\ndo encontro com Deus.<\/span><\/p>\n<p>Suavizai a passagem<br \/>\nsuplicando para aquela hora<br \/>\na presen\u00e7a materna<br \/>\nda vossa Filha ditosa<br \/>\na Virgem Maria<br \/>\ne do seu Filho divino, Jesus!<\/p>\n<p><span style=\"font-size: small\">Am\u00e9m.<\/span><\/p><\/blockquote>\n<p style=\"text-align: left\">Fonte: <a href=\"http:\/\/www.vatican.va\/roman_curia\/secretariat_state\/card-bertone\/2007\/documents\/rc_seg-st_20070726_sant-anna_po.html\" target=\"_blank\" rel=\"noopener\">Homilia do Cardeal Tarcisio Bertone na Festa Lit\u00fargica dos Santos Pais de Nossa Senhora<\/a>, na Par\u00f3quia de Santa Ana no Vaticano, em 26 de Julho de 2007.<\/p>\n<p><strong>Links relacionados:<\/strong><\/p>\n<p>TODO DE MARIA.&nbsp;<a href=\"https:\/\/blog.cancaonova.com\/tododemaria\/a-apresentacao-de-maria-e-a-consagracao\/\" target=\"_blank\" rel=\"noopener\">A apresenta\u00e7\u00e3o de Maria e a consagra\u00e7\u00e3o<\/a>.<br \/>\nTODO DE MARIA. <a href=\"https:\/\/blog.cancaonova.com\/tododemaria\/sao-joaquim-e-santa-ana-pais-de-maria-santissima\/\" target=\"_blank\" rel=\"noopener\">S\u00e3o Joaquim e Santa Ana, pais de Maria Sant\u00edssima<\/a>.<br \/>\nTODO DE MARIA.&nbsp;<a href=\"https:\/\/blog.cancaonova.com\/tododemaria\/o-que-podemos-aprender-com-nossos-avos\/\" target=\"_blank\" rel=\"noopener\">O que podemos aprender com nossos av\u00f3s?<\/a><\/p>\n","protected":false},"excerpt":{"rendered":"<p>Na mem\u00f3ria de S\u00e3o Joaquim e Santa Ana, meditemos sobre a import\u00e2ncia desses santos no mist\u00e9rio da Salva\u00e7\u00e3o, na vida de Jesus Cristo, da Virgem Maria e de cada um de n\u00f3s. Esta Celebra\u00e7\u00e3o Eucar\u00edstica (na mem\u00f3ria de S\u00e3o Joaquim&#8230;<\/p>\n","protected":false},"author":4539,"featured_media":0,"comment_status":"open","ping_status":"open","sticky":false,"template":"","format":"standard","meta":{"_mi_skip_tracking":false,"_monsterinsights_sitenote_active":false,"_monsterinsights_sitenote_note":"","_monsterinsights_sitenote_category":0,"footnotes":""},"categories":[14931],"tags":[],"_links":{"self":[{"href":"https:\/\/blog.cancaonova.com\/tododemaria\/wp-json\/wp\/v2\/posts\/8868"}],"collection":[{"href":"https:\/\/blog.cancaonova.com\/tododemaria\/wp-json\/wp\/v2\/posts"}],"about":[{"href":"https:\/\/blog.cancaonova.com\/tododemaria\/wp-json\/wp\/v2\/types\/post"}],"author":[{"embeddable":true,"href":"https:\/\/blog.cancaonova.com\/tododemaria\/wp-json\/wp\/v2\/users\/4539"}],"replies":[{"embeddable":true,"href":"https:\/\/blog.cancaonova.com\/tododemaria\/wp-json\/wp\/v2\/comments?post=8868"}],"version-history":[{"count":7,"href":"https:\/\/blog.cancaonova.com\/tododemaria\/wp-json\/wp\/v2\/posts\/8868\/revisions"}],"predecessor-version":[{"id":8879,"href":"https:\/\/blog.cancaonova.com\/tododemaria\/wp-json\/wp\/v2\/posts\/8868\/revisions\/8879"}],"wp:attachment":[{"href":"https:\/\/blog.cancaonova.com\/tododemaria\/wp-json\/wp\/v2\/media?parent=8868"}],"wp:term":[{"taxonomy":"category","embeddable":true,"href":"https:\/\/blog.cancaonova.com\/tododemaria\/wp-json\/wp\/v2\/categories?post=8868"},{"taxonomy":"post_tag","embeddable":true,"href":"https:\/\/blog.cancaonova.com\/tododemaria\/wp-json\/wp\/v2\/tags?post=8868"}],"curies":[{"name":"wp","href":"https:\/\/api.w.org\/{rel}","templated":true}]}}