{"id":8938,"date":"2018-08-21T03:00:48","date_gmt":"2018-08-21T06:00:48","guid":{"rendered":"http:\/\/blog.cancaonova.com\/tododemaria\/?p=8938"},"modified":"2018-08-21T23:25:41","modified_gmt":"2018-08-22T02:25:41","slug":"coroa-de-gloria-de-nossa-senhora-rainha-e-mae-de-misericordia","status":"publish","type":"post","link":"https:\/\/blog.cancaonova.com\/tododemaria\/coroa-de-gloria-de-nossa-senhora-rainha-e-mae-de-misericordia\/","title":{"rendered":"A coroa de gl\u00f3ria de Nossa Senhora, Rainha e M\u00e3e de miseric\u00f3rdia"},"content":{"rendered":"<p style=\"text-align: left\"><b>Nossa Senhora \u00e9 Rainha e M\u00e3e de miseric\u00f3rdia e n\u00f3s, pobres pecadores, somos a coroa de sua gl\u00f3ria no Reino dos C\u00e9us.<\/b><\/p>\n<p style=\"text-align: left\">A Sagrada Tradi\u00e7\u00e3o da Igreja Cat\u00f3lica atribui a Nossa Senhora a figura b\u00edblica da Rainha M\u00e3e, que teve sua origem no gesto prof\u00e9tico de Salom\u00e3o que, ao ser coroado Rei, pediu para a sua m\u00e3e um trono \u00e0 sua direita: \u201c<i>Positusque est thronus matri regis, quae sedit ad dexteram eius<\/i> \u2013 Foi posto um trono para a m\u00e3e do rei, a qual se assentou \u00e0 sua m\u00e3o direita\u201d (1 Rs 2, 19). Isto \u00e9 bastante razo\u00e1vel, pois, se nosso Senhor Jesus Cristo prometeu que prepararia para n\u00f3s, pobres pecadores, um lugar no Reino dos C\u00e9us (cf. Jo 14, 2), certamente que prepararia um lugar especial\u00edssimo para sua M\u00e3e Sant\u00edssima. Esse lugar \u00e9 o trono glorioso de Nossa Senhora Rainha, M\u00e3e de Miseric\u00f3rdia.<\/p>\n<div id=\"attachment_8940\" style=\"width: 610px\" class=\"wp-caption aligncenter\"><a href=\"http:\/\/blog.cancaonova.com\/tododemaria\/files\/2018\/08\/coroa-de-gloria-de-nossa-senhora-rainha-e-mae-de-misericordia4.jpg\"><img loading=\"lazy\" decoding=\"async\" aria-describedby=\"caption-attachment-8940\" class=\"size-full wp-image-8940\" src=\"http:\/\/blog.cancaonova.com\/tododemaria\/files\/2018\/08\/coroa-de-gloria-de-nossa-senhora-rainha-e-mae-de-misericordia4.jpg\" alt=\"Nossa Senhora \u00e9 Rainha e M\u00e3e de miseric\u00f3rdia e n\u00f3s, pobres pecadores, somos a coroa de sua gl\u00f3ria no Reino dos C\u00e9us.\" width=\"600\" height=\"330\" srcset=\"https:\/\/blog.cancaonova.com\/tododemaria\/files\/2018\/08\/coroa-de-gloria-de-nossa-senhora-rainha-e-mae-de-misericordia4.jpg 600w, https:\/\/blog.cancaonova.com\/tododemaria\/files\/2018\/08\/coroa-de-gloria-de-nossa-senhora-rainha-e-mae-de-misericordia4-300x165.jpg 300w\" sizes=\"(max-width: 600px) 100vw, 600px\" \/><\/a><p id=\"caption-attachment-8940\" class=\"wp-caption-text\"><a href=\"https:\/\/no.wikipedia.org\/wiki\/Fil:Gentile_da_Fabriano_(Italian_-_Coronation_of_the_Virgin_-_Google_Art_Project.jpg\" target=\"_blank\" rel=\"noopener\">Coroa\u00e7\u00e3o da Virgem<\/a>, de Gentile da Fabriano.<\/p><\/div>\n<p style=\"text-align: left\">Santo Afonso Maria de Lig\u00f3rio nos ensina que: \u201cO of\u00edcio da Sant\u00edssima Virgem no c\u00e9u \u00e9 compadecer-se dos miser\u00e1veis e socorr\u00ea-los, pois que exatamente para este fim o Senhor a constituiu Rainha de Miseric\u00f3rdia\u201d<a href=\"#_ftn1\" name=\"_ftnref1\"><span style=\"font-family: Calibri, sans-serif\"><span style=\"font-size: small\">[1]<\/span><\/span><\/a>. Sendo assim, se quisermos nos salvar, recorramos com confian\u00e7a a esta amada e misericordiosa M\u00e3e. Quanto mais profunda for a nossa mis\u00e9ria, maior deve ser a nossa confian\u00e7a, porque os miser\u00e1veis s\u00e3o destinados a ser a sua coroa de gl\u00f3ria no para\u00edso celeste. Entretanto, para que sejamos a coroa de gl\u00f3ria da Virgem Maria nos C\u00e9us, faz-se mister que tenhamos o firme prop\u00f3sito de nos emendar, de mudar de vida.<!--more Continue lendo...--><\/p>\n<p style=\"text-align: center\"><a href=\"http:\/\/feedburner.google.com\/fb\/a\/mailverify?uri=TodoDeMaria\" target=\"_blank\" rel=\"noopener\"><strong>Inscreva-se e receba o conte\u00fado deste blog gratuitamente em seu e-mail.<\/strong><\/a><\/p>\n<p style=\"text-align: left\"><b>A Virgem Maria e o reinado da Miseric\u00f3rdia<\/b><\/p>\n<p style=\"text-align: left\">Depois que a Sant\u00edssima Virgem Maria foi elevada \u00e0 dignidade de M\u00e3e de Jesus Cristo, do Rei dos reis e Senhor dos senhores, com muita raz\u00e3o a santa Igreja Cat\u00f3lica a honra, e quer que todos a honrem, com o t\u00edtulo glorioso de Rainha. Todavia, n\u00e3o devemos honr\u00e1-la somente com o t\u00edtulo de Rainha, mas tamb\u00e9m de Rainha de miseric\u00f3rdia. Pois, ela \u00e9 toda doce, clemente e inclinada a fazer o bem a n\u00f3s, miser\u00e1veis, que a saudamos: Salve Rainha, M\u00e3e de miseric\u00f3rdia!<\/p>\n<p style=\"text-align: left\">Jo\u00e3o Gerson, considerando as palavras de Davi: \u201c<i>duo haec audivi<\/i> \u2014 estas duas coisas tenho ouvido\u201d (Sl 61, 12), diz que, consistindo o reino de Deus na justi\u00e7a e na miseric\u00f3rdia, o Senhor o dividiu. O reinado da justi\u00e7a, reservou-o para si, \u201cjusto juiz\u201d (II Tm 4, 8), e o reinado da miseric\u00f3rdia, cedeu-o a Virgem Maria, ordenando que todas as miseric\u00f3rdias que se concedessem aos homens, passassem pelas suas m\u00e3os e se distribu\u00edssem a seu arb\u00edtrio, de sorte que o seu oficio no C\u00e9u \u00e9 compadecer-se dos miser\u00e1veis a alivi\u00e1-los de suas penas e sofrimentos.<\/p>\n<p style=\"text-align: left\">Nas Sagradas Escrituras, se l\u00ea que a rainha Ester, com medo de irritar o seu esposo, o rei Assuero, recusou-se a interceder junto dele a fim de que revogasse a senten\u00e7a de morte pronunciada contra seus compatriotas, os judeus. Mas, Mardoqueu repreendeu Ester e mandou dizer-lhe que n\u00e3o pensasse somente em salvar sua vida, pois o Senhor havia lhe confiado o trono para o bem de todo o seu povo (cf. Est 4, 13-14). Da mesma forma, a Virgem Maria foi colocada no trono de Rainha para que alcan\u00e7asse a miseric\u00f3rdia a n\u00f3s, pobres pecadores.<\/p>\n<p style=\"text-align: left\"><b>A coroa de gl\u00f3ria da Rainha M\u00e3e, Maria Sant\u00edssima<\/b><\/p>\n<p style=\"text-align: left\">N\u00e3o h\u00e1 perigo de que a Rainha M\u00e3e, Maria Sant\u00edssima, se recuse a ajudar a n\u00f3s, seus filhos. Mas, se em algum tempo, ela se recusasse alcan\u00e7ar-nos de Deus o perd\u00e3o do castigo, de nossa parte bem merecido, poder\u00edamos tamb\u00e9m dizer-lhe: \u201c<i>Ne putes, quod animam tuam tantum liberes<\/i> \u2014 N\u00e3o cuideis, Senhora, que Deus vos elevou a ser Rainha do mundo s\u00f3 para bem vosso, sen\u00e3o tamb\u00e9m a fim de que, elevada t\u00e3o alto, possais compadecer-vos mais dos miser\u00e1veis e socorrer a todos os homens que a v\u00f3s recorrem: <i>quia in domo regis es prae cunctis hominibus<\/i>\u201d<a href=\"#_ftn2\" name=\"_ftnref2\"><span style=\"font-family: Calibri, sans-serif\"><span style=\"font-size: small\">[2]<\/span><\/span><\/a>.<\/p>\n<p style=\"text-align: left\">Conscientes de seu of\u00edcio de miseric\u00f3rdia, refugiemo-nos sempre aos p\u00e9s de nossa dulc\u00edssima Rainha M\u00e3e, se seguramente queremos nos salvar. Se nos espanta e nos desanima a vis\u00e3o dos nossos pecados, lembremo-nos que Maria Sant\u00edssima foi feita Rainha de miseric\u00f3rdia a fim de salvar, com a sua intercess\u00e3o e prote\u00e7\u00e3o, aos mais perdidos pecadores que a ela se recomendam. Estes h\u00e3o de ser a sua coroa de gl\u00f3ria no C\u00e9u, como disse o seu divino Esposo, coroa bem digna e pr\u00f3pria da Rainha da miseric\u00f3rdia: \u201c<i>Coronaberis de cubilibus leonum, de montibus pardorum<\/i>\u201d (Ct 4, 8).<\/p>\n<p style=\"text-align: left\"><b>Ora\u00e7\u00e3o a Nossa Senhora, Rainha e M\u00e3e de Miseric\u00f3rdia<\/b><\/p>\n<blockquote>\n<p style=\"text-align: left\"><span style=\"font-size: small\">\u00d3 Maria, eis aqui a vossos p\u00e9s um miser\u00e1vel escravo do inferno, que vos pede miseric\u00f3rdia. \u00c9 verdade que n\u00e3o mere\u00e7o nenhum favor; mas v\u00f3s sois Rainha de miseric\u00f3rdia, e a miseric\u00f3rdia \u00e9 para aquele que n\u00e3o a merece. Todo o mundo vos chama o ref\u00fagio e a esperan\u00e7a dos pecadores; sois, portanto, tamb\u00e9m o meu ref\u00fagio e a minha esperan\u00e7a. Sou como ovelha desgarrada, mas foi para salva\u00e7\u00e3o das ovelhas desgarradas que o Verbo Eterno desceu do c\u00e9u e se fez vosso Filho; ele quer que eu a v\u00f3s recorra e que v\u00f3s me socorrais com as vossas ora\u00e7\u00f5es.<\/span><\/p>\n<p style=\"text-align: left\"><span style=\"font-size: small\"><i>Sancta Maria, Mater Dei, ora pro nobis!<\/i><\/span><span style=\"font-size: small\"> Santa Maria, M\u00e3e de Deus, rogai por n\u00f3s! \u00d3 grande M\u00e3e de Deus q ue por todos rogais, rogai a vosso Filho tamb\u00e9m por mim! Dizei-lhe que sou devoto vosso e que v\u00f3s me protegeis. Dizei-lhe que em v\u00f3s pus toda a minha esperan\u00e7a. Dizei-lhe que me d\u00ea o perd\u00e3o e que detesto todas as ofensas que lhe tenho feito. Dizei-lhe que pela sua miseric\u00f3rdia me conceda a santa perseveran\u00e7a. Dizei-lhe que me d\u00ea a gra\u00e7a de am\u00e1-lo de todo o meu cora\u00e7\u00e3o. Dizei-lhe, enfim, que me quereis ver salvo. Jesus faz tudo que v\u00f3s lhe pedis. \u00d3 Maria, esperan\u00e7a minha, em v\u00f3s confio, tende piedade de mim<\/span><a href=\"#_ftn3\" name=\"_ftnref3\"><span style=\"font-family: Calibri, sans-serif\"><span style=\"font-size: small\">[3]<\/span><\/span><\/a><span style=\"font-size: small\">.<\/span><\/p>\n<\/blockquote>\n<p class=\"western\"><strong>Links Relacionados:<\/strong><\/p>\n<p class=\"western\">TODO DE MARIA.&nbsp;<a href=\"http:\/\/blog.cancaonova.com\/tododemaria\/maria-mae-e-filha-da-misericordia-de-deus\/\" target=\"_blank\" rel=\"noopener\">Maria, M\u00e3e e Filha da miseric\u00f3rdia de Deus<\/a>.<br \/>\nTODO DE MARIA.&nbsp;<a href=\"http:\/\/blog.cancaonova.com\/tododemaria\/nossa-senhora-a-porta-da-misericordia\/\" target=\"_blank\" rel=\"noopener\">Nossa Senhora, a Porta da Miseric\u00f3rdia<\/a>.<br \/>\nTODO DE MARIA.&nbsp;<a href=\"http:\/\/blog.cancaonova.com\/tododemaria\/por-que-nossa-senhora-e-rainha\/\" target=\"_blank\" rel=\"noopener\">Por que Nossa Senhora \u00e9 Rainha?<\/a><\/p>\n<p style=\"text-align: left\"><strong>Refer\u00eancias:<\/strong><\/p>\n<hr align=\"left\" size=\"1\" width=\"250\"\/>\n<div id=\"ftn1\" dir=\"ltr\" style=\"text-align: left\">\n<p><a href=\"#_ftnref1\" name=\"_ftn1\"><span style=\"font-family: Calibri, sans-serif\"><span style=\"font-size: small\">[1]<\/span><\/span><\/a><span style=\"font-size: small\">&nbsp; SANTO AFONSO MARIA DE LIG\u00d3RIO. Medita\u00e7\u00f5es para todos os dias e festa do ano: Tomo I, p. 188.<br \/>\n<\/span><a href=\"#_ftnref2\" name=\"_ftn2\"><span style=\"font-family: Calibri, sans-serif\"><span style=\"font-size: small\">[2]<\/span><\/span><\/a><span style=\"font-size: small\"> &nbsp;<\/span><span style=\"font-size: small\"><i>Idem,<\/i><\/span><span style=\"font-size: small\"> p. 189.<br \/>\n<\/span><a href=\"#_ftnref3\" name=\"_ftn3\"><span style=\"font-family: Calibri, sans-serif\"><span style=\"font-size: small\">[3]<\/span><\/span><\/a><span style=\"font-size: small\">&nbsp; <\/span><span style=\"font-size: small\"><i>Idem,<\/i><\/span><span style=\"font-size: small\"> p. 190.<\/span><\/p>\n<\/div>\n","protected":false},"excerpt":{"rendered":"<p>Nossa Senhora \u00e9 Rainha e M\u00e3e de miseric\u00f3rdia e n\u00f3s, pobres pecadores, somos a coroa de sua gl\u00f3ria no Reino dos C\u00e9us. A Sagrada Tradi\u00e7\u00e3o da Igreja Cat\u00f3lica atribui a Nossa Senhora a figura b\u00edblica da Rainha M\u00e3e, que teve&#8230;<\/p>\n","protected":false},"author":4539,"featured_media":0,"comment_status":"open","ping_status":"open","sticky":false,"template":"","format":"standard","meta":{"_mi_skip_tracking":false,"_monsterinsights_sitenote_active":false,"_monsterinsights_sitenote_note":"","_monsterinsights_sitenote_category":0,"footnotes":""},"categories":[186083],"tags":[],"_links":{"self":[{"href":"https:\/\/blog.cancaonova.com\/tododemaria\/wp-json\/wp\/v2\/posts\/8938"}],"collection":[{"href":"https:\/\/blog.cancaonova.com\/tododemaria\/wp-json\/wp\/v2\/posts"}],"about":[{"href":"https:\/\/blog.cancaonova.com\/tododemaria\/wp-json\/wp\/v2\/types\/post"}],"author":[{"embeddable":true,"href":"https:\/\/blog.cancaonova.com\/tododemaria\/wp-json\/wp\/v2\/users\/4539"}],"replies":[{"embeddable":true,"href":"https:\/\/blog.cancaonova.com\/tododemaria\/wp-json\/wp\/v2\/comments?post=8938"}],"version-history":[{"count":5,"href":"https:\/\/blog.cancaonova.com\/tododemaria\/wp-json\/wp\/v2\/posts\/8938\/revisions"}],"predecessor-version":[{"id":8944,"href":"https:\/\/blog.cancaonova.com\/tododemaria\/wp-json\/wp\/v2\/posts\/8938\/revisions\/8944"}],"wp:attachment":[{"href":"https:\/\/blog.cancaonova.com\/tododemaria\/wp-json\/wp\/v2\/media?parent=8938"}],"wp:term":[{"taxonomy":"category","embeddable":true,"href":"https:\/\/blog.cancaonova.com\/tododemaria\/wp-json\/wp\/v2\/categories?post=8938"},{"taxonomy":"post_tag","embeddable":true,"href":"https:\/\/blog.cancaonova.com\/tododemaria\/wp-json\/wp\/v2\/tags?post=8938"}],"curies":[{"name":"wp","href":"https:\/\/api.w.org\/{rel}","templated":true}]}}