{"id":9189,"date":"2023-05-17T18:14:02","date_gmt":"2023-05-17T21:14:02","guid":{"rendered":"http:\/\/blog.cancaonova.com\/tododemaria\/?p=9189"},"modified":"2023-05-18T17:03:02","modified_gmt":"2023-05-18T20:03:02","slug":"oracao-nossa-senhora-carmo-de-sao-simao-stock","status":"publish","type":"post","link":"https:\/\/blog.cancaonova.com\/tododemaria\/oracao-nossa-senhora-carmo-de-sao-simao-stock\/","title":{"rendered":"A ora\u00e7\u00e3o a Nossa Senhora do Carmo de S\u00e3o Sim\u00e3o Stock"},"content":{"rendered":"<p>A Igreja cat\u00f3lica celebrou ontem (16) s\u00e3o Sim\u00e3o Stock, vidente de <a href=\"https:\/\/blog.cancaonova.com\/tododemaria\/a-devocao-a-nossa-senhora-do-carmo\/\">Nossa Senhora do Carmo<\/a> e propagador do uso do escapul\u00e1rio. Este grande santo carmelita comp\u00f4s uma ora\u00e7\u00e3o especial para pedir prote\u00e7\u00e3o \u00e0 M\u00e3e de Deus.<\/p>\n<p>Segundo o site corazones.org, gerido pelos Servos dos Cora\u00e7\u00f5es Transpassados \u200b\u200bde Jesus e Maria, s\u00e3o Sim\u00e3o Stock (1165-1265), sendo general dos Carmelitas, p\u00f4s a Ordem sob a prote\u00e7\u00e3o de Nossa Senhora, pois a comunidade passava por grandes dificuldades.<\/p>\n<p><a href=\"http:\/\/blog.cancaonova.com\/tododemaria\/files\/2023\/05\/Nossa-Senhora-do-Carmo-Virgem-do-Escapula\u0301rio.jpg\"><img loading=\"lazy\" decoding=\"async\" class=\"alignleft size-full wp-image-9200\" src=\"http:\/\/blog.cancaonova.com\/tododemaria\/files\/2023\/05\/Nossa-Senhora-do-Carmo-Virgem-do-Escapula\u0301rio.jpg\" alt=\"\" width=\"1024\" height=\"576\" srcset=\"https:\/\/blog.cancaonova.com\/tododemaria\/files\/2023\/05\/Nossa-Senhora-do-Carmo-Virgem-do-Escapula\u0301rio.jpg 1024w, https:\/\/blog.cancaonova.com\/tododemaria\/files\/2023\/05\/Nossa-Senhora-do-Carmo-Virgem-do-Escapula\u0301rio-300x169.jpg 300w, https:\/\/blog.cancaonova.com\/tododemaria\/files\/2023\/05\/Nossa-Senhora-do-Carmo-Virgem-do-Escapula\u0301rio-384x216.jpg 384w, https:\/\/blog.cancaonova.com\/tododemaria\/files\/2023\/05\/Nossa-Senhora-do-Carmo-Virgem-do-Escapula\u0301rio-512x288.jpg 512w, https:\/\/blog.cancaonova.com\/tododemaria\/files\/2023\/05\/Nossa-Senhora-do-Carmo-Virgem-do-Escapula\u0301rio-768x432.jpg 768w\" sizes=\"(max-width: 1024px) 100vw, 1024px\" \/><\/a><\/p>\n<p><strong><a href=\"http:\/\/feedburner.google.com\/fb\/a\/mailverify?uri=TodoDeMaria\" target=\"_blank\" rel=\"noopener\">Inscreva-se e receba o conte\u00fado deste blog gratuitamente em seu e-mail.<\/a><\/strong><\/p>\n<p>Em sua ora\u00e7\u00e3o suplicante e fervorosa, o santo a chamava de &#8220;Flor do Carmelo&#8221; e &#8220;Estrela do Mar&#8221;.<\/p>\n<p>Como resposta, a M\u00e3e do Carmo apareceu a ele em 16 de julho de 1251. Ela lhe deu um <a href=\"https:\/\/blog.cancaonova.com\/tododemaria\/o-escapulario-e-a-espiritualidade-do-carmo\/\">escapul\u00e1rio<\/a> e disse: &#8220;Isto deve ser um sinal e um privil\u00e9gio para voc\u00ea e para todos os Carmelitas: quem morrer com o escapul\u00e1rio n\u00e3o sofrer\u00e1 o fogo eterno\u201d.<\/p>\n<p>Segundo o site oficial da prelazia da Opus Dei, s\u00e3o Sim\u00e3o Stock escreveu a seguinte ora\u00e7\u00e3o \u00e0 Virgem do Carmo:<\/p>\n<p>\u00d3 Bel\u00edssima Flor do Carmelo, videira frut\u00edfera, esplendor do c\u00e9u, M\u00e3e singular do Filho de Deus, Virgem sempre pura!<\/p>\n<p>M\u00e3e Sant\u00edssima, depois de nos trazer o Filho de Deus, permaneceste intacta e sem mancha alguma. \u00d3 bem-aventurada, sempre Virgem, socorrei-me nesta necessidade!<\/p>\n<p>\u00d3 Estrela do Mar, ajudai-me e protegei-me! \u00d3 Maria concebida sem pecado, rogai por n\u00f3s que recorremos a v\u00f3s!<\/p>\n<p>M\u00e3e e ornamento do Carmelo, rogai por n\u00f3s! Virgem, Flor do Carmelo, rogai por n\u00f3s! Padroeira dos que usam o santo escapul\u00e1rio, rogai por n\u00f3s!<\/p>\n<p>S\u00e3o Jos\u00e9, fiel amigo do Sagrado Cora\u00e7\u00e3o, rogai por n\u00f3s! S\u00e3o Jos\u00e9, cast\u00edssimo esposo de Maria Sant\u00edssima, rogai por n\u00f3s! S\u00e3o Jos\u00e9, nosso grande protetor, rogai por n\u00f3s!<\/p>\n<p>Doce Cora\u00e7\u00e3o de Maria, sede a nossa salva\u00e7\u00e3o! Am\u00e9m.<\/p>\n<p>Fonte: ACI Digital.\u00a0<a href=\"https:\/\/www.acidigital.com\/noticias\/a-oracao-a-nossa-senhora-composta-por-sao-simao-stock-58088\">A ora\u00e7\u00e3o a Nossa Senhora composta por S\u00e3o Sim\u00e3o Stock<\/a>.<\/p>\n","protected":false},"excerpt":{"rendered":"<p>A Igreja cat\u00f3lica celebrou ontem (16) s\u00e3o Sim\u00e3o Stock, vidente de Nossa Senhora do Carmo e propagador do uso do escapul\u00e1rio. Este grande santo carmelita comp\u00f4s uma ora\u00e7\u00e3o especial para pedir prote\u00e7\u00e3o \u00e0 M\u00e3e de Deus. Segundo o site corazones.org,&#8230;<\/p>\n","protected":false},"author":4539,"featured_media":0,"comment_status":"open","ping_status":"open","sticky":false,"template":"","format":"standard","meta":{"_mi_skip_tracking":false,"_monsterinsights_sitenote_active":false,"_monsterinsights_sitenote_note":"","_monsterinsights_sitenote_category":0,"footnotes":""},"categories":[4],"tags":[],"_links":{"self":[{"href":"https:\/\/blog.cancaonova.com\/tododemaria\/wp-json\/wp\/v2\/posts\/9189"}],"collection":[{"href":"https:\/\/blog.cancaonova.com\/tododemaria\/wp-json\/wp\/v2\/posts"}],"about":[{"href":"https:\/\/blog.cancaonova.com\/tododemaria\/wp-json\/wp\/v2\/types\/post"}],"author":[{"embeddable":true,"href":"https:\/\/blog.cancaonova.com\/tododemaria\/wp-json\/wp\/v2\/users\/4539"}],"replies":[{"embeddable":true,"href":"https:\/\/blog.cancaonova.com\/tododemaria\/wp-json\/wp\/v2\/comments?post=9189"}],"version-history":[{"count":5,"href":"https:\/\/blog.cancaonova.com\/tododemaria\/wp-json\/wp\/v2\/posts\/9189\/revisions"}],"predecessor-version":[{"id":9201,"href":"https:\/\/blog.cancaonova.com\/tododemaria\/wp-json\/wp\/v2\/posts\/9189\/revisions\/9201"}],"wp:attachment":[{"href":"https:\/\/blog.cancaonova.com\/tododemaria\/wp-json\/wp\/v2\/media?parent=9189"}],"wp:term":[{"taxonomy":"category","embeddable":true,"href":"https:\/\/blog.cancaonova.com\/tododemaria\/wp-json\/wp\/v2\/categories?post=9189"},{"taxonomy":"post_tag","embeddable":true,"href":"https:\/\/blog.cancaonova.com\/tododemaria\/wp-json\/wp\/v2\/tags?post=9189"}],"curies":[{"name":"wp","href":"https:\/\/api.w.org\/{rel}","templated":true}]}}