{"id":9211,"date":"2023-05-18T18:12:50","date_gmt":"2023-05-18T21:12:50","guid":{"rendered":"http:\/\/blog.cancaonova.com\/tododemaria\/?p=9211"},"modified":"2023-05-19T10:01:07","modified_gmt":"2023-05-19T13:01:07","slug":"como-rezar-coroa-de-nossa-senhora-das-lagrimas","status":"publish","type":"post","link":"https:\/\/blog.cancaonova.com\/tododemaria\/como-rezar-coroa-de-nossa-senhora-das-lagrimas\/","title":{"rendered":"Como rezar a coroa de Nossa Senhora das L\u00e1grimas?"},"content":{"rendered":"<p><strong>Saiba como rezar a Coroa ou Ros\u00e1rio de Nossa Senhora das L\u00e1grimas<\/strong><br \/>\n<strong>Devo\u00e7\u00e3o aprovada pela Igreja Cat\u00f3lica (*)<\/strong><\/p>\n<p>A Coroa (ou Ros\u00e1rio) que a M\u00e3e de Deus entregou \u00e0 Irm\u00e3 Am\u00e1lia tinha 49 contas brancas, divididas em grupos de 7, por sete contas igualmente brancas. \u00c9, portanto, semelhante \u00e0 Coroa das Dores de Maria, embora de cor diferente. Tinha ainda mais tr\u00eas contas finais e uma medalha com a imagem de Nossa Senhora das L\u00e1grimas \u2013 de um lado \u2013 e a imagem de Jesus Manietado \u2013 de outro lado. A medalha \u00e9 uma parte essencial desta Coroa, devendo ser exatamente como aquela que a M\u00e3e de Deus mostrou \u00e0 Irm\u00e3 Am\u00e1lia, em Campinas, a 8 de abril de 1930.<\/p>\n<p><a href=\"http:\/\/blog.cancaonova.com\/tododemaria\/files\/2023\/05\/fotor_2023-5-18_17_26_4.png\"><img loading=\"lazy\" decoding=\"async\" class=\"alignleft size-full wp-image-9215\" src=\"http:\/\/blog.cancaonova.com\/tododemaria\/files\/2023\/05\/fotor_2023-5-18_17_26_4.png\" alt=\"\" width=\"889\" height=\"693\" srcset=\"https:\/\/blog.cancaonova.com\/tododemaria\/files\/2023\/05\/fotor_2023-5-18_17_26_4.png 889w, https:\/\/blog.cancaonova.com\/tododemaria\/files\/2023\/05\/fotor_2023-5-18_17_26_4-300x234.png 300w\" sizes=\"(max-width: 889px) 100vw, 889px\" \/><\/a><\/p>\n<p>&nbsp;<\/p>\n<p>&#8220;<em>Minha filha: o que os homens Me pedem<\/em><br \/>\n<em>pelas l\u00e1grimas de Minha M\u00e3e,<\/em><br \/>\n<em>Eu amorosamente concedo.<\/em>&#8221;<br \/>\nJesus Manietado (Campinas, 08-11-1929).<\/p>\n<p>&#8220;<em>Esta \u00e9 a Coroa de Minhas L\u00e1grimas [&#8230;].<\/em><br \/>\n<em>Por meio desta Coroa o dem\u00f4nio ser\u00e1 derrotado<\/em><br \/>\n<em>e o poder do inferno destru\u00eddo.<\/em>&#8221;<br \/>\nNossa Senhora das L\u00e1grimas (Campinas, 08-03-1930).<\/p>\n<p style=\"text-align: center\"><strong>Coroa ou Ros\u00e1rio de Nossa Senhora das L\u00e1grimas<\/strong><\/p>\n<p><strong>Ora\u00e7\u00e3o inicial:<\/strong><br \/>\nEis-nos aqui aos Vossos p\u00e9s, \u00f3 dulc\u00edssimo Jesus Crucificado, para Vos oferecermos as l\u00e1grimas d&#8217;Aquela que, com tanto amor, Vos acompanhou no caminho doloroso do Calv\u00e1rio. Fazei, \u00f3 bom Mestre, que n\u00f3s saibamos aproveitar da li\u00e7\u00e3o que elas nos d\u00e3o, para que, na Terra, realizando a Vossa Sant\u00edssima Vontade, possamos um dia, no C\u00e9u, Vos louvar por toda a eternidade.<\/p>\n<p><strong>Nas contas brancas (grandes, que separam os grupos de 7 contas):<\/strong><br \/>\nV\u00eade, \u00f3 Jesus, que s\u00e3o as l\u00e1grimas d&#8217;Aquela que mais Vos amou na Terra, e que mais Vos ama no C\u00e9u.<\/p>\n<p><strong>Nas contas brancas (grupos de 7 contas):<\/strong><br \/>\nMeu Jesus, ouvi os nossos rogos, pelas L\u00e1grimas de Vossa M\u00e3e Sant\u00edssima.<\/p>\n<p><strong>No fim, repete-se tr\u00eas vezes, nas tr\u00eas contas brancas finais:<\/strong><br \/>\nV\u00eade, \u00f3 Jesus, que s\u00e3o as l\u00e1grimas d&#8217;Aquela que mais Vos amou na Terra, e que mais Vos ama no C\u00e9u.<\/p>\n<p><strong>Ora\u00e7\u00e3o final:<\/strong><br \/>\nVirgem Sant\u00edssima e M\u00e3e das Dores, n\u00f3s Vos pedimos que junteis os Vossos rogos aos nossos, a fim de que Jesus, Vosso Divino Filho, a quem nos dirigimos em nome das Vossas l\u00e1grimas de M\u00e3e, ou\u00e7a as nossas preces e nos conceda, com as gra\u00e7as que desejamos, a coroa da vida eterna. Am\u00e9m.<\/p>\n<p>Jaculat\u00f3rias finais (para rezar contemplando e beijando a medalha):<br \/>\n\u2013 Por Vossa mansid\u00e3o divina, \u00f3 Jesus Manietado, salvai o mundo do erro que o amea\u00e7a!<br \/>\n\u2013 \u00d3 Virgem Doloros\u00edssima, as Vossas L\u00e1grimas derrubaram o imp\u00e9rio infernal!<\/p>\n<p>Imprima-se \u2013 com 50 dias de indulg\u00eancia cada vez que se repetirem as ora\u00e7\u00f5es e jaculat\u00f3rias acima mencionadas. \u2020 F., Bispo Diocesano.<\/p>\n<p><strong>(*) Aprova\u00e7\u00f5es eclesi\u00e1sticas:<\/strong><br \/>\n\u2022Imprimatur: \u2020 Bispo Francisco de Campos Barreto, Diocese de Campinas, SP (Brasil), 8 de mar\u00e7o de 1931.<br \/>\n\u2022Imprimatur: \u2020 Bispo Michael James Gallagher, Diocese de Detroit, MI (Estados Unidos), 22 de mar\u00e7o de 1935.<br \/>\n\u2022Imprimatur: \u2020 Arcebispo John Robert Roach, D.D., Arquidiocese de Saint Paul e Minneapolis, MN (Estados Unidos).<br \/>\n\u2022Nihil obstat N.\u00ba 924\/1935: Ansgarus Borsiczky, Censor Diocesano em Sopron (Hungria), 25 de maio de 1935.<br \/>\n\u2022Imprimatur: \u2020 Bispo Stephanus Breyer, Diocese de Gy\u0151r (Hungria), 13 de julho de 1935.<br \/>\n\u2022Imprimatur: \u2020 Vig\u00e1rio Geral Ferdinand Buchwieser, Arquidiocese de Munique e Frisinga (Alemanha), 22 de mar\u00e7o de 1935.<\/p>\n<p>Fonte:\u00a0NOSSA SENHORA DAS L\u00c1GRIMAS. <a href=\"http:\/\/www.nossasenhoradaslagrimas.com\/br\/coroa-de-nossa-senhora-das-lagrimas\/\">COROA \/ ROS\u00c1RIO DE NOSSA SENHORA DAS L\u00c1GRIMAS<\/a>.<\/p>\n","protected":false},"excerpt":{"rendered":"<p>Saiba como rezar a Coroa ou Ros\u00e1rio de Nossa Senhora das L\u00e1grimas Devo\u00e7\u00e3o aprovada pela Igreja Cat\u00f3lica (*) A Coroa (ou Ros\u00e1rio) que a M\u00e3e de Deus entregou \u00e0 Irm\u00e3 Am\u00e1lia tinha 49 contas brancas, divididas em grupos de 7,&#8230;<\/p>\n","protected":false},"author":4539,"featured_media":0,"comment_status":"open","ping_status":"open","sticky":false,"template":"","format":"standard","meta":{"_mi_skip_tracking":false,"_monsterinsights_sitenote_active":false,"_monsterinsights_sitenote_note":"","_monsterinsights_sitenote_category":0,"footnotes":""},"categories":[186332],"tags":[],"_links":{"self":[{"href":"https:\/\/blog.cancaonova.com\/tododemaria\/wp-json\/wp\/v2\/posts\/9211"}],"collection":[{"href":"https:\/\/blog.cancaonova.com\/tododemaria\/wp-json\/wp\/v2\/posts"}],"about":[{"href":"https:\/\/blog.cancaonova.com\/tododemaria\/wp-json\/wp\/v2\/types\/post"}],"author":[{"embeddable":true,"href":"https:\/\/blog.cancaonova.com\/tododemaria\/wp-json\/wp\/v2\/users\/4539"}],"replies":[{"embeddable":true,"href":"https:\/\/blog.cancaonova.com\/tododemaria\/wp-json\/wp\/v2\/comments?post=9211"}],"version-history":[{"count":6,"href":"https:\/\/blog.cancaonova.com\/tododemaria\/wp-json\/wp\/v2\/posts\/9211\/revisions"}],"predecessor-version":[{"id":9228,"href":"https:\/\/blog.cancaonova.com\/tododemaria\/wp-json\/wp\/v2\/posts\/9211\/revisions\/9228"}],"wp:attachment":[{"href":"https:\/\/blog.cancaonova.com\/tododemaria\/wp-json\/wp\/v2\/media?parent=9211"}],"wp:term":[{"taxonomy":"category","embeddable":true,"href":"https:\/\/blog.cancaonova.com\/tododemaria\/wp-json\/wp\/v2\/categories?post=9211"},{"taxonomy":"post_tag","embeddable":true,"href":"https:\/\/blog.cancaonova.com\/tododemaria\/wp-json\/wp\/v2\/tags?post=9211"}],"curies":[{"name":"wp","href":"https:\/\/api.w.org\/{rel}","templated":true}]}}