{"id":10630,"date":"2022-08-19T08:50:50","date_gmt":"2022-08-19T11:50:50","guid":{"rendered":"https:\/\/blog.cancaonova.com\/vocacional\/?p=10630"},"modified":"2022-08-19T11:51:53","modified_gmt":"2022-08-19T14:51:53","slug":"celibato-pelo-reino-dos-ceus","status":"publish","type":"post","link":"https:\/\/blog.cancaonova.com\/vocacional\/celibato-pelo-reino-dos-ceus\/","title":{"rendered":"Celibato pelo Reino dos C\u00e9us"},"content":{"rendered":"<h3>DESCOBERTA<\/h3>\n<div id=\"attachment_10643\" style=\"width: 466px\" class=\"wp-caption alignright\"><a href=\"https:\/\/blog.cancaonova.com\/vocacional\/files\/2022\/08\/Priscila-2.jpg\"><img loading=\"lazy\" decoding=\"async\" aria-describedby=\"caption-attachment-10643\" class=\"wp-image-10643\" src=\"https:\/\/blog.cancaonova.com\/vocacional\/files\/2022\/08\/Priscila-2.jpg\" alt=\"\" width=\"456\" height=\"342\" srcset=\"https:\/\/blog.cancaonova.com\/vocacional\/files\/2022\/08\/Priscila-2.jpg 1600w, https:\/\/blog.cancaonova.com\/vocacional\/files\/2022\/08\/Priscila-2-300x225.jpg 300w, https:\/\/blog.cancaonova.com\/vocacional\/files\/2022\/08\/Priscila-2-768x576.jpg 768w\" sizes=\"(max-width: 456px) 100vw, 456px\" \/><\/a><p id=\"caption-attachment-10643\" class=\"wp-caption-text\">Foto: Leila Lima \/ Arquivo Vocacional Geral<\/p><\/div>\n<p><span style=\"font-weight: 400\">Logo que ingressei na Comunidade Can\u00e7\u00e3o Nova, no ano 2000, Deus come\u00e7ou, atrav\u00e9s das pessoas, a mexer comigo, dizendo <strong>que eu tinha um \u201cjeitinho\u201d de celibat\u00e1ria<\/strong>. Eu s\u00f3 ouvia e ficava quieta, mas dentro de mim eu n\u00e3o aceitava. Recordo-me de que, em 2003, em uma jornada espiritual, o Senhor falou muito forte comigo sobre ser celibat\u00e1ria, mas n\u00e3o dei continuidade. Por v\u00e1rias outras vezes, Ele me fazia experimentar algo que fizesse ressoar dentro de mim a vida celibat\u00e1ria, mas eu sempre desviava desse foco.<\/span><\/p>\n<p><span style=\"font-weight: 400\"> Eu n\u00e3o tinha dentro de mim clareza sobre o meu Estado de Vida, e tamb\u00e9m n\u00e3o buscava mergulhar nesta descoberta, porque, no fundo, eu sabia no que poderia dar.\u00a0<\/span><span style=\"font-weight: 400\">Em 2011, sentindo um profundo inc\u00f4modo de n\u00e3o ter ainda definido dentro de mim o meu estado de vida, decidi dar passos para esta defini\u00e7\u00e3o. Foi, ent\u00e3o, que, atrav\u00e9s da dire\u00e7\u00e3o espiritual, do acompanhamento formativo da comunidade, na busca atrav\u00e9s das leituras, encontro sobre estado de vida e prega\u00e7\u00f5es, consegui mergulhar neste discernimento e tocar na minha verdade e no chamado especial de Deus em minha vida. Fiz a leitura de minha vida e percebi que Deus me separou desde sempre. Deus me preservou, me livrou da morte, me colocou em uma fam\u00edlia que soube me conduzir para Ele e me apresentou o <a href=\"https:\/\/comunidade.cancaonova.com\/\">Carisma Can\u00e7\u00e3o Nova<\/a>.\u00a0<\/span><\/p>\n<h3>A VOZ<\/h3>\n<p><span style=\"font-weight: 400\">Em 2013, toquei em minha hist\u00f3ria, percebendo a voz de Deus que, delicadamente, sinalizava este estado de vida desde sempre. Em 2014, no dia de S\u00e3o Jos\u00e9 Oper\u00e1rio, nas palavras do Frei Josu\u00e9 Pereira, meu primeiro compromisso tempor\u00e1rio, foi marcado por um <strong>\u201ctom\u201d de entrega total, pura e fiel<\/strong>. O segundo compromisso em 2015, no Dia do Imaculado Cora\u00e7\u00e3o de Maria, pelas palavras do Padre Fabr\u00edcio Andrade, foi marcado pela experi\u00eancia <strong>de saber aparecer e desaparecer no momento certo<\/strong>, sendo uma \u00e1rvore de ponta cabe\u00e7a que tem as ra\u00edzes no c\u00e9u e os frutos na terra. Em 2016, no dia de S\u00e3o Jo\u00e3o Batista, o meu terceiro Compromisso foi marcado pelas palavras do Padre Arlon Cristian, que fez a jun\u00e7\u00e3o das tr\u00eas datas e concluiu dizendo: <strong>S\u00e3o Jos\u00e9 Casto, Nossa Senhora obediente e S\u00e3o Jo\u00e3o Batista pobre<\/strong>. Algo que falou muito ao meu cora\u00e7\u00e3o na viv\u00eancia do celibato em minha vida, pois a m\u00e3o providente do Senhor conduziu todas as coisas. No ano de 2017, em um domingo \u2018Dia do Senhor\u201d, nas palavras do Padre Fabr\u00edcio Andrade, meu Definitivo de Celibato foi marcado pela import\u00e2ncia que <strong>o celibat\u00e1rio tem de ser \u2018porta\u2019, n\u00e3o qualquer porta, mas sim a porta que leva as pessoas ao encontro com Jesus<\/strong>.<\/span><\/p>\n<div id=\"attachment_10640\" style=\"width: 916px\" class=\"wp-caption aligncenter\"><a href=\"https:\/\/blog.cancaonova.com\/vocacional\/files\/2022\/08\/Priscila-1.jpg\"><img loading=\"lazy\" decoding=\"async\" aria-describedby=\"caption-attachment-10640\" class=\"wp-image-10640\" src=\"https:\/\/blog.cancaonova.com\/vocacional\/files\/2022\/08\/Priscila-1.jpg\" alt=\"\" width=\"906\" height=\"679\" srcset=\"https:\/\/blog.cancaonova.com\/vocacional\/files\/2022\/08\/Priscila-1.jpg 1600w, https:\/\/blog.cancaonova.com\/vocacional\/files\/2022\/08\/Priscila-1-300x225.jpg 300w, https:\/\/blog.cancaonova.com\/vocacional\/files\/2022\/08\/Priscila-1-768x576.jpg 768w\" sizes=\"(max-width: 906px) 100vw, 906px\" \/><\/a><p id=\"caption-attachment-10640\" class=\"wp-caption-text\">Arquivo Pessoal<\/p><\/div>\n<p><span style=\"font-weight: 400\">Isso tudo tornou-se o fio condutor para este tempo que me ajuda a mergulhar de forma especial tamb\u00e9m<strong> na maternidade espiritual, no ser intercessora, na intimidade com Deus e no ocupar-me com os interesses do Senhor<\/strong>. Sobretudo, continuo mergulhando nesta viv\u00eancia, pois h\u00e1 muito a ser desbravado. Tenho ainda mais clareza que o Celibato \u00e9 a <strong><em>\u201cmem\u00f3ria das origens e a Profecia da eternidade\u201d<\/em><\/strong>.\u00a0<\/span><span style=\"font-weight: 400\">Esse itiner\u00e1rio em minha hist\u00f3ria celibat\u00e1ria me faz viver hoje uma entrega total e indivisa ao Senhor que transborda na miss\u00e3o que ele me chama a cada tempo no Carisma Can\u00e7\u00e3o Nova. A vida celibat\u00e1ria \u00e9 uma gra\u00e7a que, assumida, gera alegria no cora\u00e7\u00e3o e a coer\u00eancia de vida provoca um transbordamento que contagia os irm\u00e3os.<\/span><\/p>\n<p><strong>Veja tamb\u00e9m:<\/strong><\/p>\n<p><a href=\"https:\/\/blog.cancaonova.com\/vocacional\/campanha-vocacional-2022\/\">:.Campanha Vocacional 2022<\/a><\/p>\n<h3>CARISMA CAN\u00c7\u00c3O NOVA<\/h3>\n<h6><em>\u201cO seu celibato \u00e9 uma gra\u00e7a para a comunidade: por ele, o Senhor libera, de maneira singular, o cora\u00e7\u00e3o da pessoa; por ele, ela pode abrir-se ao amor de Deus e aos irm\u00e3os todos sem divis\u00e3o alguma; por ele, ela pode dedicar-se de maneira muito mais livre aos v\u00e1rios trabalhos e atividades apost\u00f3licas nos mais diversos lugares e situa\u00e7\u00f5es.\u201d<\/em>\u00a0 \u00a0Monsenhor Jonas Abib<\/h6>\n<p><span style=\"font-weight: 400\">Na Comunidade Can\u00e7\u00e3o Nova, tomamos como modelo a figura de Jo\u00e3o Batista onde encontramos uma exist\u00eancia que foi toda permeada pela alegria de uma consagra\u00e7\u00e3o de vida. Por tudo que ele sinaliza no Carisma, sobretudo no celibato, enxergamos as caracter\u00edsticas necess\u00e1rias para que, de fato, sejamos \u201c<em>um farol que aponta para Deus, algu\u00e9m que vai ao encontro dos irm\u00e3os, que sai de si a fim de levar esperan\u00e7a, alegria e confian\u00e7a, apontando sempre para o centro que \u00e9 Jesus<\/em>\u201d enfatiza o fundador Monsenhor Jonas Abib, ao corpo celibat\u00e1rio da Comunidade Can\u00e7\u00e3o Nova<\/span><\/p>\n<div id=\"attachment_10647\" style=\"width: 447px\" class=\"wp-caption alignleft\"><a href=\"https:\/\/blog.cancaonova.com\/vocacional\/files\/2022\/08\/Priscila-3.jpg\"><img loading=\"lazy\" decoding=\"async\" aria-describedby=\"caption-attachment-10647\" class=\"wp-image-10647\" src=\"https:\/\/blog.cancaonova.com\/vocacional\/files\/2022\/08\/Priscila-3.jpg\" alt=\"\" width=\"437\" height=\"328\" srcset=\"https:\/\/blog.cancaonova.com\/vocacional\/files\/2022\/08\/Priscila-3.jpg 1600w, https:\/\/blog.cancaonova.com\/vocacional\/files\/2022\/08\/Priscila-3-300x225.jpg 300w, https:\/\/blog.cancaonova.com\/vocacional\/files\/2022\/08\/Priscila-3-768x576.jpg 768w\" sizes=\"(max-width: 437px) 100vw, 437px\" \/><\/a><p id=\"caption-attachment-10647\" class=\"wp-caption-text\">Arquivo N\u00facleo Celibat\u00e1rios &#8211; Can\u00e7\u00e3o Nova<\/p><\/div>\n<p><span style=\"font-weight: 400\">Jo\u00e3o Batista era porta e seta que indicava Jesus, porque ningu\u00e9m parava nele, ou seja, atra\u00eda as pessoas para dar Deus com sua paternidade espiritual. S\u00f3 um cora\u00e7\u00e3o humilde pode se posicionar e permanecer no amor esponsal, e permitir que Jesus seja Senhor. A paternidade e maternidade espirituais s\u00e3o inerentes ao Celibato, e \u00e9 justo que os irm\u00e3os bebam desta fonte que vem do amor esponsal em cada celibat\u00e1rio. Com a viv\u00eancia coerente do nosso estado de vida, expressada por uma vida de ora\u00e7\u00e3o cada vez mais encarnada, pela busca de aprofundar no amadurecimento humano, com uma vida asc\u00e9tica e testemunhal para sermos \u201c<em>um sinal vis\u00edvel da feliz expectativa da vinda do Senhor<\/em>\u201d. <\/span><\/p>\n<h6><em>&#8220;O\u00a0celibat\u00e1rio pelo Reino de Deus \u00e9 o batizado que tem, na sua vida, a experi\u00eancia profunda de Jesus Ressuscitado. Isso converte-o em evangelizador e testemunha. A consagra\u00e7\u00e3o do seu celibato ao Reino \u00e9 o seu testemunho&#8221;<\/em>, destaca\u00a0Antonio-Luis Crespo Prieto, autor do livro Celibato pelo Reino de Deus.<\/h6>\n<p><span style=\"font-weight: 400\">\u00a0\u00c0 luz da ressurrei\u00e7\u00e3o, vamos sendo educados para viver a cruz de cada dia com amor, enfrentando sofrimentos, ora para nossa pr\u00f3pria purifica\u00e7\u00e3o e convers\u00e3o, ora pela salva\u00e7\u00e3o dos pecadores do mundo inteiro. E com a Virgem Maria, o modelo mais elevado de vida celibat\u00e1ria, encontraremos sempre a inspira\u00e7\u00e3o para permanecermos fi\u00e9is at\u00e9 o fim na viv\u00eancia do celibato pelo reino dos c\u00e9us.\u00a0<\/span><\/p>\n<p>&nbsp;<\/p>\n<p>&nbsp;<\/p>\n<p>Priscila Graziela Bergamini Almeida &#8211; brasileira e membro da Comunidade Can\u00e7\u00e3o Nova, desde 2000, no modo de compromisso do N\u00facleo. Atualmente, reside na miss\u00e3o de Cachoeira Paulista (SP) e representa o n\u00facleo dos celibat\u00e1rios no Conselho Geral da Comunidade Can\u00e7\u00e3o NovA<\/p>\n<p>&#8211; Nos siga no <a href=\"https:\/\/www.instagram.com\/vocacionalcn\/\">Instagram\u00a0<\/a><\/p>\n<p>&#8211; Nos siga no <a href=\"https:\/\/twitter.com\/vocacionalcn\">Twitter<\/a><\/p>\n<p>&nbsp;<\/p>\n","protected":false},"excerpt":{"rendered":"<p>DESCOBERTA Logo que ingressei na Comunidade Can\u00e7\u00e3o Nova, no ano 2000, Deus come\u00e7ou, atrav\u00e9s das pessoas, a mexer comigo, dizendo que eu tinha um \u201cjeitinho\u201d de celibat\u00e1ria. Eu s\u00f3 ouvia e ficava quieta, mas dentro de mim eu n\u00e3o aceitava&#8230;.<\/p>\n","protected":false},"author":4747,"featured_media":10663,"comment_status":"open","ping_status":"open","sticky":false,"template":"","format":"standard","meta":{"_mi_skip_tracking":false,"_monsterinsights_sitenote_active":false,"_monsterinsights_sitenote_note":"","_monsterinsights_sitenote_category":0,"_joinchat":[],"footnotes":""},"categories":[5011,18416,67,23,141],"tags":[18416,163441,163473],"_links":{"self":[{"href":"https:\/\/blog.cancaonova.com\/vocacional\/wp-json\/wp\/v2\/posts\/10630"}],"collection":[{"href":"https:\/\/blog.cancaonova.com\/vocacional\/wp-json\/wp\/v2\/posts"}],"about":[{"href":"https:\/\/blog.cancaonova.com\/vocacional\/wp-json\/wp\/v2\/types\/post"}],"author":[{"embeddable":true,"href":"https:\/\/blog.cancaonova.com\/vocacional\/wp-json\/wp\/v2\/users\/4747"}],"replies":[{"embeddable":true,"href":"https:\/\/blog.cancaonova.com\/vocacional\/wp-json\/wp\/v2\/comments?post=10630"}],"version-history":[{"count":28,"href":"https:\/\/blog.cancaonova.com\/vocacional\/wp-json\/wp\/v2\/posts\/10630\/revisions"}],"predecessor-version":[{"id":10666,"href":"https:\/\/blog.cancaonova.com\/vocacional\/wp-json\/wp\/v2\/posts\/10630\/revisions\/10666"}],"wp:featuredmedia":[{"embeddable":true,"href":"https:\/\/blog.cancaonova.com\/vocacional\/wp-json\/wp\/v2\/media\/10663"}],"wp:attachment":[{"href":"https:\/\/blog.cancaonova.com\/vocacional\/wp-json\/wp\/v2\/media?parent=10630"}],"wp:term":[{"taxonomy":"category","embeddable":true,"href":"https:\/\/blog.cancaonova.com\/vocacional\/wp-json\/wp\/v2\/categories?post=10630"},{"taxonomy":"post_tag","embeddable":true,"href":"https:\/\/blog.cancaonova.com\/vocacional\/wp-json\/wp\/v2\/tags?post=10630"}],"curies":[{"name":"wp","href":"https:\/\/api.w.org\/{rel}","templated":true}]}}