{"id":10729,"date":"2022-12-07T11:43:32","date_gmt":"2022-12-07T14:43:32","guid":{"rendered":"https:\/\/blog.cancaonova.com\/vocacional\/?p=10729"},"modified":"2023-01-17T08:51:25","modified_gmt":"2023-01-17T11:51:25","slug":"advento-tempo-e-vontade-de-deus","status":"publish","type":"post","link":"https:\/\/blog.cancaonova.com\/vocacional\/advento-tempo-e-vontade-de-deus\/","title":{"rendered":"Advento tamb\u00e9m \u00e9 tempo de discernir a vontade de Deus."},"content":{"rendered":"<p>Na Igreja come\u00e7amos um novo ano lit\u00fargico! O Advento \u00e9 tempo de preparar o cora\u00e7\u00e3o para a vinda do Senhor. Neste tempo nos preparamos para comemorar o Natal de Jesus, nosso Senhor e Salvador. A grande festa da encarna\u00e7\u00e3o! Mas, al\u00e9m de comemorarmos a sua primeira vinda, Advento tamb\u00e9m \u00e9 tempo de discernir a vontade de Deus e, assim, nos prepararmos para a Sua vinda definitiva.<\/p>\n<h3>Escuta<\/h3>\n<p>Por isso, neste tempo, somos conduzidos \u00e0 penit\u00eancia e ao sil\u00eancio interior. Um sil\u00eancio que fazemos para escutar a voz do Senhor. Por exemplo, neste tempo n\u00e3o se entoa o c\u00e2ntico do &#8220;Gl\u00f3ria*&#8221;, exatamente para cantarmos &#8220;a plenos pulm\u00f5es&#8221; na noite do dia vinte e quatro dezembro. Sendo um tempo de sil\u00eancio interior, a Igreja tamb\u00e9m orienta a uma revis\u00e3o de vida, ficarmos bem atentos ao nosso modo de viver, prepararmos o cora\u00e7\u00e3o, para que \u201cn\u00e3o sejamos sem ju\u00edzo, <strong>mas procuremos discernir bem qual \u00e9 a vontade do Senhor<\/strong>\u201d (Ef. 5,17) e, assim, afinemos nosso cora\u00e7\u00e3o \u00e0 Sua voz.<\/p>\n<p>Para preparar o cora\u00e7\u00e3o, \u00e9 preciso exercitar a nossa escuta e, para isso, se faz necess\u00e1rio o sil\u00eancio. Sil\u00eancio para escutar a Deus, sil\u00eancio para perceber o que Ele quer, sil\u00eancio para &#8220;ouvir com o cora\u00e7\u00e3o&#8221; o Senhor. Num tempo de muito barulho e muitas informa\u00e7\u00f5es, poderemos nos perder em tantos ru\u00eddos, ou pode ser que perdamos a &#8220;audi\u00e7\u00e3o espiritual&#8221;, ferida devido ao &#8220;volume alto&#8221; do som mundano.<\/p>\n<div id=\"attachment_10738\" style=\"width: 1067px\" class=\"wp-caption aligncenter\"><a href=\"https:\/\/blog.cancaonova.com\/vocacional\/files\/2022\/12\/Padre_Marcio_Capa.jpg\"><img loading=\"lazy\" decoding=\"async\" aria-describedby=\"caption-attachment-10738\" class=\"wp-image-10738\" title=\"Padre M\u00e1rcio Prado\" src=\"https:\/\/blog.cancaonova.com\/vocacional\/files\/2022\/12\/Padre_Marcio_Capa.jpg\" alt=\"\" width=\"1057\" height=\"595\" srcset=\"https:\/\/blog.cancaonova.com\/vocacional\/files\/2022\/12\/Padre_Marcio_Capa.jpg 1920w, https:\/\/blog.cancaonova.com\/vocacional\/files\/2022\/12\/Padre_Marcio_Capa-300x169.jpg 300w, https:\/\/blog.cancaonova.com\/vocacional\/files\/2022\/12\/Padre_Marcio_Capa-768x432.jpg 768w, https:\/\/blog.cancaonova.com\/vocacional\/files\/2022\/12\/Padre_Marcio_Capa-384x216.jpg 384w, https:\/\/blog.cancaonova.com\/vocacional\/files\/2022\/12\/Padre_Marcio_Capa-512x288.jpg 512w, https:\/\/blog.cancaonova.com\/vocacional\/files\/2022\/12\/Padre_Marcio_Capa-1024x576.jpg 1024w, https:\/\/blog.cancaonova.com\/vocacional\/files\/2022\/12\/Padre_Marcio_Capa-1536x864.jpg 1536w\" sizes=\"(max-width: 1057px) 100vw, 1057px\" \/><\/a><p id=\"caption-attachment-10738\" class=\"wp-caption-text\">Foto: Arquivo Can\u00e7\u00e3o Nova<\/p><\/div>\n<h3>Vontade de Deus<\/h3>\n<p>O Senhor nos diz que \u201cn\u00e3o sejamos sem ju\u00edzo, mas procuremos discernir bem qual \u00e9 a vontade do Senhor\u201d (Ef. 5,17). E a pergunta \u00e9 esta: Qual \u00e9 a vontade de Deus para minha vida? <a href=\"https:\/\/blog.cancaonova.com\/vocacional\/discernimento-vocacional\/\">Qual \u00e9 a <strong>voca\u00e7\u00e3o<\/strong> que Deus tem para mim?<\/a> Uns se descobrem chamados ao matrim\u00f4nio, outros \u00e0 vida sacerdotal (como eu), outros \u00e0 vida religiosa, outros descobrem que foram chamados para as novas comunidades, outros ainda encaram a profiss\u00e3o como voca\u00e7\u00e3o. Deus tem planos e n\u00f3s tamb\u00e9m, ent\u00e3o precisamos discernir e perceber &#8220;o que Deus quer \u00e9 o que eu quero? O que eu quero Deus quer?&#8221;. Advento tamb\u00e9m \u00e9 tempo de discernir a vontade de Deus e, somente atrav\u00e9s da ora\u00e7\u00e3o, \u00e9 que poderemos ouvir a voz do Senhor. A ora\u00e7\u00e3o nos coloca em sintonia com Deus, a ora\u00e7\u00e3o \u00e9 aquele \u201ccol\u00f3quio\u201d com nosso Amigo\/Jesus, mas aten\u00e7\u00e3o \u00e9 um di\u00e1logo, ou seja, fala-se e escuta-se.<\/p>\n<h3><strong>A Voz de Deus na minha vida<\/strong><\/h3>\n<p>Quando comecei a me questionar sobre a vontade de Deus, deparei-me com minhas vontades, com meus pecados, com o desejo de ter minhas coisas, meu &#8220;cantinho&#8221;, fam\u00edlia, filhos\u2026 Mas tudo simples, sem luxo, era um desejo bom. Por\u00e9m, ao cultivar a vida de ora\u00e7\u00e3o, ao me engajar no grupo de ora\u00e7\u00e3o e nos trabalhos da comunidade paroquial, percebi que o Senhor me chamava a doar-me mais, ent\u00e3o, em esp\u00edrito de ora\u00e7\u00e3o, ao me deparar com a vida na igreja, trabalho, namoro&#8230; E, imaginando o futuro, n\u00e3o me percebia dentro do matrim\u00f4nio, mas numa vida sacerdotal e em comunidade.<\/p>\n<p>Mas como ainda escutar o Senhor? S\u00e3o Jer\u00f4nimo ensina que quando lemos a Palavra, Deus fala conosco. Irm\u00e3os, n\u00e3o precisamos ir atr\u00e1s de palavras novas, aprendamos a ouvir a novidade naquilo que os autores sagrados se inspiraram, aprendamos a ouvir a Igreja, o Magist\u00e9rio da Igreja que continua a nos ensinar o caminho do C\u00e9u. Devo dizer, com sinceridade, percebi Deus falar nas pequenas coisas, mas sobretudo na Igreja e atrav\u00e9s da Palavra. Abramos o nosso cora\u00e7\u00e3o, abramos os ouvidos do cora\u00e7\u00e3o para agirmos com o cora\u00e7\u00e3o ante os desafios que est\u00e3o \u00e0 nossa frente.<\/p>\n<pre><strong>Veja tamb\u00e9m\r\n<\/strong><a href=\"https:\/\/noticias.cancaonova.com\/igreja\/lancado-o-texto-base-do-3-ano-vocacional-no-brasil\/\">:.Lan\u00e7ado o texto-base do 3\u00b0 Ano Vocacional no Brasil<\/a><\/pre>\n<h3>Advento<\/h3>\n<p>Advento tamb\u00e9m \u00e9 tempo de discernir a vontade de Deus. Somente quando estivermos dentro da Vontade de Deus \u00e9 que estaremos preparados para Sua vinda. Como Maria, precisamos dizer: \u201cEis aqui a serva do Senhor, fa\u00e7a-se em mim segundo a Sua Vontade\u201d. A liturgia neste tempo nos chama a preparar para o Natal do Senhor, sua primeira vinda. Montemos o pres\u00e9pio, montemos a \u00e1rvore e preparemos a ceia, mas preparemos principalmente o cora\u00e7\u00e3o para Sua vinda. Preparemos a casa do cora\u00e7\u00e3o, neste sentido nossa prepara\u00e7\u00e3o tem ainda o sentido de aguardar a vinda definitiva de Jesus, ele vir\u00e1 em gl\u00f3ria, vir\u00e1 para salvar e nos julgar\u00e1. Por isso, eu lhe digo: precisamos viver cada dia como se Ele viesse hoje, fazer Sua Vontade em nossa vida naquilo que vivemos hoje, para que, no dia que Ele vier, estejamos preparados.<\/p>\n<p>Quando se fala em ju\u00edzo final, pode dar um certo medo, mas, antes de tudo, deve ser uma motiva\u00e7\u00e3o, sim, devemos sair do comodismo, da mesmice no tocante a uma vida \u201cmais ou menos\u201d crist\u00e3. \u201cEstai sempre alegres!\u201d(1Ts 5,16). Esta \u00e9 a atitude fundamental que Deus de cada um de n\u00f3s, na expectativa do Senhor que vem e n\u00e3o tarda. Veja bem: n\u00e3o \u00e9 tristeza, medo, ansiedade ou ang\u00fastia. \u00c9 uma alegria constante, crescente. \u201cO Senhor est\u00e1 pr\u00f3ximo\u201d (Fl 4,4). Por que alegria? Porque \u201ca salva\u00e7\u00e3o est\u00e1 mais pr\u00f3xima do que quando abra\u00e7amos a f\u00e9\u201d (Rm 13,11).<\/p>\n<p><strong>Acesse tamb\u00e9m<\/strong><\/p>\n<p><a href=\"https:\/\/blog.cancaonova.com\/vocacional\/campanha-vocacional-2022\/\">:.Campanha Vocacional 2022-2023<\/a><\/p>\n<p>Enfim, preparemos o nosso cora\u00e7\u00e3o e olhemos para o pres\u00e9pio, preparemo-nos interiormente com a ora\u00e7\u00e3o, com uma boa revis\u00e3o de vida, com atos de miseric\u00f3rdia e nos questionemos: ser\u00e1 que estou com o cora\u00e7\u00e3o preparado, fazendo a Sua Vontade em minha vida? Ou estou vivendo a minha vida no \u201cmais ou menos\u201d? Advento tamb\u00e9m \u00e9 tempo de discernir a vontade de Deus. Por isso, Advento \u00e9 tempo de preparar o cora\u00e7\u00e3o para a vinda do Senhor, ent\u00e3o, fa\u00e7amos, se poss\u00edvel, uma boa confiss\u00e3o; e que este Natal seja o melhor de todos \u2014 n\u00e3o por causa dos sinais externos, por causa das festas, das comidas ou bebidas, e sim por causa da convers\u00e3o do cora\u00e7\u00e3o que entendeu que antes de tudo o Natal \u00e9 Jesus. E a can\u00e7\u00e3o mais linda de Natal \u00e9 aquela que cantamos com a nossa vida, com as nossas atitudes, com as nossas a\u00e7\u00f5es, afinados com a Voz do Senhor.<\/p>\n<p>*Salvo nas festas marianas da Imaculada Concei\u00e7\u00e3o e Nossa Senhora de Guadalupe onde se canta o &#8220;Gl\u00f3ria&#8221;.<\/p>\n<p><strong>Padre Marcio Padro<\/strong> \u00e9 membro da Comunidade Can\u00e7\u00e3o Nova, desde 2003, no modo de compromisso do N\u00facleo. Atualmente, est\u00e1 na miss\u00e3o de Cachoeira Paulista, SP.<\/p>\n<p>&nbsp;<\/p>\n<p>Acesse nossos perfis no:<\/p>\n<p><a href=\"https:\/\/www.instagram.com\/vocacionalcn\/\">Instagran<\/a><\/p>\n<p><a href=\"https:\/\/twitter.com\/vocacionalcn\">Twitter<\/a><\/p>\n<p><a href=\"https:\/\/www.facebook.com\/vocacionalcancaonova\">Facebook<\/a><\/p>\n<p>&nbsp;<\/p>\n","protected":false},"excerpt":{"rendered":"<p>Na Igreja come\u00e7amos um novo ano lit\u00fargico! O Advento \u00e9 tempo de preparar o cora\u00e7\u00e3o para a vinda do Senhor. Neste tempo nos preparamos para comemorar o Natal de Jesus, nosso Senhor e Salvador. A grande festa da encarna\u00e7\u00e3o! Mas,&#8230;<\/p>\n","protected":false},"author":4747,"featured_media":10738,"comment_status":"open","ping_status":"open","sticky":false,"template":"","format":"standard","meta":{"_mi_skip_tracking":false,"_monsterinsights_sitenote_active":false,"_monsterinsights_sitenote_note":"","_monsterinsights_sitenote_category":0,"_joinchat":[],"footnotes":""},"categories":[5011,23,141],"tags":[135274,25880,163441,19034],"_links":{"self":[{"href":"https:\/\/blog.cancaonova.com\/vocacional\/wp-json\/wp\/v2\/posts\/10729"}],"collection":[{"href":"https:\/\/blog.cancaonova.com\/vocacional\/wp-json\/wp\/v2\/posts"}],"about":[{"href":"https:\/\/blog.cancaonova.com\/vocacional\/wp-json\/wp\/v2\/types\/post"}],"author":[{"embeddable":true,"href":"https:\/\/blog.cancaonova.com\/vocacional\/wp-json\/wp\/v2\/users\/4747"}],"replies":[{"embeddable":true,"href":"https:\/\/blog.cancaonova.com\/vocacional\/wp-json\/wp\/v2\/comments?post=10729"}],"version-history":[{"count":18,"href":"https:\/\/blog.cancaonova.com\/vocacional\/wp-json\/wp\/v2\/posts\/10729\/revisions"}],"predecessor-version":[{"id":10824,"href":"https:\/\/blog.cancaonova.com\/vocacional\/wp-json\/wp\/v2\/posts\/10729\/revisions\/10824"}],"wp:featuredmedia":[{"embeddable":true,"href":"https:\/\/blog.cancaonova.com\/vocacional\/wp-json\/wp\/v2\/media\/10738"}],"wp:attachment":[{"href":"https:\/\/blog.cancaonova.com\/vocacional\/wp-json\/wp\/v2\/media?parent=10729"}],"wp:term":[{"taxonomy":"category","embeddable":true,"href":"https:\/\/blog.cancaonova.com\/vocacional\/wp-json\/wp\/v2\/categories?post=10729"},{"taxonomy":"post_tag","embeddable":true,"href":"https:\/\/blog.cancaonova.com\/vocacional\/wp-json\/wp\/v2\/tags?post=10729"}],"curies":[{"name":"wp","href":"https:\/\/api.w.org\/{rel}","templated":true}]}}