{"id":11228,"date":"2023-05-24T10:42:04","date_gmt":"2023-05-24T13:42:04","guid":{"rendered":"https:\/\/blog.cancaonova.com\/vocacional\/?p=11228"},"modified":"2023-07-12T17:29:31","modified_gmt":"2023-07-12T20:29:31","slug":"podcast-maria-mae-e-mestra-na-cancao-nova","status":"publish","type":"post","link":"https:\/\/blog.cancaonova.com\/vocacional\/podcast-maria-mae-e-mestra-na-cancao-nova\/","title":{"rendered":"Podcast: Maria M\u00e3e e Mestra na Can\u00e7\u00e3o Nova"},"content":{"rendered":"<p><a href=\"https:\/\/blog.cancaonova.com\/vocacional\/files\/2023\/04\/Fotos-para-o-Blog-1-1.jpg\"><img loading=\"lazy\" decoding=\"async\" class=\"aligncenter size-full wp-image-11035\" src=\"https:\/\/blog.cancaonova.com\/vocacional\/files\/2023\/04\/Fotos-para-o-Blog-1-1.jpg\" alt=\"\" width=\"1920\" height=\"1080\" srcset=\"https:\/\/blog.cancaonova.com\/vocacional\/files\/2023\/04\/Fotos-para-o-Blog-1-1.jpg 1920w, https:\/\/blog.cancaonova.com\/vocacional\/files\/2023\/04\/Fotos-para-o-Blog-1-1-300x169.jpg 300w, https:\/\/blog.cancaonova.com\/vocacional\/files\/2023\/04\/Fotos-para-o-Blog-1-1-768x432.jpg 768w, https:\/\/blog.cancaonova.com\/vocacional\/files\/2023\/04\/Fotos-para-o-Blog-1-1-384x216.jpg 384w, https:\/\/blog.cancaonova.com\/vocacional\/files\/2023\/04\/Fotos-para-o-Blog-1-1-512x288.jpg 512w, https:\/\/blog.cancaonova.com\/vocacional\/files\/2023\/04\/Fotos-para-o-Blog-1-1-1024x576.jpg 1024w, https:\/\/blog.cancaonova.com\/vocacional\/files\/2023\/04\/Fotos-para-o-Blog-1-1-1536x864.jpg 1536w\" sizes=\"(max-width: 1920px) 100vw, 1920px\" \/><\/a><\/p>\n<p><span class=\"sc-cQMzAB hKafng\">Verinha, Formadora Geral da Comunidade Canc\u0327a\u0303o Nova fala para n\u00f3s o porqu\u00ea a Can\u00e7\u00e3o Nova \u00e9 a Casa de Maria. Nos Nossos Documentos, Pe. Jonas nos diz: <\/span><span class=\"sc-cQMzAB hKafng\"><em>&#8220;reconhec\u0327o a ma\u0303o terna de Maria, Ma\u0303e e Mestra a nos conduzir nesta grande aventura de fazermos a vontade de Deus. Verdadeiramente a Canc\u0327a\u0303o Nova e\u0301 a Casa de Maria.<\/em><\/span><span class=\"sc-cQMzAB hKafng\">&#8221; Maria e\u0301 uma presenc\u0327a discreta, mas muito real na nossa vida de opera\u0301rios de Deus. Ela e\u0301 muito presente em toda nossa vida, em todo nosso trabalho, presenc\u0327a de ma\u0303e, presenc\u0327a de mestra, presenc\u0327a de educadora. Sentimos mesmo que ela nos forma, educa, impulsiona, orienta, encaminha. No\u0301s a sentimos muito pro\u0301xima.<\/span><\/p>\n<iframe style=\"border-radius:12px\" src=\"https:\/\/open.spotify.com\/embed\/episode\/2tA0ErMoTJmhWvpncPtnsF?utm_source=generator\" width=\"100%\" height=\"352\" frameBorder=\"0\" allowfullscreen=\"\" allow=\"autoplay; clipboard-write; encrypted-media; fullscreen; picture-in-picture\" loading=\"lazy\"><\/iframe>\n<h3>Deixe-se atrair por este som<\/h3>\n<p>O projeto teve in\u00edcio na R\u00e1dio Can\u00e7\u00e3o Nova em 2020, mas agora, est\u00e1 chegando em outras plataformas digitais como <a href=\"https:\/\/podcasts.google.com\/feed\/aHR0cHM6Ly9hbmNob3IuZm0vcy9kM2Q2NjAyYy9wb2RjYXN0L3Jzcw\" target=\"_blank\" rel=\"noopener\">Google Podcast<\/a> <a href=\"https:\/\/music.amazon.com.br\/podcasts\/96f17395-2921-4d77-846a-daa71c0c9de6\/fonte-do-carisma\" target=\"_blank\" rel=\"noopener\">Amazon Music<\/a> e <a href=\"https:\/\/open.spotify.com\/show\/3lZ9N17DbSvnaB5SEsnaVj?si=3d1438f830e64d76\">Spotify<\/a> . Em breve, lan\u00e7aremos tamb\u00e9m um novo formato com alguns \u00e2ncoras e entrevistados. Mas enquanto voc\u00ea espera o lan\u00e7amento do novo formato, voc\u00ea pode curtir, semanalmente, um novo epis\u00f3dio.<\/p>\n<p class=\"Type__TypeElement-sc-goli3j-0 idfSAh\"><span class=\"sc-cQMzAB hKafng\">Se voc\u00ea foi atra\u00eddo pela Can\u00e7\u00e3o Nova clique neste link <\/span><a class=\"Link-sc-k8gsk-0 lmpnRj sc-cfJLRR jgxYNL\" href=\"https:\/\/bit.ly\/atraidopelacn\" target=\"_blank\" rel=\"noopener\">\u2060<span class=\"sc-cQMzAB hKafng\">\u2060https:\/\/bit.ly\/atraidopelacn \u2060<\/span>\u2060<\/a><span class=\"sc-cQMzAB hKafng\">e ouse responder ao chamado de Deus para sua vida.<\/span><\/p>\n","protected":false},"excerpt":{"rendered":"<p>Verinha, Formadora Geral da Comunidade Canc\u0327a\u0303o Nova fala para n\u00f3s o porqu\u00ea a Can\u00e7\u00e3o Nova \u00e9 a Casa de Maria. Nos Nossos Documentos, Pe. Jonas nos diz: &#8220;reconhec\u0327o a ma\u0303o terna de Maria, Ma\u0303e e Mestra a nos conduzir nesta&#8230;<\/p>\n","protected":false},"author":4761,"featured_media":11035,"comment_status":"open","ping_status":"open","sticky":false,"template":"","format":"audio","meta":{"_mi_skip_tracking":false,"_monsterinsights_sitenote_active":false,"_monsterinsights_sitenote_note":"","_monsterinsights_sitenote_category":0,"_joinchat":[],"footnotes":""},"categories":[1271],"tags":[],"_links":{"self":[{"href":"https:\/\/blog.cancaonova.com\/vocacional\/wp-json\/wp\/v2\/posts\/11228"}],"collection":[{"href":"https:\/\/blog.cancaonova.com\/vocacional\/wp-json\/wp\/v2\/posts"}],"about":[{"href":"https:\/\/blog.cancaonova.com\/vocacional\/wp-json\/wp\/v2\/types\/post"}],"author":[{"embeddable":true,"href":"https:\/\/blog.cancaonova.com\/vocacional\/wp-json\/wp\/v2\/users\/4761"}],"replies":[{"embeddable":true,"href":"https:\/\/blog.cancaonova.com\/vocacional\/wp-json\/wp\/v2\/comments?post=11228"}],"version-history":[{"count":2,"href":"https:\/\/blog.cancaonova.com\/vocacional\/wp-json\/wp\/v2\/posts\/11228\/revisions"}],"predecessor-version":[{"id":11231,"href":"https:\/\/blog.cancaonova.com\/vocacional\/wp-json\/wp\/v2\/posts\/11228\/revisions\/11231"}],"wp:featuredmedia":[{"embeddable":true,"href":"https:\/\/blog.cancaonova.com\/vocacional\/wp-json\/wp\/v2\/media\/11035"}],"wp:attachment":[{"href":"https:\/\/blog.cancaonova.com\/vocacional\/wp-json\/wp\/v2\/media?parent=11228"}],"wp:term":[{"taxonomy":"category","embeddable":true,"href":"https:\/\/blog.cancaonova.com\/vocacional\/wp-json\/wp\/v2\/categories?post=11228"},{"taxonomy":"post_tag","embeddable":true,"href":"https:\/\/blog.cancaonova.com\/vocacional\/wp-json\/wp\/v2\/tags?post=11228"}],"curies":[{"name":"wp","href":"https:\/\/api.w.org\/{rel}","templated":true}]}}