{"id":2251,"date":"2008-03-18T13:42:01","date_gmt":"2008-03-18T10:42:01","guid":{"rendered":"http:\/\/blog.cancaonova.com\/vocacional\/2008\/03\/18\/a-celebracao-eucaristica\/"},"modified":"2008-03-18T22:01:53","modified_gmt":"2008-03-18T19:01:53","slug":"a-celebracao-eucaristica","status":"publish","type":"post","link":"https:\/\/blog.cancaonova.com\/vocacional\/a-celebracao-eucaristica\/","title":{"rendered":"A Celebra\u00e7\u00e3o Eucar\u00edstica"},"content":{"rendered":"<p align=\"justify\"><a href=\"http:\/\/blog.cancaonova.com\/vocacional\/files\/2008\/03\/calice2.jpg\" title=\"calice2.jpg\"><\/a><\/p>\n<p align=\"justify\"><a href=\"http:\/\/blog.cancaonova.com\/vocacional\/files\/2008\/03\/calice3.jpg\" title=\"calice3.jpg\"><\/a><\/p>\n<p><a href=\"http:\/\/blog.cancaonova.com\/vocacional\/files\/2008\/03\/calice4.jpg\" title=\"calice4.jpg\"><\/a><a href=\"http:\/\/blog.cancaonova.com\/vocacional\/files\/2008\/03\/calice4.jpg\" title=\"calice4.jpg\"><\/a><a href=\"http:\/\/blog.cancaonova.com\/vocacional\/files\/2008\/03\/calice4.jpg\" title=\"calice4.jpg\"><\/p>\n<p align=\"center\"><img loading=\"lazy\" decoding=\"async\" width=\"197\" src=\"http:\/\/blog.cancaonova.com\/vocacional\/files\/2008\/03\/calice4.jpg\" alt=\"calice4.jpg\" height=\"175\" \/><\/p>\n<p><\/a><\/p>\n<p align=\"justify\">\u00c9 o encontro pessoal e di\u00e1rio com Aquele de quem somos e para quem trabalhamos. Nela nos associamos realmente ao louvor de toda a Igreja, no louvor da humanidade, do universo. Nela nos colocamos dentro do mist\u00e9rio da morte e ressurei\u00e7\u00e3o de Cristo, que \u00e9 a fonte da vida, que faz homens novos para um mundo novo. Nela trazemos a cada novo dia, o que somos, o que fazemos e cada um daqueles para os quais vivemos e trabalhamos. A celebra\u00e7\u00e3o da Eucaristia \u00e9 o ponto de chegada e de partida da nossa vida e da nossa miss\u00e3o.\u00a0\u00a0\u00a0\u00a0\u00a0\u00a0\u00a0\u00a0\u00a0\u00a0\u00a0<\/p>\n<p align=\"right\">(Monsenhor Jonas Abib)<\/p>\n","protected":false},"excerpt":{"rendered":"<p>\u00c9 o encontro pessoal e di\u00e1rio com Aquele de quem somos e para quem trabalhamos. Nela nos associamos realmente ao louvor de toda a Igreja, no louvor da humanidade, do universo. Nela nos colocamos dentro do mist\u00e9rio da morte e&#8230;<\/p>\n","protected":false},"author":17,"featured_media":0,"comment_status":"open","ping_status":"closed","sticky":false,"template":"","format":"standard","meta":{"_mi_skip_tracking":false,"_monsterinsights_sitenote_active":false,"_monsterinsights_sitenote_note":"","_monsterinsights_sitenote_category":0,"_joinchat":[],"footnotes":""},"categories":[],"tags":[],"_links":{"self":[{"href":"https:\/\/blog.cancaonova.com\/vocacional\/wp-json\/wp\/v2\/posts\/2251"}],"collection":[{"href":"https:\/\/blog.cancaonova.com\/vocacional\/wp-json\/wp\/v2\/posts"}],"about":[{"href":"https:\/\/blog.cancaonova.com\/vocacional\/wp-json\/wp\/v2\/types\/post"}],"author":[{"embeddable":true,"href":"https:\/\/blog.cancaonova.com\/vocacional\/wp-json\/wp\/v2\/users\/17"}],"replies":[{"embeddable":true,"href":"https:\/\/blog.cancaonova.com\/vocacional\/wp-json\/wp\/v2\/comments?post=2251"}],"version-history":[{"count":0,"href":"https:\/\/blog.cancaonova.com\/vocacional\/wp-json\/wp\/v2\/posts\/2251\/revisions"}],"wp:attachment":[{"href":"https:\/\/blog.cancaonova.com\/vocacional\/wp-json\/wp\/v2\/media?parent=2251"}],"wp:term":[{"taxonomy":"category","embeddable":true,"href":"https:\/\/blog.cancaonova.com\/vocacional\/wp-json\/wp\/v2\/categories?post=2251"},{"taxonomy":"post_tag","embeddable":true,"href":"https:\/\/blog.cancaonova.com\/vocacional\/wp-json\/wp\/v2\/tags?post=2251"}],"curies":[{"name":"wp","href":"https:\/\/api.w.org\/{rel}","templated":true}]}}