{"id":3441,"date":"2008-07-07T15:47:49","date_gmt":"2008-07-07T12:47:49","guid":{"rendered":"http:\/\/blog.cancaonova.com\/vocacional\/2008\/07\/07\/palavra-do-mes-um-ano-inteiro-dedicado-ao-apostolo-paulo\/"},"modified":"2008-07-07T15:48:47","modified_gmt":"2008-07-07T12:48:47","slug":"palavra-do-mes-um-ano-inteiro-dedicado-ao-apostolo-paulo","status":"publish","type":"post","link":"https:\/\/blog.cancaonova.com\/vocacional\/palavra-do-mes-um-ano-inteiro-dedicado-ao-apostolo-paulo\/","title":{"rendered":"Um ano inteiro dedicado ao Ap\u00f3stolo Paulo"},"content":{"rendered":"<p><title><\/title> \t<!-- \t\t@page { margin: 2cm } \t\tP { margin-bottom: 0.21cm } \t--><\/p>\n<p align=\"left\"><a href=\"http:\/\/blog.cancaonova.com\/vocacional\/files\/2008\/07\/bibi.jpg\" title=\"bibi.jpg\"><\/a><\/p>\n<p><a href=\"http:\/\/blog.cancaonova.com\/vocacional\/files\/2008\/07\/bibi.jpg\" title=\"bibi.jpg\"><img decoding=\"async\" src=\"http:\/\/blog.cancaonova.com\/vocacional\/files\/2008\/07\/bibi.jpg\" alt=\"bibi.jpg\" \/><\/a><\/p>\n<p>Ainda no ano passado, no dia 28 de junho de 2007, o Papa Bento XVI convocou um ano jubilar dedicado ao Ap\u00f3stolo Paulo. O in\u00edcio ser\u00e1 no dia 28 deste m\u00eas e se encerrar\u00e1 no dia 28 de junho de 2009. O Santo Padre o convocou porque \u00e9 neste tempo que celebramos os 2.000 anos do nascimento do grande ap\u00f3stolo.<\/p>\n<p>Todos n\u00f3s sabemos o quanto Saulo de Tarso \u2013 em coer\u00eancia com sua f\u00e9 na doutrina de Mois\u00e9s e com sua forma\u00e7\u00e3o na escola do grande mestre Gamaliel \u2013 perseguia tenazmente os crist\u00e3os. Mas Jesus o esperava no caminho de Damasco, porque queria fazer do perseguidor o Ap\u00f3stolo das Na\u00e7\u00f5es.<br \/>\nJesus, que apareceu para ele no caminho, poderia fazer tudo que tencionava. Mas n\u00e3o. Ele lhe d\u00e1 uma ordem para que entre em Damasco, porque \u00e9 l\u00e1 que lhe deve ser dito o que deve fazer. Ao mesmo tempo, Cristo aparece a Ananias, um homem simples daquela cidade, crist\u00e3o recentemente convertido, e o envia com ordens precisas para que v\u00e1 a casa onde est\u00e1 Saulo, porque &#8220;este homem&#8221; \u2013 disse-lhe Jesus \u2013 &#8220;vai ser para mim um instrumento escolhido que levar\u00e1 o meu nome diante das na\u00e7\u00f5es, dos reis e dos filhos de Israel&#8221;. E acrescenta: &#8220;Eu lhe mostrarei tudo o que ter\u00e1 de padecer pelo meu nome&#8221;.<\/p>\n<p>Ananias obedece. Vai at\u00e9 Saulo, imp\u00f5e-lhe as m\u00e3os e este \u00e9 curado da cegueira e fica cheio do Esp\u00edrito Santo. S\u00f3 depois disso \u00e9 que ele [Saulo] \u00e9 batizado, e no impulso e no poder do Esp\u00edrito, que o possui, come\u00e7a imediatamente a proclamar nas sinagogas que Jesus \u00e9 o Filho de Deus.<br \/>\nO que o antigo perseguidor recebe do Senhor, atrav\u00e9s da imposi\u00e7\u00e3o das m\u00e3os e da ora\u00e7\u00e3o de Ananias, \u00e9 o que ele vai fazer agora em favor de todos aqueles a quem o Senhor o enviar.<\/p>\n<p>A partir de Antioquia, para onde ele \u00e9 convocado a ir por Barnab\u00e9, Paulo vai ser o grande ap\u00f3stolo da efus\u00e3o do Esp\u00edrito e do uso dos carismas. Ele imp\u00f5e as m\u00e3os sobre os pag\u00e3os e eles ficam cheios do Esp\u00edrito Santo, convertem-se, s\u00e3o batizados e come\u00e7am uma vida nova em Cristo.<br \/>\nPaulo se deixa usar pelos carismas do Esp\u00edrito e, ent\u00e3o, prod\u00edgios, sinais, curas, milagres se realizam diante dos novos convertidos. O ap\u00f3stolo lhes demonstra que essa gra\u00e7a \u00e9 tamb\u00e9m para eles. Assim, ele os exorta a impor as m\u00e3os e a pedir que muitos outros recebam o batismo no Esp\u00edrito. Ele os impulsiona a se deixarem usar pelos carismas do Esp\u00edrito Santo e igualmente maravilhas acontecem por meio deles.<\/p>\n<p>Foi em Antioquia que o pr\u00f3prio Esp\u00edrito Santo separa Paulo e Barnab\u00e9 e os envia em miss\u00e3o. Foram tr\u00eas grandes viagens apost\u00f3licas que aconteceram e assim as principais cidades do mundo ent\u00e3o conhecido s\u00e3o atingidas por essa explos\u00e3o do poder do Esp\u00edrito. Sempre guiado pelo Esp\u00edrito, Paulo vai chegar a Roma, onde, apesar de estar em pris\u00e3o domiciliar, exerce corajosamente um amplo trabalho mission\u00e1rio. \u00c9 a\u00ed que no ano 67 ele culmina com o mart\u00edrio a sua maravilhosa miss\u00e3o. Paulo foi realmente o Ap\u00f3stolo das Na\u00e7\u00f5es.<br \/>\nMuitas celebra\u00e7\u00f5es acontecer\u00e3o neste ano jubilar, especialmente o S\u00ednodo, que vai ser realizado em Roma no m\u00eas de outubro, com o tema que \u00e9 t\u00e3o importante para n\u00f3s: &#8220;A Palavra de Deus na vida e na Miss\u00e3o da Igreja&#8221;. Nossa fam\u00edlia Can\u00e7\u00e3o Nova quer participar o m\u00e1ximo poss\u00edvel desses lindos acontecimentos. A melhor maneira, por\u00e9m, de viver este ano dedicado a S\u00e3o Paulo ser\u00e1 realizar com ardor o que ele viveu e realizou: sermos ap\u00f3stolos da efus\u00e3o do Esp\u00edrito e do uso dos carismas, levando esta gra\u00e7a ao maior n\u00famero de pessoas. O Senhor nos confia esta miss\u00e3o.<br \/>\nCremos que este \u00e9 o meio maravilhoso que o Senhor d\u00e1 \u00e0 sua Igreja, nos tempos de hoje, para levar Jesus Cristo e a sua salva\u00e7\u00e3o ao nosso mundo paganizado.<br \/>\nA nossa fam\u00edlia quer dar \u00e0 Igreja a sua parte de contribui\u00e7\u00e3o para que isso aconte\u00e7a.<br \/>\nJuntos somos mais. Conto com voc\u00ea nessa urgente tarefa.<\/p>\n<p>Seu irm\u00e3o,<\/p>\n<p><strong>Monsenhor Jonas Abib<\/strong><\/p>\n","protected":false},"excerpt":{"rendered":"<p>Ainda no ano passado, no dia 28 de junho de 2007, o Papa Bento XVI convocou um ano jubilar dedicado ao Ap\u00f3stolo Paulo. O in\u00edcio ser\u00e1 no dia 28 deste m\u00eas e se encerrar\u00e1 no dia 28 de junho de&#8230;<\/p>\n","protected":false},"author":17,"featured_media":0,"comment_status":"open","ping_status":"open","sticky":false,"template":"","format":"standard","meta":{"_mi_skip_tracking":false,"_monsterinsights_sitenote_active":false,"_monsterinsights_sitenote_note":"","_monsterinsights_sitenote_category":0,"_joinchat":[],"footnotes":""},"categories":[16317],"tags":[],"_links":{"self":[{"href":"https:\/\/blog.cancaonova.com\/vocacional\/wp-json\/wp\/v2\/posts\/3441"}],"collection":[{"href":"https:\/\/blog.cancaonova.com\/vocacional\/wp-json\/wp\/v2\/posts"}],"about":[{"href":"https:\/\/blog.cancaonova.com\/vocacional\/wp-json\/wp\/v2\/types\/post"}],"author":[{"embeddable":true,"href":"https:\/\/blog.cancaonova.com\/vocacional\/wp-json\/wp\/v2\/users\/17"}],"replies":[{"embeddable":true,"href":"https:\/\/blog.cancaonova.com\/vocacional\/wp-json\/wp\/v2\/comments?post=3441"}],"version-history":[{"count":0,"href":"https:\/\/blog.cancaonova.com\/vocacional\/wp-json\/wp\/v2\/posts\/3441\/revisions"}],"wp:attachment":[{"href":"https:\/\/blog.cancaonova.com\/vocacional\/wp-json\/wp\/v2\/media?parent=3441"}],"wp:term":[{"taxonomy":"category","embeddable":true,"href":"https:\/\/blog.cancaonova.com\/vocacional\/wp-json\/wp\/v2\/categories?post=3441"},{"taxonomy":"post_tag","embeddable":true,"href":"https:\/\/blog.cancaonova.com\/vocacional\/wp-json\/wp\/v2\/tags?post=3441"}],"curies":[{"name":"wp","href":"https:\/\/api.w.org\/{rel}","templated":true}]}}