{"id":4381,"date":"2008-08-19T07:00:26","date_gmt":"2008-08-19T04:00:26","guid":{"rendered":"http:\/\/blog.cancaonova.com\/vocacional\/2008\/08\/19\/historico-do-mes-vocacional\/"},"modified":"2008-08-19T07:01:35","modified_gmt":"2008-08-19T04:01:35","slug":"historico-do-mes-vocacional","status":"publish","type":"post","link":"https:\/\/blog.cancaonova.com\/vocacional\/historico-do-mes-vocacional\/","title":{"rendered":"Hist\u00f3rico do M\u00eas Vocacional"},"content":{"rendered":"<p><a href=\"http:\/\/blog.cancaonova.com\/vocacional\/files\/2008\/08\/bento.jpg\" title=\"bento.jpg\"><img loading=\"lazy\" decoding=\"async\" src=\"http:\/\/blog.cancaonova.com\/vocacional\/files\/2008\/08\/bento.thumbnail.jpg\" alt=\"bento.jpg\" width=\"152\" align=\"right\" height=\"124\" \/><\/a><font face=\"Verdana, Arial, Helvetica, sans-serif\">O m\u00eas vocacional tem sua origem logo ap\u00f3s o Conc\u00edlio Vaticano II. Com o objetivo de despertar a consci\u00eancia das comunidades para a corresponsabilidade, num per\u00edodo de crise das voca\u00e7\u00f5es de especial consagra\u00e7\u00e3o, Dom Alo\u00edsio Lorscheider, ent\u00e3o bispo de Novo Hamburgo, no Rio<br \/>\nGrande do Sul, instituiu uma comiss\u00e3o para criar um diret\u00f3rio vocacional para a diocese. Em 1970 surgia a primeira experi\u00eancia do m\u00eas vocacional no Brasil. Esta iniciativa deu certo e, em 1981, a Assembl\u00e9ia Geral da CNBB instituiu o m\u00eas de agosto como m\u00eas vocacional para todo o Brasil.<\/font><br \/>\n<font face=\"Verdana, Arial, Helvetica, sans-serif\">N\u00e3o resta d\u00favidas de que esse m\u00eas tem\u00e1tico est\u00e1 cumprindo o seu papel. De norte a sul do Brasil o m\u00eas de agosto \u00e9 conhecido e celebrado com grande criatividade. A consci\u00eancia vocacional est\u00e1 presente em grande n\u00famero de nossas comunidades e a pastoral Vocacional est\u00e1 conquistando o seu espa\u00e7o e status. Prova disso, foi a realiza\u00e7\u00e3o do Primeiro Congresso Vocacional do<br \/>\nBrasil, em setembro de 1999.<\/font><br \/>\n<font face=\"Verdana, Arial, Helvetica, sans-serif\">Vale a pena recordar o que celebramos no m\u00eas de agosto: no primeiro domingo destacamos o dia do padre, a motiva\u00e7\u00e3o \u00e9 a festa de S. Jo\u00e3o Maria Vianey, lembrada no dia 04 de agosto, padroeiro dos p\u00e1rocos. A voca\u00e7\u00e3o aqui recordada \u00e9 a do padre diocesano. No segundo domingo celebramos o dia dos pais, recordamos, ent\u00e3o, o chamado a gerar vida, a continuar com a obra criadora de Deus. Ser pai e ser m\u00e3e, constituir fam\u00edlia, assumir um<br \/>\nestado de vida na Igreja. Motivados pela festa da Assun\u00e7\u00e3o de Maria, modelo de todos aqueles que dizem sim, celebramos no terceiro domingo a voca\u00e7\u00e3o religiosa. S\u00e3o recordadas aqui a voca\u00e7\u00e3o religiosa feminina e masculina. No quarto domingo recordamos todos os minist\u00e9rios leigos e, de modo especial,<br \/>\nos catequistas. No ano em que o m\u00eas de agosto tiver cinco domingos, no quarto domingo s\u00e3o recordados todos os minist\u00e9rios leigos e no quinto o dia do catequista.<\/font><br \/>\n<font face=\"Verdana, Arial, Helvetica, sans-serif\">Faz-se necess\u00e1rio recordar, ainda, o seguinte: o m\u00eas vocacional foi institu\u00eddo para dinamizar o trabalho pelas voca\u00e7\u00f5es. Precisamos, agora, dar um passo al\u00e9m: a conscientiza\u00e7\u00e3o vocacional deve acontecer a cada dia e em todos os meses do ano. As equipes vocacionais devem estar atentas para observar,<br \/>\nno calend\u00e1rio lit\u00fargico, as leituras com tem\u00e1tica vocacional e todas as possibilidades que possam ser aproveitadas. Aos poucos devemos implantar uma cultura vocacional, isto \u00e9, em todo processo evangelizador da Igreja, deve existir a preocupa\u00e7\u00e3o com o compromisso que os crist\u00e3os assumir\u00e3o na Igreja e na sociedade.<\/font><br \/>\n<font face=\"Verdana, Arial, Helvetica, sans-serif\">A voca\u00e7\u00e3o \u00e9 a resposta de Deus providente a uma comunidade orante, diz Puebla. Rezemos pelas voca\u00e7\u00f5es e fa\u00e7amos tudo o que estiver ao nosso alcance para cumprir o mandato de Jesus: \u201cPedi ao Senhor da messe que envie oper\u00e1rios para a sua messe\u201d (Mt 9,38). Existem muitos subs\u00eddios que ajudam as comunidade a celebrar o m\u00eas de agosto, destacamos, por\u00e9m, que o mais importante \u00e9 a criatividade da equipe vocacional. Bom trabalho<br \/>\na todos!<br \/>\n<\/font><\/p>\n","protected":false},"excerpt":{"rendered":"<p>O m\u00eas vocacional tem sua origem logo ap\u00f3s o Conc\u00edlio Vaticano II. Com o objetivo de despertar a consci\u00eancia das comunidades para a corresponsabilidade, num per\u00edodo de crise das voca\u00e7\u00f5es de especial consagra\u00e7\u00e3o, Dom Alo\u00edsio Lorscheider, ent\u00e3o bispo de Novo&#8230;<\/p>\n","protected":false},"author":17,"featured_media":0,"comment_status":"open","ping_status":"open","sticky":false,"template":"","format":"standard","meta":{"_mi_skip_tracking":false,"_monsterinsights_sitenote_active":false,"_monsterinsights_sitenote_note":"","_monsterinsights_sitenote_category":0,"_joinchat":[],"footnotes":""},"categories":[],"tags":[],"_links":{"self":[{"href":"https:\/\/blog.cancaonova.com\/vocacional\/wp-json\/wp\/v2\/posts\/4381"}],"collection":[{"href":"https:\/\/blog.cancaonova.com\/vocacional\/wp-json\/wp\/v2\/posts"}],"about":[{"href":"https:\/\/blog.cancaonova.com\/vocacional\/wp-json\/wp\/v2\/types\/post"}],"author":[{"embeddable":true,"href":"https:\/\/blog.cancaonova.com\/vocacional\/wp-json\/wp\/v2\/users\/17"}],"replies":[{"embeddable":true,"href":"https:\/\/blog.cancaonova.com\/vocacional\/wp-json\/wp\/v2\/comments?post=4381"}],"version-history":[{"count":0,"href":"https:\/\/blog.cancaonova.com\/vocacional\/wp-json\/wp\/v2\/posts\/4381\/revisions"}],"wp:attachment":[{"href":"https:\/\/blog.cancaonova.com\/vocacional\/wp-json\/wp\/v2\/media?parent=4381"}],"wp:term":[{"taxonomy":"category","embeddable":true,"href":"https:\/\/blog.cancaonova.com\/vocacional\/wp-json\/wp\/v2\/categories?post=4381"},{"taxonomy":"post_tag","embeddable":true,"href":"https:\/\/blog.cancaonova.com\/vocacional\/wp-json\/wp\/v2\/tags?post=4381"}],"curies":[{"name":"wp","href":"https:\/\/api.w.org\/{rel}","templated":true}]}}