{"id":5209,"date":"2009-02-19T06:00:05","date_gmt":"2009-02-19T03:00:05","guid":{"rendered":"http:\/\/blog.cancaonova.com\/vocacional\/?p=5209"},"modified":"2009-02-04T15:17:27","modified_gmt":"2009-02-04T12:17:27","slug":"os-quatro-degraus-da-lectio-divina","status":"publish","type":"post","link":"https:\/\/blog.cancaonova.com\/vocacional\/os-quatro-degraus-da-lectio-divina\/","title":{"rendered":"Os quatro degraus da Lectio Divina"},"content":{"rendered":"<p class=\"western\" align=\"left\"><span style=\"font-family: Verdana,Arial,Helvetica,sans-serif\"><strong>1\u00ba LEITURA<\/strong><br \/>\n<strong>Conhecer, respeitar, situar<\/strong> (o que o texto diz?)<\/span><\/p>\n<p class=\"western\" align=\"left\"><span style=\"font-family: Verdana,Arial,Helvetica,sans-serif\">&#8211; exige determina\u00e7\u00e3o constante e cont\u00ednua, perseveran\u00e7a, ascese e disciplina;<br \/>\n&#8211; n\u00e3o pode ser interesseira, mas deve ser gratuita, em vista do Reino e do bem do povo;<br \/>\n&#8211; \u00e9 ponto de partida e n\u00e3o de chegada, faz o leitor pisas no ch\u00e3o;<br \/>\n&#8211; faz algumas exig\u00eancias: analisar o texto e situ\u00e1-lo em seu contexto de origem, em tr\u00eas n\u00edveis : a) liter\u00e1rio ( quem? o qu\u00ea? onde? por qu\u00ea? quando? como? com que meios? como o texto se situa dentro do contexto liter\u00e1rio do livro de que faz parte?) b) hist\u00f3rico (a hist\u00f3ria e suas dimens\u00f5es econ\u00f4mica, social, pol\u00edtica, ideol\u00f3gica, afetiva, antropol\u00f3gica e outras) c) teol\u00f3gico (o que Deus tinha a dizer ao povo naquela situa\u00e7\u00e3o hist\u00f3rica; o que Ele significava para aquele povo; como se revelava; como o povo assumia e celebrava a Palavra do Senhor.<\/span><\/p>\n<p class=\"western\" align=\"left\"><span style=\"font-family: Verdana,Arial,Helvetica,sans-serif\"><strong>2\u00ba MEDITA\u00c7\u00c3O<\/strong><br \/>\nRuminar, dialogar, atualizar(o que o texto nos (me) diz?)<\/span><\/p>\n<p class=\"western\" align=\"left\"><span style=\"font-family: Verdana,Arial,Helvetica,sans-serif\">&#8211; o que \u00e9 que Deus, atrav\u00e9s desse texto, tem a dizer hoje, aqui na Am\u00e9rica Latina, no Brasil;<br \/>\n&#8211; \u00e9 um esfor\u00e7o que se faz para atualizar o texto e traz\u00ea-lo para dentro do horizonte da nossa vida e realidade, tanto pessoal como social;<br \/>\n&#8211; \u00e9 uma diligente atividade da mente que, com a ajuda da pr\u00f3pria raz\u00e3o, procura o conhecimento da verdade oculta;<br \/>\n&#8211; \u00e9 atingir o fruto do Esp\u00edrito;<br \/>\n&#8211; \u00e9 semente de ora\u00e7\u00e3o&#8230;a sua pr\u00e1tica nos leva \u00e0 ora\u00e7\u00e3o.<\/span><\/p>\n<p class=\"western\" align=\"left\"><span style=\"font-family: Verdana,Arial,Helvetica,sans-serif\"><strong>3\u00ba ORA\u00c7\u00c3O<\/strong><br \/>\nSuplicar, louvar, recriar (o que o texto me faz dizer ao Senhor?)<\/span><\/p>\n<p class=\"western\" align=\"left\"><span style=\"font-family: Verdana,Arial,Helvetica,sans-serif\">&#8211; como atitude est\u00e1 presente desde o in\u00edcio da leitura orante&#8230;no in\u00edcio invoca-se o Esp\u00edrito Santo;<br \/>\n&#8211; mas tem o seu lugar pr\u00f3prio durante a Lectio Divina;<br \/>\n&#8211; admira\u00e7\u00e3o, &#8220;espanto \u201cpelas maravilhas do Senhor;<br \/>\n&#8211; a comunit\u00e1ria sup\u00f5e a pessoal;<br \/>\n&#8211; louvor, a\u00e7\u00e3o de gra\u00e7as, s\u00faplica, perd\u00e3o, revolta&#8230;<br \/>\n&#8211; para evitar os conhecidos desvios \u00e9 preciso que quem reza aprenda a lutar e quem luta aprenda a rezar;<\/span><\/p>\n<p class=\"western\" align=\"left\"><span style=\"font-family: Verdana,Arial,Helvetica,sans-serif\"><strong>4\u00ba CONTEMPLA\u00c7\u00c3O<\/strong><br \/>\nEnxergar, saborear, agir (o que vejo melhor e vou fazer?)<\/span><\/p>\n<p class=\"western\" align=\"left\"><span style=\"font-family: Verdana,Arial,Helvetica,sans-serif\">&#8211; \u00e9 o que sobra nos olhos e no cora\u00e7\u00e3o, depois que a ora\u00e7\u00e3o termina;<br \/>\n&#8211; cada vez que chego neste degrau, sinto-me refor\u00e7ado para um novo come\u00e7o;<br \/>\n&#8211; re\u00fane em si todo o percurso da Lectio Divina;<br \/>\n&#8211; nela, ao que tudo indica, a experi\u00eancia de Deus suspende tudo, relativiza tudo e, como que por um instante, antecipa algo da alegria que &#8220;Deus preparou para aqueles que o amam&#8221;<br \/>\n(1Cor 2,9).<\/span><\/p>\n<p class=\"western\" align=\"left\">Deus Aben\u00e7oe voc\u00ea,<\/p>\n<p class=\"western\" align=\"left\">Ritinha<\/p>\n","protected":false},"excerpt":{"rendered":"<p>1\u00ba LEITURA Conhecer, respeitar, situar (o que o texto diz?) &#8211; exige determina\u00e7\u00e3o constante e cont\u00ednua, perseveran\u00e7a, ascese e disciplina; &#8211; n\u00e3o pode ser interesseira, mas deve ser gratuita, em vista do Reino e do bem do povo; &#8211; \u00e9&#8230;<\/p>\n","protected":false},"author":17,"featured_media":0,"comment_status":"open","ping_status":"open","sticky":false,"template":"","format":"standard","meta":{"_mi_skip_tracking":false,"_monsterinsights_sitenote_active":false,"_monsterinsights_sitenote_note":"","_monsterinsights_sitenote_category":0,"_joinchat":[],"footnotes":""},"categories":[67],"tags":[],"_links":{"self":[{"href":"https:\/\/blog.cancaonova.com\/vocacional\/wp-json\/wp\/v2\/posts\/5209"}],"collection":[{"href":"https:\/\/blog.cancaonova.com\/vocacional\/wp-json\/wp\/v2\/posts"}],"about":[{"href":"https:\/\/blog.cancaonova.com\/vocacional\/wp-json\/wp\/v2\/types\/post"}],"author":[{"embeddable":true,"href":"https:\/\/blog.cancaonova.com\/vocacional\/wp-json\/wp\/v2\/users\/17"}],"replies":[{"embeddable":true,"href":"https:\/\/blog.cancaonova.com\/vocacional\/wp-json\/wp\/v2\/comments?post=5209"}],"version-history":[{"count":4,"href":"https:\/\/blog.cancaonova.com\/vocacional\/wp-json\/wp\/v2\/posts\/5209\/revisions"}],"predecessor-version":[{"id":5215,"href":"https:\/\/blog.cancaonova.com\/vocacional\/wp-json\/wp\/v2\/posts\/5209\/revisions\/5215"}],"wp:attachment":[{"href":"https:\/\/blog.cancaonova.com\/vocacional\/wp-json\/wp\/v2\/media?parent=5209"}],"wp:term":[{"taxonomy":"category","embeddable":true,"href":"https:\/\/blog.cancaonova.com\/vocacional\/wp-json\/wp\/v2\/categories?post=5209"},{"taxonomy":"post_tag","embeddable":true,"href":"https:\/\/blog.cancaonova.com\/vocacional\/wp-json\/wp\/v2\/tags?post=5209"}],"curies":[{"name":"wp","href":"https:\/\/api.w.org\/{rel}","templated":true}]}}