{"id":5472,"date":"2009-04-20T06:42:24","date_gmt":"2009-04-20T03:42:24","guid":{"rendered":"http:\/\/blog.cancaonova.com\/vocacional\/?p=5472"},"modified":"2009-04-18T00:44:50","modified_gmt":"2009-04-17T21:44:50","slug":"jesus-o-quer-discipulo","status":"publish","type":"post","link":"https:\/\/blog.cancaonova.com\/vocacional\/jesus-o-quer-discipulo\/","title":{"rendered":"Jesus o quer disc\u00edpulo"},"content":{"rendered":"<div id=\"attachment_5473\" style=\"width: 278px\" class=\"wp-caption alignright\"><a href=\"http:\/\/blog.cancaonova.com\/vocacional\/files\/2009\/04\/jonas-lindo.jpg\"><img loading=\"lazy\" decoding=\"async\" aria-describedby=\"caption-attachment-5473\" class=\"size-medium wp-image-5473\" src=\"http:\/\/blog.cancaonova.com\/vocacional\/files\/2009\/04\/jonas-lindo-268x300.jpg\" alt=\"\" width=\"268\" height=\"300\" \/><\/a><p id=\"caption-attachment-5473\" class=\"wp-caption-text\">Monsenhor Jonas<\/p><\/div>\n<p class=\"western\" style=\"margin-bottom: 0cm;text-align: justify\">Meu irm\u00e3o, vivemos hoje o amor. Jesus, reunido com os Seus ap\u00f3stolos, disse: &#8220;Amai-vos uns aos outros, como eu vos amei&#8221;. Ele amou de todas as formas, compreendendo e aturando os Seus ap\u00f3stolos. N\u00e3o foi f\u00e1cil transform\u00e1-los, mas o Senhor empenhou toda a Sua vida em am\u00e1-los. E o que aconteceu com eles acontece conosco tamb\u00e9m, porque Cristo quer nos formar disc\u00edpulos \u2013 e s\u00f3 o Mestre pode fazer isso. \u00c9 o Senhor; s\u00f3 Ele que nos faz disc\u00edpulos.<\/p>\n<p>Hoje, Ele quer suscitar em n\u00f3s o grande desejo de sermos disc\u00edpulos. Sei que voc\u00ea j\u00e1 come\u00e7a a dizer desculpas: &#8220;Mas, como eu serei disc\u00edpulo? Eu? T\u00e3o pecador?&#8221; Jesus n\u00e3o escolheu os melhores. Veja Pedro, at\u00e9 Judas foi escolhido. Ele acreditou em todos e trabalhou em cada um e aceita voc\u00ea do jeito que \u00e9 e na situa\u00e7\u00e3o em que est\u00e1. O Senhor confia em n\u00f3s.<\/p>\n<p>Jesus vive confiando em n\u00f3s, mesmo quando n\u00f3s O decepcionamos. Ele n\u00e3o se decepciona conosco. Ele confia, porque nos ama.<\/p>\n<p>O Senhor sabe das dores e sofrimentos que voc\u00ea tem passado e precisa lhe dizer que em tudo isso Ele est\u00e1 presente, trabalhando em voc\u00ea.<\/p>\n<p>\u201cVoc\u00ea \u00e9 uma pedra dura como um diamante, por isso preciso trabalh\u00e1-lo. Saiba que Eu estou contando com voc\u00ea, trabalhando, operando e fazendo minha obra em voc\u00ea, para que seja semelhante a mim. Eu preciso faz\u00ea-lo semelhante a mim\u201d. Deus lhe diz: \u201cDeixe-me trabalhar em voc\u00ea. Quero faz\u00ea-lo meu disc\u00edpulo, quero faz\u00ea-lo semelhante a mim\u201d.<\/p>\n<p><strong>Voc\u00ea aceita esse acordo? D\u00ea a sua resposta ao Senhor<\/strong>. Sei que, muitas vezes, voc\u00ea n\u00e3o entendeu e desesperou-se diante dos problemas e, hoje, o Senhor est\u00e1 lhe explicando todas as coisas. Somente voc\u00ea pode dar uma resposta ao Senhor. Diga: &#8220;Fa\u00e7a-se em mim, segundo a Tua palavra!&#8221;<\/p>\n<p>Jesus j\u00e1 realizou e agora a coisa mais linda que poderia realizar \u00e9: &#8220;Isto \u00e9 o meu corpo que \u00e9 dado por v\u00f3s. Fazei isto em minha mem\u00f3ria&#8221;. Tamb\u00e9m aquele que come ou bebe do c\u00e1lice do Senhor indignamente, pense bem antes de receb\u00ea-los, pois se o faz indignamente toma a sua pr\u00f3pria condena\u00e7\u00e3o. \u00c9 isso que o Senhor quer recobrar: a nossa f\u00e9 na exist\u00eancia real na Eucaristia.<\/p>\n<p>\u201cSenhor, eu proclamo a minha f\u00e9, eu creio na Tua presen\u00e7a real na Eucaristia, mesmo que os outros n\u00e3o acreditem. Eu creio que na h\u00f3stia consagrada e no vinho consagrado \u00e9s Tu que est\u00e1s ali. Creio na Tua Alma, Corpo, Sangue e Divindade realmente presentes na Eucaristia. Creio, Senhor, mas aumentai a minha f\u00e9\u201d.<\/p>\n<p>Houve um tempo em que os disc\u00edpulos come\u00e7aram a duvidar disso, porque, no in\u00edcio, os judeus falaram muito e questionavam como &#8220;esse homem podia dar Sua carne e Seu sangue&#8221;. Quando estes [judeus] come\u00e7aram a falar assim, Jesus, em vez de voltar atr\u00e1s, foi a\u00ed que mais falou. E disse tamb\u00e9m: &#8220;Quem n\u00e3o comer minha carne e meu sangue n\u00e3o ter\u00e1 a vida eterna&#8221;.<\/p>\n<p>&#8220;Obrigado, Jesus! Eu n\u00e3o quero Te negar, mesmo que a minha cabe\u00e7a n\u00e3o entenda. Mas, porque eu confio, Te digo: &#8216;Senhor, s\u00f3 Tu tens palavras de vida eterna&#8217; (cf. Jo\u00e3o 6, 68). Tu \u00e9s o Filho de Deus e permanecemos contigo. Neste dia santo, n\u00f3s Te adoramos'&#8221;.<\/p>\n<p>Jesus est\u00e1 sendo muito ofendido. H\u00e1 um povo fazendo um grande alarde, mas saiba que \u00e9 uma minoria. Deus quer que voc\u00ea se assuma como disc\u00edpulo.<\/p>\n<p>Diga ao Senhor: \u201cEu creio, Senhor, mas aumenta a minha f\u00e9. Senhor, aumenta a nossa f\u00e9! Eu quero ter f\u00e9 viva, uma f\u00e9 forte. Eu professo a minha f\u00e9. Enche-me, Senhor, com o teu Esp\u00edrito\u201d.<\/p>\n<p><strong>Monsenhor Jonas Abib<br \/>\nFundador da Comunidade Can\u00e7\u00e3o Nova<\/strong><\/p>\n<p class=\"western\" style=\"margin-bottom: 0cm;text-align: justify\">Deuxe seu coment\u00e1rio!<\/p>\n","protected":false},"excerpt":{"rendered":"<p>Meu irm\u00e3o, vivemos hoje o amor. Jesus, reunido com os Seus ap\u00f3stolos, disse: &#8220;Amai-vos uns aos outros, como eu vos amei&#8221;. Ele amou de todas as formas, compreendendo e aturando os Seus ap\u00f3stolos. N\u00e3o foi f\u00e1cil transform\u00e1-los, mas o Senhor&#8230;<\/p>\n","protected":false},"author":17,"featured_media":0,"comment_status":"open","ping_status":"open","sticky":false,"template":"","format":"standard","meta":{"_mi_skip_tracking":false,"_monsterinsights_sitenote_active":false,"_monsterinsights_sitenote_note":"","_monsterinsights_sitenote_category":0,"_joinchat":[],"footnotes":""},"categories":[],"tags":[],"_links":{"self":[{"href":"https:\/\/blog.cancaonova.com\/vocacional\/wp-json\/wp\/v2\/posts\/5472"}],"collection":[{"href":"https:\/\/blog.cancaonova.com\/vocacional\/wp-json\/wp\/v2\/posts"}],"about":[{"href":"https:\/\/blog.cancaonova.com\/vocacional\/wp-json\/wp\/v2\/types\/post"}],"author":[{"embeddable":true,"href":"https:\/\/blog.cancaonova.com\/vocacional\/wp-json\/wp\/v2\/users\/17"}],"replies":[{"embeddable":true,"href":"https:\/\/blog.cancaonova.com\/vocacional\/wp-json\/wp\/v2\/comments?post=5472"}],"version-history":[{"count":2,"href":"https:\/\/blog.cancaonova.com\/vocacional\/wp-json\/wp\/v2\/posts\/5472\/revisions"}],"predecessor-version":[{"id":5475,"href":"https:\/\/blog.cancaonova.com\/vocacional\/wp-json\/wp\/v2\/posts\/5472\/revisions\/5475"}],"wp:attachment":[{"href":"https:\/\/blog.cancaonova.com\/vocacional\/wp-json\/wp\/v2\/media?parent=5472"}],"wp:term":[{"taxonomy":"category","embeddable":true,"href":"https:\/\/blog.cancaonova.com\/vocacional\/wp-json\/wp\/v2\/categories?post=5472"},{"taxonomy":"post_tag","embeddable":true,"href":"https:\/\/blog.cancaonova.com\/vocacional\/wp-json\/wp\/v2\/tags?post=5472"}],"curies":[{"name":"wp","href":"https:\/\/api.w.org\/{rel}","templated":true}]}}