{"id":5580,"date":"2009-05-30T06:27:00","date_gmt":"2009-05-30T03:27:00","guid":{"rendered":"http:\/\/blog.cancaonova.com\/vocacional\/?p=5580"},"modified":"2014-07-28T17:31:47","modified_gmt":"2014-07-28T20:31:47","slug":"o-poder-da-palavra-imperativa","status":"publish","type":"post","link":"https:\/\/blog.cancaonova.com\/vocacional\/o-poder-da-palavra-imperativa\/","title":{"rendered":"O poder da palavra imperativa"},"content":{"rendered":"<h5 style=\"text-align: center\"><a href=\"http:\/\/blog.cancaonova.com\/vocacional\/files\/2009\/04\/leitura-biblia.jpg\"><img loading=\"lazy\" decoding=\"async\" class=\"alignnone size-medium wp-image-5581\" src=\"http:\/\/blog.cancaonova.com\/vocacional\/files\/2009\/04\/leitura-biblia.jpg\" alt=\"\" width=\"250\" height=\"188\" \/><\/a><\/h5>\n<h5 style=\"text-align: center\"><em><em>O amor \u00e9 o melhor jeito de responder \u00e0s quest\u00f5es do mundo<\/em><\/em><\/h5>\n<p class=\"western\" align=\"justify\">IImperar \u00e9 atributo que sugere poder.<\/p>\n<p class=\"western\" align=\"justify\">O imperador comanda o imp\u00e9rio, rege com autoridade.<\/p>\n<p class=\"western\" align=\"justify\">Imperativo \u00e9 tudo o que ordena, o que governa.<\/p>\n<p class=\"western\" align=\"justify\">Na linguagem temos os verbos imperativos. S\u00e3o aqueles que d\u00e3o ordens.<\/p>\n<p class=\"western\" align=\"justify\">Sempre que os leio escuto gritos, vozes querendo me convencer do conte\u00fado que sugerem.<\/p>\n<p class=\"western\" align=\"justify\">O verbo \u00e9 a casa da a\u00e7\u00e3o. Dele se desdobram movimentos.<\/p>\n<p class=\"western\" align=\"justify\">Verbos mobilizam os sujeitos. \u00c9 a regra da gram\u00e1tica, mas \u00e9 tamb\u00e9m a regra da vida.<\/p>\n<p class=\"western\" align=\"justify\">Penso nas palavras que me ordenam. Quero compreender a raz\u00e3o de gritarem tanto sobre os meus ouvidos e de me moverem para a vida que vivo.<\/p>\n<p class=\"western\" align=\"justify\">A interpreta\u00e7\u00e3o que fa\u00e7o do mundo passa pelos verbos que imperam sobre mim. Por isso, a qualidade da vida depende dos verbos que imperam sobre ela.<\/p>\n<p class=\"western\" align=\"justify\">Gosto de conjugar o verbo \u201camar\u201d no imperativo \u2013 \u201cAme!\u201d N\u00e3o h\u00e1 necessidade de complementos. Ame este ou aquele. Ame agora ou depois. N\u00e3o h\u00e1 justificativas. \u00c9 s\u00f3 amar.<\/p>\n<p class=\"western\" align=\"justify\">\u00c9 s\u00f3 seguir a ordem que o verbo sugere. \u201cAme!\u201d Repito.<\/p>\n<p class=\"western\" align=\"justify\">N\u00e3o escuto gritos, mas uma voz mansa com poder de conselho. Voz que reconhe\u00e7o ser a de Jesus a me conduzir por um caminho seguro que me far\u00e1 viver melhor. \u201cAme!\u201d Ele repete! \u201cAme!\u201d Ele aconselha.<\/p>\n<p class=\"western\" align=\"justify\"><strong>Tenho aprendido que o amor \u00e9 o melhor jeito de responder \u00e0s quest\u00f5es do mundo<\/strong>. Experimento isso na carne.<\/p>\n<p class=\"western\" align=\"justify\">Eu fico melhor cada vez que amo. Digo isso como homem religioso que sou.<\/p>\n<p class=\"western\" align=\"justify\">A religi\u00e3o \u00e9 a casa do amor, assim como o verbo \u00e9 a casa da a\u00e7\u00e3o. Se n\u00e3o o \u00e9, n\u00e3o \u00e9 religi\u00e3o. \u00c9 esconderijo onde acomodamos nossa hipocrisia. \u00c9 lugar onde justificamos nossas intoler\u00e2ncias. \u00c9 guerra fria que fazemos em nome de Deus.<\/p>\n<p class=\"western\" align=\"justify\">Eu ainda acredito que o amor \u00e9 a religi\u00e3o que o mundo precisa. Jesus ensinou isso. Morreu por crer assim. Elevou \u00e0 pot\u00eancia m\u00e1xima o imperativo do amor e n\u00e3o fugiu das conseq\u00fc\u00eancias.<\/p>\n<p class=\"western\" align=\"justify\">Tenho medo quando nos especializamos em qualificar as pessoas como boas ou ruins, em nome da religi\u00e3o.<\/p>\n<p class=\"western\" align=\"justify\">Tenho medo de deixar que outros verbos imperem sobre minha vida.<\/p>\n<p class=\"western\" align=\"justify\">Verbos que excluem, abandonam, jogam fora e que condenam a partir de apar\u00eancias&#8230;<\/p>\n<p class=\"western\" align=\"justify\">\u00c9 nesta hora que eu me recordo do imperativo de meu Mestre &#8211; \u201cAme!\u201d E s\u00f3 assim eu descanso.<\/p>\n<p class=\"western\" align=\"justify\">Eu sei que voc\u00ea tamb\u00e9m costuma se perder em tantas realidades desta vida.<\/p>\n<p class=\"western\" align=\"justify\">Eu sei que o seguimento de Jesus costuma nos colocar em encruzilhadas, porque n\u00e3o h\u00e1 seguimento sem escolhas.<\/p>\n<p class=\"western\" align=\"justify\">\u00c9 natural que nas\u00e7am d\u00favidas e a gente se pergunte \u2013 E agora? Como ser de Deus no meio de tantas realidades contr\u00e1rias? Como manter o olhar fixo no que cremos sem que a gente precise cometer o absurdo de desprezar os que cr\u00eaem diferente de n\u00f3s?<\/p>\n<p class=\"western\" align=\"justify\">Nem sempre conseguimos acertar, fazer da melhor forma.<\/p>\n<p class=\"western\" align=\"justify\">Quer um conselho? Ame!<\/p>\n<div id=\"Se\u00e7\u00e3o3\" dir=\"ltr\">\n<p class=\"western\" align=\"justify\"><strong>Padre \tF\u00e1bio de Melo<\/strong><\/p>\n<p class=\"western\" align=\"justify\">Comente este artigo!<\/p>\n<\/div>\n<p class=\"western\" align=\"justify\">\n<p class=\"western\" style=\"text-decoration: none\" align=\"justify\">\n","protected":false},"excerpt":{"rendered":"<p>O amor \u00e9 o melhor jeito de responder \u00e0s quest\u00f5es do mundo IImperar \u00e9 atributo que sugere poder. O imperador comanda o imp\u00e9rio, rege com autoridade. Imperativo \u00e9 tudo o que ordena, o que governa. Na linguagem temos os verbos&#8230;<\/p>\n","protected":false},"author":17,"featured_media":0,"comment_status":"open","ping_status":"open","sticky":false,"template":"","format":"standard","meta":{"_mi_skip_tracking":false,"_monsterinsights_sitenote_active":false,"_monsterinsights_sitenote_note":"","_monsterinsights_sitenote_category":0,"_joinchat":[],"footnotes":""},"categories":[23],"tags":[],"_links":{"self":[{"href":"https:\/\/blog.cancaonova.com\/vocacional\/wp-json\/wp\/v2\/posts\/5580"}],"collection":[{"href":"https:\/\/blog.cancaonova.com\/vocacional\/wp-json\/wp\/v2\/posts"}],"about":[{"href":"https:\/\/blog.cancaonova.com\/vocacional\/wp-json\/wp\/v2\/types\/post"}],"author":[{"embeddable":true,"href":"https:\/\/blog.cancaonova.com\/vocacional\/wp-json\/wp\/v2\/users\/17"}],"replies":[{"embeddable":true,"href":"https:\/\/blog.cancaonova.com\/vocacional\/wp-json\/wp\/v2\/comments?post=5580"}],"version-history":[{"count":3,"href":"https:\/\/blog.cancaonova.com\/vocacional\/wp-json\/wp\/v2\/posts\/5580\/revisions"}],"predecessor-version":[{"id":8312,"href":"https:\/\/blog.cancaonova.com\/vocacional\/wp-json\/wp\/v2\/posts\/5580\/revisions\/8312"}],"wp:attachment":[{"href":"https:\/\/blog.cancaonova.com\/vocacional\/wp-json\/wp\/v2\/media?parent=5580"}],"wp:term":[{"taxonomy":"category","embeddable":true,"href":"https:\/\/blog.cancaonova.com\/vocacional\/wp-json\/wp\/v2\/categories?post=5580"},{"taxonomy":"post_tag","embeddable":true,"href":"https:\/\/blog.cancaonova.com\/vocacional\/wp-json\/wp\/v2\/tags?post=5580"}],"curies":[{"name":"wp","href":"https:\/\/api.w.org\/{rel}","templated":true}]}}