{"id":5643,"date":"2009-06-03T06:25:19","date_gmt":"2009-06-03T03:25:19","guid":{"rendered":"http:\/\/blog.cancaonova.com\/vocacional\/?p=5643"},"modified":"2009-04-30T16:31:46","modified_gmt":"2009-04-30T13:31:46","slug":"30-dias-com-apostolo-paulo-3%c2%ba-dia","status":"publish","type":"post","link":"https:\/\/blog.cancaonova.com\/vocacional\/30-dias-com-apostolo-paulo-3%c2%ba-dia\/","title":{"rendered":"30 dias com o Apostolo Paulo-3\u00ba Dia"},"content":{"rendered":"<p style=\"text-align: center\"><a href=\"http:\/\/blog.cancaonova.com\/vocacional\/files\/2009\/04\/pauloapostolo1.jpeg\"><img loading=\"lazy\" decoding=\"async\" class=\"alignnone size-medium wp-image-5644\" src=\"http:\/\/blog.cancaonova.com\/vocacional\/files\/2009\/04\/pauloapostolo1.jpeg\" alt=\"\" width=\"156\" height=\"175\" \/><\/a><\/p>\n<p style=\"text-align: center\"><strong>Na Fraqueza se manifesta a for\u00e7a<\/strong><\/p>\n<p style=\"text-align: center\"><strong>&#8220;Mas ele me disse: Basta-te minha gra\u00e7a, porque \u00e9 na fraqueza que se revela totalmente a minha for\u00e7a. Portanto, prefiro gloriar-me das minhas fraquezas, para que habite em mim a for\u00e7a de Cristo. Eis por que sinto alegria nas fraquezas, nas afrontas, nas necessidades, nas persegui\u00e7\u00f5es, no profundo desgosto sofrido por amor de Cristo. Porque quando me sinto fraco, ent\u00e3o \u00e9 que sou forte&#8221;.(2Cor 12,9-10)<br \/>\n<\/strong><\/p>\n","protected":false},"excerpt":{"rendered":"<p>Na Fraqueza se manifesta a for\u00e7a &#8220;Mas ele me disse: Basta-te minha gra\u00e7a, porque \u00e9 na fraqueza que se revela totalmente a minha for\u00e7a. Portanto, prefiro gloriar-me das minhas fraquezas, para que habite em mim a for\u00e7a de Cristo. Eis&#8230;<\/p>\n","protected":false},"author":17,"featured_media":0,"comment_status":"open","ping_status":"open","sticky":false,"template":"","format":"standard","meta":{"_mi_skip_tracking":false,"_monsterinsights_sitenote_active":false,"_monsterinsights_sitenote_note":"","_monsterinsights_sitenote_category":0,"_joinchat":[],"footnotes":""},"categories":[],"tags":[],"_links":{"self":[{"href":"https:\/\/blog.cancaonova.com\/vocacional\/wp-json\/wp\/v2\/posts\/5643"}],"collection":[{"href":"https:\/\/blog.cancaonova.com\/vocacional\/wp-json\/wp\/v2\/posts"}],"about":[{"href":"https:\/\/blog.cancaonova.com\/vocacional\/wp-json\/wp\/v2\/types\/post"}],"author":[{"embeddable":true,"href":"https:\/\/blog.cancaonova.com\/vocacional\/wp-json\/wp\/v2\/users\/17"}],"replies":[{"embeddable":true,"href":"https:\/\/blog.cancaonova.com\/vocacional\/wp-json\/wp\/v2\/comments?post=5643"}],"version-history":[{"count":4,"href":"https:\/\/blog.cancaonova.com\/vocacional\/wp-json\/wp\/v2\/posts\/5643\/revisions"}],"predecessor-version":[{"id":5768,"href":"https:\/\/blog.cancaonova.com\/vocacional\/wp-json\/wp\/v2\/posts\/5643\/revisions\/5768"}],"wp:attachment":[{"href":"https:\/\/blog.cancaonova.com\/vocacional\/wp-json\/wp\/v2\/media?parent=5643"}],"wp:term":[{"taxonomy":"category","embeddable":true,"href":"https:\/\/blog.cancaonova.com\/vocacional\/wp-json\/wp\/v2\/categories?post=5643"},{"taxonomy":"post_tag","embeddable":true,"href":"https:\/\/blog.cancaonova.com\/vocacional\/wp-json\/wp\/v2\/tags?post=5643"}],"curies":[{"name":"wp","href":"https:\/\/api.w.org\/{rel}","templated":true}]}}