{"id":5904,"date":"2009-05-20T06:00:50","date_gmt":"2009-05-20T03:00:50","guid":{"rendered":"http:\/\/blog.cancaonova.com\/vocacional\/?p=5904"},"modified":"2009-05-05T19:34:16","modified_gmt":"2009-05-05T16:34:16","slug":"serie-dons-carismaticos-4","status":"publish","type":"post","link":"https:\/\/blog.cancaonova.com\/vocacional\/serie-dons-carismaticos-4\/","title":{"rendered":"S\u00e9rie-Dons Carism\u00e1ticos"},"content":{"rendered":"<p style=\"text-align: justify\"><a href=\"http:\/\/blog.cancaonova.com\/vocacional\/files\/2009\/05\/mao-no-coracao-rezando.jpg\"><img loading=\"lazy\" decoding=\"async\" class=\"alignnone size-thumbnail wp-image-5905\" src=\"http:\/\/blog.cancaonova.com\/vocacional\/files\/2009\/05\/mao-no-coracao-rezando-150x150.jpg\" alt=\"\" width=\"150\" height=\"150\" \/><\/a><\/p>\n<p style=\"text-align: justify\"><strong>Dom da Cura<\/strong><br \/>\nN\u00e3o somos n\u00f3s que curamos; \u00e9 Jesus. Cheio do Esp\u00edrito Santo, Jesus saiu por todas as partes curando. Da mesma forma, o Esp\u00edrito quer se manifestar em n\u00f3s &#8211; que somos membros do Corpo de Cristo; as m\u00e3os, os p\u00e9s do Corpo M\u00edstico de Cristo -, levando cura \u00e0queles que dela precisam. Geralmente pensamos que a cura seja uma coisa extraordin\u00e1ria.<\/p>\n<p style=\"text-align: justify\">N\u00e3o. Para o povo crist\u00e3o, a cura que vem por meio de Jesus \u00e9 algo normal, ordin\u00e1rio. O problema \u00e9 que a nossa f\u00e9 foi esfriando. Se o Senhor n\u00e3o tem feito curas, milagres, prod\u00edgios e sinais no meio do seu povo, \u00e9 porque o povo n\u00e3o tem acreditado.<\/p>\n<p style=\"text-align: justify\">De nada adianta o m\u00e9dico dar um bom rem\u00e9dio ao doente, se depois ele chega em casa e faz o contr\u00e1rio do que foi indicado: n\u00e3o pode beber e beber; n\u00e3o pode fumar e fumar; precisa deitar cedo e ficar at\u00e9 de madrugada fora de casa; n\u00e3o pode fazer esfor\u00e7o e sair por a\u00ed praticando esporte; n\u00e3o pode tomar sereno e n\u00e3o somente tomar sereno como at\u00e9 chuva, e se jogar na piscina&#8230; \u00c9 claro que assim n\u00e3o adianta nada o m\u00e9dico ter dado o rem\u00e9dio.<\/p>\n<p style=\"text-align: justify\">O mesmo ocorre com o Senhor: Ele est\u00e1 querendo curar seu povo, mas seu povo infelizmente \u00e9 rebelde; faz tudo contra Suas leis e mandamentos; e assim se perde pelos descaminhos da vida. A coisa mais importante para sermos curados pelo Senhor e conservados em plenitude de sa\u00fade \u00e9 andar nos seus caminhos.<\/p>\n<p style=\"text-align: justify\">Grande parte das nossas doen\u00e7as s\u00e3o chamadas psicossom\u00e1ticas; s\u00e3o conseq\u00fc\u00eancia de preocupa\u00e7\u00e3o, ansiedade, ang\u00fastia, ressentimento, rancor&#8230; Causam problemas de est\u00f4mago, ves\u00edcula, rim, coluna, dor de cabe\u00e7a, problemas respirat\u00f3rios, press\u00e3o alta, baixa&#8230; S\u00e3o conseq\u00fc\u00eancias de nossa vida desviada dos caminhos do Senhor.<\/p>\n<p style=\"text-align: justify\">O dom da cura e o dom da f\u00e9 est\u00e3o ligados. Porque acreditamos, oramos pelas pessoas, como Jesus mandou: &#8220;Em qualquer casa onde entrardes, dizei: Paz a esta casa. Se ali houver algum doente, orai por este doente. Recebestes de gra\u00e7a, de gra\u00e7a dai&#8221; (&#8230;). E o Senhor garante: &#8220;E a ora\u00e7\u00e3o da f\u00e9 salvar\u00e1 o enfermo. E o Senhor o levantar\u00e1&#8221;.<\/p>\n<p style=\"text-align: justify\">Jesus n\u00e3o apenas mandou fazer, mas deu o exemplo. Os ap\u00f3stolos viam Jesus fazendo constantemente isso. Quando Ele chegou \u00e0 casa de Pedro, viu que a sogra de Pedro estava doente, com uma febre alt\u00edssima. Jesus orou por ela, orou com expectativa, e a cura aconteceu. Era assim constantemente, e os ap\u00f3stolos aprenderam. Quando foram mandados dois a dois, ao voltarem contaram as maravilhas que o Senhor realizara.<\/p>\n<p style=\"text-align: justify\">Fa\u00e7a isso: comece a orar pelas pessoas, para que sejam curadas. N\u00e3o espere juntar uma plat\u00e9ia para come\u00e7ar. Comece em casa. Em geral, \u00e9 mais f\u00e1cil come\u00e7ar pelas crian\u00e7as. Crian\u00e7as s\u00e3o muito sens\u00edveis, n\u00e3o t\u00eam pecado, nem barreiras. A cura acontece muito facilmente nelas. Voc\u00ea vai crescer na f\u00e9, orando e vendo a cura se realizar; vai acreditar ao ver que o Senhor cura por meio de n\u00f3s. O Senhor quer que voc\u00ea acredite nisso. N\u00e3o \u00e9 voc\u00ea que vai curar, porque o pr\u00f3prio dom de curar vem do Esp\u00edrito Santo. \u00c9 o Esp\u00edrito que cura; n\u00f3s somos apenas seus instrumentos.<\/p>\n<p style=\"text-align: justify\">Ent\u00e3o, n\u00e3o tenha receio; comece orando por suas crian\u00e7as, em casa. Por que n\u00e3o rezar o marido pela mulher e a mulher pelo marido, para serem ambos curados? Dormem juntos; por que n\u00e3o rezar um pelo outro? N\u00e3o \u00e9 preciso se envergonhar. O casal deve rezar; e assim, o Senhor far\u00e1 maravilhas. Quando houver vizinhos doentes, v\u00e1 visit\u00e1-los. Quando as coisas s\u00e3o feitas com simplicidade, funcionam. Ore com simplicidade e expectativa.<\/p>\n<p style=\"text-align: justify\">Tudo se faz em ora\u00e7\u00e3o. \u00c8 a ora\u00e7\u00e3o que leva \u00e0 cura. Baseado em S. Paulo, D. Jo\u00e3o Evangelista Martins Terra explica que &#8220;cada cura \u00e9 um carisma especial&#8221;: Jesus, porque ama aquela pessoa, derrama o Seu Esp\u00edrito sobre ela, d\u00e1 um carisma especial, para que aquela pessoa seja curada.<\/p>\n<p style=\"text-align: justify\">Aja de acordo com sua f\u00e9. Ela ser\u00e1 sempre do tamanho de um gr\u00e3o de mostarda: mas, uma vez que Deus lhe deu a f\u00e9, aja de acordo com ela; v\u00e1 a Jesus, receba de Jesus o carisma e leve-o a quem dele precisa. Fa\u00e7a isso, e assegure \u00e0 pessoa que estiver doente que o Senhor quer cur\u00e1-la.<\/p>\n<p style=\"text-align: justify\">Quando acreditamos, o imposs\u00edvel acontece. N\u00e3o basta que eu acredite; estou pedindo a Deus que voc\u00ea acredite, que lhe seja concedida a certeza da f\u00e9, e que voc\u00ea aja de acordo com a f\u00e9, porque para Deus nada \u00e9 imposs\u00edvel. O Senhor quer hoje que n\u00f3s, por meio dos dons, dos carismas, sejamos os portadores da cura de Deus.<\/p>\n<p style=\"text-align: justify\">&#8220;Obrigado, Senhor nosso Deus! Muito obrigado por tudo o que o Senhor faz, por tudo que o Senhor realiza. Am\u00e9m!&#8221;<\/p>\n<p style=\"text-align: justify\">Pe. Jonas Abib<\/p>\n<p style=\"text-align: justify\">Fundador da Comunidade Can\u00e7\u00e3o Nova<\/p>\n<p style=\"text-align: justify\">\n","protected":false},"excerpt":{"rendered":"<p>Dom da Cura N\u00e3o somos n\u00f3s que curamos; \u00e9 Jesus. Cheio do Esp\u00edrito Santo, Jesus saiu por todas as partes curando. Da mesma forma, o Esp\u00edrito quer se manifestar em n\u00f3s &#8211; que somos membros do Corpo de Cristo; as&#8230;<\/p>\n","protected":false},"author":17,"featured_media":0,"comment_status":"open","ping_status":"open","sticky":false,"template":"","format":"standard","meta":{"_mi_skip_tracking":false,"_monsterinsights_sitenote_active":false,"_monsterinsights_sitenote_note":"","_monsterinsights_sitenote_category":0,"_joinchat":[],"footnotes":""},"categories":[67],"tags":[],"_links":{"self":[{"href":"https:\/\/blog.cancaonova.com\/vocacional\/wp-json\/wp\/v2\/posts\/5904"}],"collection":[{"href":"https:\/\/blog.cancaonova.com\/vocacional\/wp-json\/wp\/v2\/posts"}],"about":[{"href":"https:\/\/blog.cancaonova.com\/vocacional\/wp-json\/wp\/v2\/types\/post"}],"author":[{"embeddable":true,"href":"https:\/\/blog.cancaonova.com\/vocacional\/wp-json\/wp\/v2\/users\/17"}],"replies":[{"embeddable":true,"href":"https:\/\/blog.cancaonova.com\/vocacional\/wp-json\/wp\/v2\/comments?post=5904"}],"version-history":[{"count":1,"href":"https:\/\/blog.cancaonova.com\/vocacional\/wp-json\/wp\/v2\/posts\/5904\/revisions"}],"predecessor-version":[{"id":5906,"href":"https:\/\/blog.cancaonova.com\/vocacional\/wp-json\/wp\/v2\/posts\/5904\/revisions\/5906"}],"wp:attachment":[{"href":"https:\/\/blog.cancaonova.com\/vocacional\/wp-json\/wp\/v2\/media?parent=5904"}],"wp:term":[{"taxonomy":"category","embeddable":true,"href":"https:\/\/blog.cancaonova.com\/vocacional\/wp-json\/wp\/v2\/categories?post=5904"},{"taxonomy":"post_tag","embeddable":true,"href":"https:\/\/blog.cancaonova.com\/vocacional\/wp-json\/wp\/v2\/tags?post=5904"}],"curies":[{"name":"wp","href":"https:\/\/api.w.org\/{rel}","templated":true}]}}