{"id":5950,"date":"2009-05-15T07:47:32","date_gmt":"2009-05-15T04:47:32","guid":{"rendered":"http:\/\/blog.cancaonova.com\/vocacional\/?p=5950"},"modified":"2009-05-05T20:49:26","modified_gmt":"2009-05-05T17:49:26","slug":"serie-dons-de-santificacao-6","status":"publish","type":"post","link":"https:\/\/blog.cancaonova.com\/vocacional\/serie-dons-de-santificacao-6\/","title":{"rendered":"S\u00e9rie-Dons de Santifica\u00e7\u00e3o"},"content":{"rendered":"<p><strong>Dom do Entendimento<\/strong><\/p>\n<p style=\"text-align: justify\">O dom do entendimento, tamb\u00e9m chamado &#8220;dom da intelig\u00eancia&#8221; ou &#8220;dom do discernimento&#8221; (diferente do discernimento dos esp\u00edritos), nos d\u00e1 uma compreens\u00e3o profunda das verdades reveladas, sem contudo nos revelar o seu mist\u00e9rio. S\u00f3 teremos plena compreens\u00e3o do mist\u00e9rio quando estivermos face a face com Deus<\/p>\n<p style=\"text-align: justify\">Faz-nos ver o que \u00e9 divino sob a apar\u00eancia do que \u00e9 material. Por exemplo, crer em Jesus vivo e real nas esp\u00e9cies eucar\u00edsticas, o p\u00e3o e o vinho. \u00c9 bem conhecido o milagre de Lanciano ocorrido no s\u00e9culo VIII. Um sacerdote, ao consagrar o p\u00e3o e o vinho, teve uma d\u00favida de f\u00e9: ser\u00e1 que eles realmente se transubstanciariam no corpo e no sangue de Cristo? Ocorreu, ent\u00e3o, um milagre. O p\u00e3o transformou-se em carne e o vinho em sangue. At\u00e9 os nossos dias podem-se ver, em Lanciano, a carne e as gotas de sangue, sem deteriora\u00e7\u00e3o, o que \u00e9 uma confirma\u00e7\u00e3o de que Jesus est\u00e1 vivo e ressuscitado! Pelo dom do entendimento constata-se a gra\u00e7a de Deus nos sacramentos.<\/p>\n<p style=\"text-align: justify\">Torna-se claro que no vis\u00edvel oculta-se o invis\u00edvel. No carpinteiro de Nazar\u00e9, reconhecer Deus Salvador. Esse dom nos faz ver nos irm\u00e3os a pessoa de Jesus Cristo. Paulo se chamava ap\u00f3stolo abortivo, porque se considerava o menor dos ap\u00f3stolos e nem se achava digno de ser chamado ap\u00f3stolo (I Cor 15,8-9). S\u00e3o Francisco queria que os irm\u00e3os o pisoteassem. Santa Teresa se achava extremamente pecadora.<\/p>\n<p style=\"text-align: justify\">Finalmente, atrav\u00e9s desse dom, passamos a nos conhecer profundamente e a reconhecer a profundidade de nossa mis\u00e9ria.<\/p>\n<p style=\"text-align: justify\">Deus aben\u00e7oe seu dia!<\/p>\n<p style=\"text-align: justify\">\n<p style=\"text-align: justify\">\n","protected":false},"excerpt":{"rendered":"<p>Dom do Entendimento O dom do entendimento, tamb\u00e9m chamado &#8220;dom da intelig\u00eancia&#8221; ou &#8220;dom do discernimento&#8221; (diferente do discernimento dos esp\u00edritos), nos d\u00e1 uma compreens\u00e3o profunda das verdades reveladas, sem contudo nos revelar o seu mist\u00e9rio. S\u00f3 teremos plena compreens\u00e3o&#8230;<\/p>\n","protected":false},"author":17,"featured_media":0,"comment_status":"open","ping_status":"open","sticky":false,"template":"","format":"standard","meta":{"_mi_skip_tracking":false,"_monsterinsights_sitenote_active":false,"_monsterinsights_sitenote_note":"","_monsterinsights_sitenote_category":0,"_joinchat":[],"footnotes":""},"categories":[67],"tags":[],"_links":{"self":[{"href":"https:\/\/blog.cancaonova.com\/vocacional\/wp-json\/wp\/v2\/posts\/5950"}],"collection":[{"href":"https:\/\/blog.cancaonova.com\/vocacional\/wp-json\/wp\/v2\/posts"}],"about":[{"href":"https:\/\/blog.cancaonova.com\/vocacional\/wp-json\/wp\/v2\/types\/post"}],"author":[{"embeddable":true,"href":"https:\/\/blog.cancaonova.com\/vocacional\/wp-json\/wp\/v2\/users\/17"}],"replies":[{"embeddable":true,"href":"https:\/\/blog.cancaonova.com\/vocacional\/wp-json\/wp\/v2\/comments?post=5950"}],"version-history":[{"count":1,"href":"https:\/\/blog.cancaonova.com\/vocacional\/wp-json\/wp\/v2\/posts\/5950\/revisions"}],"predecessor-version":[{"id":5951,"href":"https:\/\/blog.cancaonova.com\/vocacional\/wp-json\/wp\/v2\/posts\/5950\/revisions\/5951"}],"wp:attachment":[{"href":"https:\/\/blog.cancaonova.com\/vocacional\/wp-json\/wp\/v2\/media?parent=5950"}],"wp:term":[{"taxonomy":"category","embeddable":true,"href":"https:\/\/blog.cancaonova.com\/vocacional\/wp-json\/wp\/v2\/categories?post=5950"},{"taxonomy":"post_tag","embeddable":true,"href":"https:\/\/blog.cancaonova.com\/vocacional\/wp-json\/wp\/v2\/tags?post=5950"}],"curies":[{"name":"wp","href":"https:\/\/api.w.org\/{rel}","templated":true}]}}