{"id":7022,"date":"2010-05-15T08:03:59","date_gmt":"2010-05-15T05:03:59","guid":{"rendered":"http:\/\/blog.cancaonova.com\/vocacional\/?p=7022"},"modified":"2010-04-30T16:21:13","modified_gmt":"2010-04-30T13:21:13","slug":"passos-para-a-conversao","status":"publish","type":"post","link":"https:\/\/blog.cancaonova.com\/vocacional\/passos-para-a-conversao\/","title":{"rendered":"Passos para a convers\u00e3o"},"content":{"rendered":"<p style=\"text-align: justify;\"><a href=\"http:\/\/blog.cancaonova.com\/vocacional\/files\/2010\/04\/ricardoelilica.jpg\"><img loading=\"lazy\" decoding=\"async\" class=\"size-medium wp-image-7023 alignleft\" title=\"ricardoelilica\" src=\"http:\/\/blog.cancaonova.com\/vocacional\/files\/2010\/04\/ricardoelilica.jpg\" alt=\"\" width=\"240\" height=\"180\" \/><\/a><\/p>\n<p style=\"text-align: justify;\">Com S\u00e3o Jos\u00e9, queremos aprender e nos deixar transformar pelo Senhor. Esses dias, eu fiquei meditando sobre a gra\u00e7a da convers\u00e3o, que nos \u00e9 dada . Hoje, eu vou falar sobre sete passos para a convers\u00e3o:<\/p>\n<p style=\"text-align: justify;\">1 &#8211; Onde acontece a minha convers\u00e3o? Onde eu estou.<\/p>\n<p style=\"text-align: justify;\">Aconteceu aquele problema, aquela surpresa, mas Deus estava e sempre estar\u00e1 com voc\u00ea em todos os momentos. O lugar da sua convers\u00e3o \u00e9 o lugar onde voc\u00ea est\u00e1 agora, porque a seu lado est\u00e1 o Senhor. N\u00e3o importa o problema e a dificuldade pela qual voc\u00ea est\u00e1 passando com algumas pessoas. Nada disso pode atrapalhar a sua convers\u00e3o. Esta se d\u00e1 onde voc\u00ea est\u00e1, a\u00ed neste lugar, neste problema, nesta situa\u00e7\u00e3o. N\u00e3o queria resolver situa\u00e7\u00f5es pendentes, para s\u00f3 depois buscar se converter. Quem pensa assim, sempre arruma uma desculpa para deixar a sua convers\u00e3o para depois.<\/p>\n<p style=\"text-align: justify;\">N\u00e3o queira fugir da sua realidade, pois \u00e9 nela que Deus quer realizar uma obra em sua vida. O Senhor est\u00e1 na situa\u00e7\u00e3o em que voc\u00ea se encontra. Ele est\u00e1 na sua realidade. N\u00e3o despreze nada que possa ajud\u00e1-lo a se converter, nem a dor, nem pessoas, nem situa\u00e7\u00f5es. Aproveite de tudo isso, pois n\u00e3o existe nada que n\u00e3o possa ser utilizado por Deus para sua convers\u00e3o. Dessa forma, por causa dela [convers\u00e3o], n\u00e3o fixe os olhos nas pessoas e nas situa\u00e7\u00f5es. Para o seu bem, para que ela ocorra, n\u00e3o se fixe nas pessoas. N\u00e3o olhe para elas, olhe &#8220;atrav\u00e9s&#8221; delas. Pois a meta \u00e9 a convers\u00e3o!<\/p>\n<p style=\"text-align: justify;\">N\u00e3o pergunte onde Deus est\u00e1. Acredite e proclame que o Senhor est\u00e1 com voc\u00ea!<\/p>\n<p style=\"text-align: justify;\">2 &#8211; Nossa convers\u00e3o \u00e9 a a\u00e7\u00e3o do Esp\u00edrito Santo em n\u00f3s.<\/p>\n<p style=\"text-align: justify;\">O que devemos fazer \u00e9 tornar nosso cora\u00e7\u00e3o sens\u00edvel \u00e0s mo\u00e7\u00f5es do Esp\u00edrito. A miss\u00e3o d&#8217;Ele \u00e9 nos santificar, mas n\u00f3s temos o cora\u00e7\u00e3o fechado para escut\u00e1-las [mo\u00e7\u00f5es d&#8217;Ele]. Por isso, precisamos abrir o cora\u00e7\u00e3o aos apelos d&#8217;Ele. \u00c9 preciso ser obediente ao que Ele nos fala. \u00c9 necess\u00e1rio entrar na &#8220;escola da sensibilidade e da obedi\u00eancia&#8221;.<\/p>\n<p style=\"text-align: justify;\">3 &#8211; Aceite que um caminho de transforma\u00e7\u00e3o \u00e9 uma &#8220;porta estreita&#8221;.<\/p>\n<p style=\"text-align: justify;\">&#8220;Entrai pela porta estreita, porque larga \u00e9 a porta e espa\u00e7oso o caminho que conduzem \u00e0 perdi\u00e7\u00e3o e numerosos s\u00e3o os que por a\u00ed entram. Estreita, por\u00e9m, \u00e9 a porta e apertado o caminho da vida e raros s\u00e3o os que o encontram&#8221; (Mt 7, 13-14).<\/p>\n<p style=\"text-align: justify;\">O mundo oferece caminhos e portas largas e tem feito a sociedade se acostumar com isso. Contudo, voc\u00ea precisa passar pela &#8220;porta estreita&#8221;, ela \u00e9 o caminho que nos conduz \u00e0 santidade. \u00c9 necess\u00e1rio perceber &#8220;quem&#8221; ou &#8220;o que&#8221; \u00e9 a &#8220;porta estreita da sua vida&#8221;, que faz com que voc\u00ea seja mais misericordioso, mais paciente, mais corajoso, entre outros. Mas muitos de n\u00f3s queremos nos ver livres desse &#8220;caminho apertado&#8221; e dessa &#8220;porta estreita&#8221;. Jesus diz que poucos a encontrar\u00e3o. E voc\u00ea? J\u00e1 conheceu a sua?<\/p>\n<p style=\"text-align: justify;\">4 &#8211; Quero realmente me converter? Quero realmente mudar de vida?<\/p>\n<p style=\"text-align: justify;\">\u00c9 preciso ter humildade para escutar o que pensam e o que falam de n\u00f3s. Ent\u00e3o, escute o que as pessoas t\u00eam a dizer sobre voc\u00ea e, diante de Nosso Senhor, pergunte: &#8220;O que h\u00e1 de verdade disso que est\u00e3o dizendo sobre mim?&#8221; Pois, todos somos como um ba\u00fa, que tem coisas boas e coisas ruins.<\/p>\n<p style=\"text-align: justify;\">Quantas vezes, eu ouvi tantas coisas e voltei para casa chorando e, gra\u00e7as a Deus, chorei no colo da Eliana, minha esposa. Pessoas que me disseram, aqui, no p\u00e9 da escada, que eu era autossuficiente, arrogante, etc. O que voc\u00ea escuta e o tira do s\u00e9rio \u00e9 porque talvez possua um pouco de verdade. \u00c9 tempo de mudan\u00e7a, e se voc\u00ea quiser mudar realmente, este \u00e9 o tempo prop\u00edcio. Nosso Senhor espera de n\u00f3s uma verdadeira convers\u00e3o!<\/p>\n<p style=\"text-align: justify;\">5 &#8211; Convers\u00e3o \u00e9 uma escolha que eu fa\u00e7o!<\/p>\n<p style=\"text-align: justify;\">A sua convers\u00e3o n\u00e3o \u00e9 uma escolha de ningu\u00e9m. \u00c9 uma escolha muito pessoal. \u00c9 voc\u00ea que quer mudar, que quer ser melhor, que quer ser de Deus. Portanto, a escolha \u00e9 sua!<\/p>\n<p style=\"text-align: justify;\">6 &#8211; O tempo da convers\u00e3o \u00e9 agora.<\/p>\n<p style=\"text-align: justify;\">Nosso Senhor nos d\u00e1 um tempo para a nossa convers\u00e3o, e este tempo \u00e9 agora. Neste momento, neste lugar. A\u00ed onde voc\u00ea est\u00e1, n\u00e3o existe outro lugar. Isso fundamenta o que eu lhe disse no come\u00e7o da prega\u00e7\u00e3o: valer-se de tudo para a convers\u00e3o.<\/p>\n<p style=\"text-align: justify;\">7 &#8211; Converter-se pela ora\u00e7\u00e3o. Retirar-se com Jesus.<\/p>\n<p style=\"text-align: justify;\">Retire os olhos das pessoas, dos fatos. Voc\u00ea e eu precisamos aprender a ir mais para o &#8220;deserto&#8221; a fim de sermos transformados e aben\u00e7oados. E assim nos converter com a ora\u00e7\u00e3o e a medita\u00e7\u00e3o da Palavra de Deus.<\/p>\n<p style=\"text-align: justify;\">Passe para outras pessoas esses sete passos. \u00c9 tempo de convers\u00e3o. Quem se converte, aproxima-se cada vez mais de Nosso Senhor Jesus Cristo. \u00c9 preciso oferecer ao seu cora\u00e7\u00e3o o que mais ele deseja e necessita: Nosso Senhor.<\/p>\n<p style=\"text-align: justify;\">(Artigo extra\u00eddo da prega\u00e7\u00e3o de mar\u00e7o de 2007)<\/p>\n<p style=\"text-align: justify;\">Ricardo S\u00e1<\/p>\n<p style=\"text-align: justify;\">\n","protected":false},"excerpt":{"rendered":"<p>Com S\u00e3o Jos\u00e9, queremos aprender e nos deixar transformar pelo Senhor. Esses dias, eu fiquei meditando sobre a gra\u00e7a da convers\u00e3o, que nos \u00e9 dada . Hoje, eu vou falar sobre sete passos para a convers\u00e3o: 1 &#8211; Onde acontece&#8230;<\/p>\n","protected":false},"author":17,"featured_media":0,"comment_status":"open","ping_status":"open","sticky":false,"template":"","format":"standard","meta":{"_mi_skip_tracking":false,"_monsterinsights_sitenote_active":false,"_monsterinsights_sitenote_note":"","_monsterinsights_sitenote_category":0,"_joinchat":[],"footnotes":""},"categories":[67],"tags":[],"_links":{"self":[{"href":"https:\/\/blog.cancaonova.com\/vocacional\/wp-json\/wp\/v2\/posts\/7022"}],"collection":[{"href":"https:\/\/blog.cancaonova.com\/vocacional\/wp-json\/wp\/v2\/posts"}],"about":[{"href":"https:\/\/blog.cancaonova.com\/vocacional\/wp-json\/wp\/v2\/types\/post"}],"author":[{"embeddable":true,"href":"https:\/\/blog.cancaonova.com\/vocacional\/wp-json\/wp\/v2\/users\/17"}],"replies":[{"embeddable":true,"href":"https:\/\/blog.cancaonova.com\/vocacional\/wp-json\/wp\/v2\/comments?post=7022"}],"version-history":[{"count":2,"href":"https:\/\/blog.cancaonova.com\/vocacional\/wp-json\/wp\/v2\/posts\/7022\/revisions"}],"predecessor-version":[{"id":7032,"href":"https:\/\/blog.cancaonova.com\/vocacional\/wp-json\/wp\/v2\/posts\/7022\/revisions\/7032"}],"wp:attachment":[{"href":"https:\/\/blog.cancaonova.com\/vocacional\/wp-json\/wp\/v2\/media?parent=7022"}],"wp:term":[{"taxonomy":"category","embeddable":true,"href":"https:\/\/blog.cancaonova.com\/vocacional\/wp-json\/wp\/v2\/categories?post=7022"},{"taxonomy":"post_tag","embeddable":true,"href":"https:\/\/blog.cancaonova.com\/vocacional\/wp-json\/wp\/v2\/tags?post=7022"}],"curies":[{"name":"wp","href":"https:\/\/api.w.org\/{rel}","templated":true}]}}